{"id":661456,"date":"2026-01-13T21:14:10","date_gmt":"2026-01-13T21:14:10","guid":{"rendered":"https:\/\/www.europesays.com\/fr\/661456\/"},"modified":"2026-01-13T21:14:10","modified_gmt":"2026-01-13T21:14:10","slug":"voici-les-7-couleurs-que-les-designers-vous-recommandent-dadopter-des-maintenant-pour-rafraichir-votre-maison-en-2026","status":"publish","type":"post","link":"https:\/\/www.europesays.com\/fr\/661456\/","title":{"rendered":"Voici les 7 couleurs que les designers vous recommandent d&rsquo;adopter d\u00e8s maintenant pour rafra\u00eechir votre maison en 2026"},"content":{"rendered":"<p>Une fois les d\u00e9corations de f\u00eate rang\u00e9es, beaucoup trouvent leur<br \/>\nint\u00e9rieur un peu lourd, satur\u00e9 de rouges profonds, de bruns sombres<br \/>\net de m\u00e9tallis\u00e9s. Les grandes marques de peinture qui d\u00e9voilent<br \/>\nleurs collections 2026 misent au contraire sur des palettes plus<br \/>\ndouces, min\u00e9rales, qui all\u00e8gent visuellement les pi\u00e8ces sans les<br \/>\nrendre froides. L\u2019id\u00e9e n\u2019est plus de tout repeindre en blanc, mais<br \/>\nde choisir quelques teintes bien cibl\u00e9es.<\/p>\n<p>Du salon \u00e0 la chambre, les designers parlent d\u2019int\u00e9rieurs \u00ab\u00a0fresh<br \/>\nbut soft\u00a0\u00bb : frais, mais feutr\u00e9s. \u00ab\u00a0Actuellement, les palettes beiges<br \/>\net plus chaudes sont tendances. Le gris est un peu d\u00e9pass\u00e9 et<br \/>\npara\u00eet froid. Je pense que les gens ont envie d\u00a0\u00bbint\u00e9rieurs<br \/>\nchaleureux et accueillants, et des couleurs plus chaudes comme les<br \/>\nrouges, les jaunes et les beiges y contribueront\u00a0\u00bb, observe Rosanna<br \/>\nBassford, cit\u00e9e par Le Journal de la Maison. Reste \u00e0 identifier les<br \/>\n7 couleurs gagnantes pour 2026.<\/p>\n<p>Des couleurs 2026 plus douces pour une maison vraiment<br \/>\nfra\u00eeche<\/p>\n<p>Une couleur \u00ab\u00a0fra\u00eeche\u00a0\u00bb en 2026 ne veut pas dire criarde. Les<br \/>\ndesigners pl\u00e9biscitent d\u2019abord le <strong>vert min\u00e9ral<\/strong>,<br \/>\nl\u00e9g\u00e8rement gris\u00e9. \u00ab\u00a0Pour 2026, un vert min\u00e9ral doux avec un sous-ton<br \/>\ngris apporte une sensation imm\u00e9diate de fra\u00eecheur apr\u00e8s des mois de<br \/>\nrouges, de bruns et de m\u00e9tallis\u00e9s de f\u00eates\u00a0\u00bb, explique Lauren Saab,<br \/>\ncit\u00e9e par Homes &amp; Gardens. \u00ab\u00a0Cette couleur est parfaite pour<br \/>\nrefl\u00e9ter la lumi\u00e8re naturelle et apporte une \u00e9nergie constante et<br \/>\nr\u00e9guli\u00e8re dans une pi\u00e8ce sans \u00eatre froide ou d\u00e9lav\u00e9e\u00a0\u00bb. Bois clair,<br \/>\nlin et pierre claire le mettent particuli\u00e8rement en valeur.<\/p>\n<p>Autre star de l\u2019ann\u00e9e, le <strong>rose poussi\u00e9reux<\/strong>,<br \/>\nloin du rose bonbon. \u00ab\u00a0Pas le rose sucr\u00e9 de petite fille auquel nous<br \/>\npensons tous pour les chambres de b\u00e9b\u00e9, mais le rose plus profond<br \/>\net plus trouble que vous voyez sur les murs des maisons de campagne<br \/>\nanglaises, ou le rose sophistiqu\u00e9 que l&rsquo;on voit sur ce papier peint<br \/>\nGucci\u00a0\u00bb, d\u00e9crit Lauren Conner, cit\u00e9e par Homes &amp; Gardens.<br \/>\nAssoci\u00e9 \u00e0 un <strong>lilas doux<\/strong>, il donne des chambres,<br \/>\nsalons ou bureaux \u00e0 la fois apaisants et tr\u00e8s actuels, surtout avec<br \/>\ndes blancs cr\u00e8me et des bois naturels.<\/p>\n<p>7 couleurs pour rafra\u00eechir chaque pi\u00e8ce de la maison en<br \/>\n2026<\/p>\n<p>Aux c\u00f4t\u00e9s de ces roses et mauves att\u00e9nu\u00e9s, le <strong>bleu<br \/>\nciel<\/strong> revient en force. \u00ab\u00a0Pour 2026, je recommande un bleu<br \/>\nciel frais, du type que vous voyez dans la nature chaque jour :<br \/>\nciel bleu clair, eau c\u00f4ti\u00e8re, lumi\u00e8re d&rsquo;hiver\u00a0\u00bb, explique Stephanie<br \/>\nKraus, cit\u00e9e par Homes &amp; Gardens. \u00ab\u00a0Apr\u00e8s une saison de teintes<br \/>\nde f\u00eates riches, il remet instantan\u00e9ment une maison \u00e0 z\u00e9ro et fait<br \/>\nque tout para\u00eet plus propre, plus frais et plus respirable\u00a0\u00bb. Dans<br \/>\nune cuisine, une entr\u00e9e sombre ou une petite salle de bain, il<br \/>\ndonne l\u2019impression d\u2019ouvrir une fen\u00eatre.<\/p>\n<p>Pour ceux qui aiment les ambiances plus profondes, le<br \/>\n<strong>teal<\/strong> et les bleu-verts fum\u00e9s inspir\u00e9s des jades<br \/>\nrestent tr\u00e8s pr\u00e9sents, surtout en mur d\u2019accent dans un salon ou<br \/>\nautour d\u2019une table de repas. Ils se marient bien avec les bruns<br \/>\nchauds et le laiton. En toile de fond, les designers misent sur un<br \/>\n<strong>beige chaud<\/strong> plut\u00f4t que sur le blanc glac\u00e9 : dans<br \/>\nun grand s\u00e9jour, un beige proche du kaki clair unifie l\u2019espace tout<br \/>\nen restant lumineux. Un <strong>gris bleut\u00e9<\/strong> doux, utilis\u00e9<br \/>\nsur les boiseries ou un pan de mur, apporte lui aussi cette<br \/>\nfra\u00eecheur discr\u00e8te que beaucoup recherchent apr\u00e8s les ann\u00e9es de<br \/>\ngris froid.<\/p>\n<p>Comment choisir et tester ces nouvelles<br \/>\ncouleurs fra\u00eeches en 2026<\/p>\n<p>Derri\u00e8re ces teintes, la m\u00e9thode compte autant que la mode. \u00ab\u00a0La<br \/>\ncouleur de peinture comporte de nombreux facteurs qui d\u00e9terminent<br \/>\nsa capacit\u00e9 \u00e0 \u00eatre agr\u00e9able dans une pi\u00e8ce\u00a0\u00bb, explique la designer<br \/>\net experte coloriste Susan M. Jamieson, cit\u00e9e par Le Journal de la<br \/>\nMaison. \u00ab\u00a0Les sous-tons, la saturation et la temp\u00e9rature d&rsquo;une<br \/>\nteinte peuvent compl\u00e8tement changer son apparence et son impact<br \/>\n\u00e9motionnel\u00a0\u00bb. Les pros recommandent donc de peindre de petits aplats<br \/>\nsur plusieurs murs et de les observer matin, midi et soir avant de<br \/>\ntrancher.<\/p>\n<p>Pour une maison plus fra\u00eeche sans gros travaux, l\u2019id\u00e9e est<br \/>\nd\u2019introduire ces 7 couleurs par touches : un mur vert min\u00e9ral<br \/>\nderri\u00e8re le canap\u00e9, des coussins bleu ciel sur un canap\u00e9 beige<br \/>\nchaud, un plaid rose poussi\u00e9reux au bout du lit, quelques<br \/>\naccessoires teal dans la cuisine, une t\u00eate de lit lilas. En gardant<br \/>\nune dominante neutre et deux accentuations color\u00e9es, votre<br \/>\nint\u00e9rieur bascule doucement dans 2026 tout en restant facile \u00e0<br \/>\nvivre au quotidien.<\/p>\n","protected":false},"excerpt":{"rendered":"Une fois les d\u00e9corations de f\u00eate rang\u00e9es, beaucoup trouvent leur int\u00e9rieur un peu lourd, satur\u00e9 de rouges profonds,&hellip;\n","protected":false},"author":2,"featured_media":661457,"comment_status":"","ping_status":"","sticky":false,"template":"","format":"standard","meta":{"footnotes":""},"categories":[1358],"tags":[5734,3691,1348,1384,1385,18493,76277,154,1386,58358,58,3026,59,1011,27,151,43926,2142,471,746,35419,76276,6013,15161,4568],"class_list":{"0":"post-661456","1":"post","2":"type-post","3":"status-publish","4":"format-standard","5":"has-post-thumbnail","7":"category-arts-et-design","8":"tag-5734","9":"tag-3691","10":"tag-arts","11":"tag-arts-and-design","12":"tag-arts-et-design","13":"tag-couleurs","14":"tag-dadopter","15":"tag-des","16":"tag-design","17":"tag-designers","18":"tag-divertissement","19":"tag-en","20":"tag-entertainment","21":"tag-fr","22":"tag-france","23":"tag-les","24":"tag-maintenant","25":"tag-maison","26":"tag-pour","27":"tag-que","28":"tag-rafraichir","29":"tag-recommandent","30":"tag-voici","31":"tag-votre","32":"tag-vous"},"share_on_mastodon":{"url":"https:\/\/pubeurope.com\/@fr\/115889862279470318","error":""},"_links":{"self":[{"href":"https:\/\/www.europesays.com\/fr\/wp-json\/wp\/v2\/posts\/661456","targetHints":{"allow":["GET"]}}],"collection":[{"href":"https:\/\/www.europesays.com\/fr\/wp-json\/wp\/v2\/posts"}],"about":[{"href":"https:\/\/www.europesays.com\/fr\/wp-json\/wp\/v2\/types\/post"}],"author":[{"embeddable":true,"href":"https:\/\/www.europesays.com\/fr\/wp-json\/wp\/v2\/users\/2"}],"replies":[{"embeddable":true,"href":"https:\/\/www.europesays.com\/fr\/wp-json\/wp\/v2\/comments?post=661456"}],"version-history":[{"count":0,"href":"https:\/\/www.europesays.com\/fr\/wp-json\/wp\/v2\/posts\/661456\/revisions"}],"wp:featuredmedia":[{"embeddable":true,"href":"https:\/\/www.europesays.com\/fr\/wp-json\/wp\/v2\/media\/661457"}],"wp:attachment":[{"href":"https:\/\/www.europesays.com\/fr\/wp-json\/wp\/v2\/media?parent=661456"}],"wp:term":[{"taxonomy":"category","embeddable":true,"href":"https:\/\/www.europesays.com\/fr\/wp-json\/wp\/v2\/categories?post=661456"},{"taxonomy":"post_tag","embeddable":true,"href":"https:\/\/www.europesays.com\/fr\/wp-json\/wp\/v2\/tags?post=661456"}],"curies":[{"name":"wp","href":"https:\/\/api.w.org\/{rel}","templated":true}]}}