{"id":661458,"date":"2026-01-13T21:16:13","date_gmt":"2026-01-13T21:16:13","guid":{"rendered":"https:\/\/www.europesays.com\/fr\/661458\/"},"modified":"2026-01-13T21:16:13","modified_gmt":"2026-01-13T21:16:13","slug":"la-bataille-la-malediction-de-lile-saison-01-episode-43-du-13-janvier-2026-la-bataille-la-malediction-de-lile","status":"publish","type":"post","link":"https:\/\/www.europesays.com\/fr\/661458\/","title":{"rendered":"La Bataille : La Mal\u00e9diction de L&rsquo;\u00eele &#8211; Saison 01 Episode 43 du 13 janvier 2026 &#8211; La Bataille : La Mal\u00e9diction de L&rsquo;\u00eele"},"content":{"rendered":"<p class=\"default-2\">C&rsquo;est maintenant \u00e0 Gary et Fr\u00e9d\u00e9rique de se rendre sous l&rsquo;arche maudit. C&rsquo;est \u00e0 leur tour de jouer pour gagner un avantage pour la prochaine \u00e9preuve. Seront-ils assez g\u00e9n\u00e9reux pour remporter cet avantage ? Ma\u00efssane et M\u00e9lanie ORL ne veulent pas aussi passer \u00e0 c\u00f4t\u00e9 de cet avantage et comptent bien vider leur cantini\u00e8re pour gagner ! Les 3 duos en demi-finale rejoignent l&rsquo;ar\u00e8ne maudite pour l&rsquo;\u00e9preuve des palais maudits ! La victoire sur cette \u00e9preuve assurera une place \u00e0 la table du pouvoir au c\u00f4t\u00e9 de Constance et C\u00e9lia, mais le dernier duo sera nomm\u00e9 pour la prochaine c\u00e9r\u00e9monie. Alors qui sera le duo nomm\u00e9 ? La Bataille :  La Mal\u00e9diction de L&rsquo;\u00eele &#8211; Saison 01 Episode 43 du 13 janvier 2026<\/p>\n<p>T\u00e9l\u00e9r\u00e9alit\u00e9, Aventure43m<\/p>\n<p>Publi\u00e9 le 13 janv. 2026 \u00e0 20:07<\/p>\n","protected":false},"excerpt":{"rendered":"C&rsquo;est maintenant \u00e0 Gary et Fr\u00e9d\u00e9rique de se rendre sous l&rsquo;arche maudit. C&rsquo;est \u00e0 leur tour de jouer&hellip;\n","protected":false},"author":2,"featured_media":661459,"comment_status":"","ping_status":"","sticky":false,"template":"","format":"standard","meta":{"footnotes":""},"categories":[1356],"tags":[58,59,1365,64104,64105,43632,1011,27,64102,64106,64107,64114,64118,64103,64115,64119,64111,64110,64116,64117,64112,64113,252,1364,64108,64109],"class_list":{"0":"post-661458","1":"post","2":"type-post","3":"status-publish","4":"format-standard","5":"has-post-thumbnail","7":"category-television","8":"tag-divertissement","9":"tag-entertainment","10":"tag-episode","11":"tag-episode-la-bataille-la-malediction-de-lile","12":"tag-episode-la-bataille-la-malediction-de-lile-tfx","13":"tag-episode-tfx","14":"tag-fr","15":"tag-france","16":"tag-la-bataille-la-malediction-de-lile","17":"tag-la-bataille-la-malediction-de-lile-episode","18":"tag-la-bataille-la-malediction-de-lile-episode-tfx","19":"tag-la-bataille-la-malediction-de-lile-streaming","20":"tag-la-bataille-la-malediction-de-lile-streaming-gratuit","21":"tag-la-bataille-la-malediction-de-lile-tfx","22":"tag-la-bataille-la-malediction-de-lile-tfx-streaming","23":"tag-la-bataille-la-malediction-de-lile-tfx-streaming-gratuit","24":"tag-la-bataille-la-malediction-de-lile-tfx-video","25":"tag-la-bataille-la-malediction-de-lile-video","26":"tag-streaming-gratuit-la-bataille-la-malediction-de-lile","27":"tag-streaming-gratuit-la-bataille-la-malediction-de-lile-tfx","28":"tag-streaming-la-bataille-la-malediction-de-lile","29":"tag-streaming-la-bataille-la-malediction-de-lile-tfx","30":"tag-television","31":"tag-tv","32":"tag-video-la-bataille-la-malediction-de-lile","33":"tag-video-la-bataille-la-malediction-de-lile-tfx"},"share_on_mastodon":{"url":"","error":"Validation failed: Text character limit of 500 exceeded"},"_links":{"self":[{"href":"https:\/\/www.europesays.com\/fr\/wp-json\/wp\/v2\/posts\/661458","targetHints":{"allow":["GET"]}}],"collection":[{"href":"https:\/\/www.europesays.com\/fr\/wp-json\/wp\/v2\/posts"}],"about":[{"href":"https:\/\/www.europesays.com\/fr\/wp-json\/wp\/v2\/types\/post"}],"author":[{"embeddable":true,"href":"https:\/\/www.europesays.com\/fr\/wp-json\/wp\/v2\/users\/2"}],"replies":[{"embeddable":true,"href":"https:\/\/www.europesays.com\/fr\/wp-json\/wp\/v2\/comments?post=661458"}],"version-history":[{"count":0,"href":"https:\/\/www.europesays.com\/fr\/wp-json\/wp\/v2\/posts\/661458\/revisions"}],"wp:featuredmedia":[{"embeddable":true,"href":"https:\/\/www.europesays.com\/fr\/wp-json\/wp\/v2\/media\/661459"}],"wp:attachment":[{"href":"https:\/\/www.europesays.com\/fr\/wp-json\/wp\/v2\/media?parent=661458"}],"wp:term":[{"taxonomy":"category","embeddable":true,"href":"https:\/\/www.europesays.com\/fr\/wp-json\/wp\/v2\/categories?post=661458"},{"taxonomy":"post_tag","embeddable":true,"href":"https:\/\/www.europesays.com\/fr\/wp-json\/wp\/v2\/tags?post=661458"}],"curies":[{"name":"wp","href":"https:\/\/api.w.org\/{rel}","templated":true}]}}