{"id":661460,"date":"2026-01-13T21:17:11","date_gmt":"2026-01-13T21:17:11","guid":{"rendered":"https:\/\/www.europesays.com\/fr\/661460\/"},"modified":"2026-01-13T21:17:11","modified_gmt":"2026-01-13T21:17:11","slug":"dates-prix-preventes-tout-savoir-sur-la-tournee-mondiale-du-phenomene-k-pop-au-stade-de-france","status":"publish","type":"post","link":"https:\/\/www.europesays.com\/fr\/661460\/","title":{"rendered":"dates, prix, pr\u00e9ventes\u2026 tout savoir sur la tourn\u00e9e mondiale du ph\u00e9nom\u00e8ne K-pop au Stade de France"},"content":{"rendered":"<p>\t\t\t\t\t\t\t\t\t\t\t\t\t\t\t\t\t\t\t\t\t\t<img loading=\"lazy\" decoding=\"async\" src=\"https:\/\/www.europesays.com\/fr\/wp-content\/uploads\/2026\/01\/Montage-photo-article-PARIS-SECRET-OFFICIEL-1620-x-1080-px-2026-01-13T171525.742-1024x683.jpg\" class=\"img-fluid\" alt=\"Photo by Cindy Ord\/WireImage\" width=\"1024\" height=\"683\"\/><br \/>\n\t\t\t\t\t\t\t\t\t\t\t\t\t\t\t\t\t\t\t\t\t\t BTS concert Paris Photo by Cindy Ord\/WireImage<\/p>\n<p>    Save<\/p>\n<p>C\u2019est la nouvelle qui donnera forc\u00e9ment le sourire \u00e0 tous les fans de <strong>K-pop<\/strong>. Le groupe BTS fera son grand retour sur sc\u00e8ne avec une s\u00e9rie de dates annonc\u00e9es. Et bien s\u00fbr, Paris ne sera pas oubli\u00e9e puisque le <strong>boys band<\/strong> y posera ses valises les <strong>17 et 18 juillet prochains au Stade de France<\/strong>, sept ans apr\u00e8s ses derniers concerts. RM, Jin, Suga, J-Hope, Jimin, V et Jung Kook y mettront le feu pendant deux soirs. Voici toutes les infos essentielles \u00e0 conna\u00eetre.<\/p>\n<p> O\u00f9 se d\u00e9roulera le concert des BTS \u00e0 Paris ? <\/p>\n<p>Pour l\u2019instant, on sait simplement que le groupe sera pr\u00e9sent <strong>les 17 et 18 juillet prochains \u00e0 Paris au Stade de France <\/strong>! En juillet dernier, c\u2019\u00e9tait un autre groupe de K-Pop, les Stray Kids, qui avaient enflamm\u00e9 le Stade pour deux soirs d\u2019affil\u00e9e.<\/p>\n<\/p>\n<p>Un stade que les BTS connaissent bien, puisque leurs derniers concerts parisiens avaient eu lieu l\u00e0-bas, <strong>cumulant plus de 100 000 spectateurs<\/strong> ! Avec sa sc\u00e9nographie m\u00e9morable, <strong>m\u00ealant des chor\u00e9graphies millim\u00e9tr\u00e9es et des d\u00e9cors immersifs<\/strong>, le public avait \u00e9t\u00e9 plus que conquis. Nul doute que ce grand comeback sera inoubliable. Si on ne conna\u00eet pas encore la setlist officielle, on imagine que les grands classiques du groupe seront interpr\u00e9t\u00e9s, mais \u00e9galement des nouveaut\u00e9s puisque<strong> BTS a annonc\u00e9 son prochain album qui sortira le 20 mars prochain.<\/strong><\/p>\n<p> Comment obtenir des places pour les concerts des BTS \u00e0 Paris au Stade de France ? <\/p>\n<p>Pour ce show unique, la <strong>billetterie ouvrira samedi 24 janvier \u00e0 15h.<\/strong> Pour pouvoir mettre toutes les chances de votre c\u00f4t\u00e9, vous pouvez :<\/p>\n<p>1. <strong>Cr\u00e9er un compte sur toutes les autres plateformes de vente en ligne.<\/strong> Vous avez d\u00e9j\u00e0 un compte ? <strong>V\u00e9rifiez que toutes vos donn\u00e9es sont \u00e0 jour<\/strong> (notamment votre carte bleue) pour \u00e9viter de perdre b\u00eatement du temps.<\/p>\n<p>2. <strong>Ne rafra\u00eechissez pas la page lorsque vous \u00eates dans la file d\u2019attente en ligne<\/strong>. Vous risquez d\u2019\u00eatre replac\u00e9 \u00e0 la fin de la file d\u2019attente\u2026 Patience !<\/p>\n<p>3. <strong>Connectez-vous au moins 30 minutes avant<\/strong> le lancement officiel de la vente.<\/p>\n<p>La demande sera tr\u00e8s tr\u00e8s \u00e9lev\u00e9e alors pr\u00e9voyez beaucoup d\u2019attente\u2026<\/p>\n<p> Combien co\u00fbteront les places pour assister \u00e0 ces concerts ? <\/p>\n<p>Si pour l\u2019heure, l\u00e0 aussi, le myst\u00e8re est complet, on peut d\u00e9j\u00e0 se baser sur les prix de leurs derniers concerts en 2019 pour faire une premi\u00e8re estimation. <strong>Les tarifs commen\u00e7aient \u00e0 60 \u20ac et s\u2019envolaient jusqu\u2019\u00e0 180 \u20ac selon la cat\u00e9gorie\u2026<\/strong> Pour ce grand retour, on le sait, il ne faudra pas trop \u00eatre regardant sur les d\u00e9penses\u2026<\/p>\n","protected":false},"excerpt":{"rendered":"BTS concert Paris Photo by Cindy Ord\/WireImage Save C\u2019est la nouvelle qui donnera forc\u00e9ment le sourire \u00e0 tous&hellip;\n","protected":false},"author":2,"featured_media":661461,"comment_status":"","ping_status":"","sticky":false,"template":"","format":"standard","meta":{"footnotes":""},"categories":[1355],"tags":[58,59,1011,27,1361,873],"class_list":{"0":"post-661460","1":"post","2":"type-post","3":"status-publish","4":"format-standard","5":"has-post-thumbnail","7":"category-musique","8":"tag-divertissement","9":"tag-entertainment","10":"tag-fr","11":"tag-france","12":"tag-music","13":"tag-musique"},"share_on_mastodon":{"url":"https:\/\/pubeurope.com\/@fr\/115889874277743408","error":""},"_links":{"self":[{"href":"https:\/\/www.europesays.com\/fr\/wp-json\/wp\/v2\/posts\/661460","targetHints":{"allow":["GET"]}}],"collection":[{"href":"https:\/\/www.europesays.com\/fr\/wp-json\/wp\/v2\/posts"}],"about":[{"href":"https:\/\/www.europesays.com\/fr\/wp-json\/wp\/v2\/types\/post"}],"author":[{"embeddable":true,"href":"https:\/\/www.europesays.com\/fr\/wp-json\/wp\/v2\/users\/2"}],"replies":[{"embeddable":true,"href":"https:\/\/www.europesays.com\/fr\/wp-json\/wp\/v2\/comments?post=661460"}],"version-history":[{"count":0,"href":"https:\/\/www.europesays.com\/fr\/wp-json\/wp\/v2\/posts\/661460\/revisions"}],"wp:featuredmedia":[{"embeddable":true,"href":"https:\/\/www.europesays.com\/fr\/wp-json\/wp\/v2\/media\/661461"}],"wp:attachment":[{"href":"https:\/\/www.europesays.com\/fr\/wp-json\/wp\/v2\/media?parent=661460"}],"wp:term":[{"taxonomy":"category","embeddable":true,"href":"https:\/\/www.europesays.com\/fr\/wp-json\/wp\/v2\/categories?post=661460"},{"taxonomy":"post_tag","embeddable":true,"href":"https:\/\/www.europesays.com\/fr\/wp-json\/wp\/v2\/tags?post=661460"}],"curies":[{"name":"wp","href":"https:\/\/api.w.org\/{rel}","templated":true}]}}