{"id":661472,"date":"2026-01-13T21:23:12","date_gmt":"2026-01-13T21:23:12","guid":{"rendered":"https:\/\/www.europesays.com\/fr\/661472\/"},"modified":"2026-01-13T21:23:12","modified_gmt":"2026-01-13T21:23:12","slug":"leur-avion-est-sur-le-point-de-decoller-quand-ils-entendent-des-cris-un-bagagiste-etait-enferme-dans-la-soute","status":"publish","type":"post","link":"https:\/\/www.europesays.com\/fr\/661472\/","title":{"rendered":"Leur avion est sur le point de d\u00e9coller quand ils entendent des cris\u00a0: un bagagiste \u00e9tait enferm\u00e9 dans la soute"},"content":{"rendered":"<p>\n                                                                    l&rsquo;essentiel<br \/>\n                                                                Un bagagiste a \u00e9t\u00e9 d\u00e9couvert vivant dans la soute d\u2019un avion d\u2019Air Canada Rouge \u00e0 l\u2019a\u00e9roport Pearson de Toronto, apr\u00e8s des cris entendus par des passagers peu avant le d\u00e9collage.\n                            <\/p>\n<p>Un incident rare s\u2019est produit le 13\u00a0d\u00e9cembre dernier \u00e0 l\u2019a\u00e9roport international de Toronto. Un membre du personnel au sol a \u00e9t\u00e9 retrouv\u00e9 coinc\u00e9 dans la soute d\u2019un avion d\u2019Air Canada Rouge, alors que l\u2019appareil s\u2019appr\u00eatait \u00e0 d\u00e9coller pour Moncton, au Nouveau-Brunswick, une province de l\u2019est canadien.<\/p>\n<p class=\"article-full-nl-promo__title\">Newsletter A\u00e9ronautique<\/p>\n<p class=\"article-full-nl-promo__text\">Votre RDV hebdomadaire pour d\u00e9couvrir des <strong>informations<br \/>\n                    exclusives<\/strong> sur le secteur de l\u2019a\u00e9ronautique : interviews, analyses approfondies, enqu\u00eates&#8230;<\/p>\n<p>        <a class=\"btn btn-primary btn-pill\" href=\"https:\/\/profil.ladepeche.fr\/account\/newsletter?optinNL=NEWS_AERO\" target=\"_blank\" rel=\"noopener\">S&rsquo;inscrire<\/a><\/p>\n<p class=\"std-elt__inline\">\n        <strong>\u00c0 lire aussi :<\/strong><br \/>\n        <a href=\"https:\/\/www.ladepeche.fr\/2026\/01\/12\/airbus-pres-de-800-livraisons-en-2025-plus-de-8-700-avions-en-commande-et-toujours-numero-un-mondial-de-laeronautique-13157093.php\" target=\"_blank\" rel=\"noopener\">Airbus\u00a0: pr\u00e8s de 800 livraisons en 2025, plus de 8\u00a0700 avions en commande et toujours n\u00b0\u00a01 mondial de l\u2019a\u00e9ronautique<\/a>\n    <\/p>\n<p>Selon la compagnie, dont les propos ont \u00e9t\u00e9 relay\u00e9s par la <a href=\"https:\/\/www.cbc.ca\/player\/play\/video\/9.7041702\" target=\"_blank\" rel=\"noopener\">CBC<\/a>, les portes de la soute ont \u00e9t\u00e9 \u00ab\u00a0ferm\u00e9es par inadvertance\u00a0\u00bb alors que le bagagiste se trouvait \u00e0 l\u2019int\u00e9rieur. L\u2019avion, le vol AC1502, roulait d\u00e9j\u00e0 sur le tarmac lorsque des passagers ont entendu des coups et des cris provenant de sous la cabine. Ils ont imm\u00e9diatement alert\u00e9 l\u2019\u00e9quipage, qui a fait une annonce pour expliquer aux passagers ce qu\u2019il se passait, comme le montre la vid\u00e9o d\u2019une des passag\u00e8res sur <a href=\"https:\/\/www.instagram.com\/reel\/DTEj4aijDok\/\" target=\"_blank\" rel=\"noopener\">Instagram<\/a>.<\/p>\n<p>Pas de blessure<\/p>\n<p>\u00c0 la suite de ce signalement, l\u2019appareil a fait demi-tour et est revenu \u00e0 la porte d\u2019embarquement. Les portes de la soute ont \u00e9t\u00e9 rouvertes et le bagagiste a pu en sortir. La compagnie\u00a0a indiqu\u00e9 qu\u2019aucune blessure n\u2019avait \u00e9t\u00e9 signal\u00e9e.<\/p>\n<p>Le r\u00e9cit des faits a \u00e9t\u00e9 confirm\u00e9 par plusieurs m\u00e9dias canadiens, dont le <a href=\"https:\/\/www.thestar.com\/news\/gta\/ground-crew-member-inadvertently-trapped-in-air-canada-cargo-hold-of-a-taxiing-plane-at\/article_4dca714b-6cd9-4e04-a8c6-ea82c41af57d.html\" target=\"_blank\" rel=\"noopener\">Toronto Star<\/a>, qui indique qu\u2019une enqu\u00eate interne a \u00e9t\u00e9 lanc\u00e9e afin de d\u00e9terminer les circonstances exactes de l\u2019incident et d\u2019\u00e9viter qu\u2019une situation similaire ne se reproduise.<\/p>\n<p>                                                                                                                                                                                                        <script async src=\"\/\/www.instagram.com\/embed.js\"><\/script><\/p>\n","protected":false},"excerpt":{"rendered":"l&rsquo;essentiel Un bagagiste a \u00e9t\u00e9 d\u00e9couvert vivant dans la soute d\u2019un avion d\u2019Air Canada Rouge \u00e0 l\u2019a\u00e9roport Pearson&hellip;\n","protected":false},"author":2,"featured_media":661473,"comment_status":"","ping_status":"","sticky":false,"template":"","format":"standard","meta":{"footnotes":""},"categories":[6],"tags":[28921,35,33,34,1011,27],"class_list":{"0":"post-661472","1":"post","2":"type-post","3":"status-publish","4":"format-standard","5":"has-post-thumbnail","7":"category-economie","8":"tag-au00e9ronautique","9":"tag-business","10":"tag-economie","11":"tag-economy","12":"tag-fr","13":"tag-france"},"share_on_mastodon":{"url":"https:\/\/pubeurope.com\/@fr\/115889897796314242","error":""},"_links":{"self":[{"href":"https:\/\/www.europesays.com\/fr\/wp-json\/wp\/v2\/posts\/661472","targetHints":{"allow":["GET"]}}],"collection":[{"href":"https:\/\/www.europesays.com\/fr\/wp-json\/wp\/v2\/posts"}],"about":[{"href":"https:\/\/www.europesays.com\/fr\/wp-json\/wp\/v2\/types\/post"}],"author":[{"embeddable":true,"href":"https:\/\/www.europesays.com\/fr\/wp-json\/wp\/v2\/users\/2"}],"replies":[{"embeddable":true,"href":"https:\/\/www.europesays.com\/fr\/wp-json\/wp\/v2\/comments?post=661472"}],"version-history":[{"count":0,"href":"https:\/\/www.europesays.com\/fr\/wp-json\/wp\/v2\/posts\/661472\/revisions"}],"wp:featuredmedia":[{"embeddable":true,"href":"https:\/\/www.europesays.com\/fr\/wp-json\/wp\/v2\/media\/661473"}],"wp:attachment":[{"href":"https:\/\/www.europesays.com\/fr\/wp-json\/wp\/v2\/media?parent=661472"}],"wp:term":[{"taxonomy":"category","embeddable":true,"href":"https:\/\/www.europesays.com\/fr\/wp-json\/wp\/v2\/categories?post=661472"},{"taxonomy":"post_tag","embeddable":true,"href":"https:\/\/www.europesays.com\/fr\/wp-json\/wp\/v2\/tags?post=661472"}],"curies":[{"name":"wp","href":"https:\/\/api.w.org\/{rel}","templated":true}]}}