{"id":661476,"date":"2026-01-13T21:25:11","date_gmt":"2026-01-13T21:25:11","guid":{"rendered":"https:\/\/www.europesays.com\/fr\/661476\/"},"modified":"2026-01-13T21:25:11","modified_gmt":"2026-01-13T21:25:11","slug":"la-detresse-de-commercants-de-la-manche-apres-la-tempete-goretti","status":"publish","type":"post","link":"https:\/\/www.europesays.com\/fr\/661476\/","title":{"rendered":"la d\u00e9tresse de commer\u00e7ants de la Manche apr\u00e8s la temp\u00eate Goretti"},"content":{"rendered":"<p>                    Par<br \/>\n        <strong><br \/>\n            <a href=\"https:\/\/actu.fr\/auteur\/lea-corbet\" title=\"Consulter tous les articles de L\u00e9a Corbet\" target=\"_blank\" rel=\"noopener\">L\u00e9a Corbet<\/a><br \/>\n                    <\/strong><\/p>\n<p>        Publi\u00e9 le<\/p>\n<p>            13 janv. 2026 \u00e0 18h55        <\/p>\n<p>La <a href=\"https:\/\/actu.fr\/tag\/tempete-goretti\" target=\"_blank\" rel=\"noopener\">temp\u00eate Goretti<\/a>, qui a balay\u00e9 la <a href=\"https:\/\/actu.fr\/normandie\/manche_50\" target=\"_blank\" rel=\"noopener\">Manche<\/a> la semaine derni\u00e8re, a laiss\u00e9 derri\u00e8re elle un paysage d\u2019arbres arrach\u00e9s, de routes coup\u00e9es\u2026 et de commerces \u00e0 l\u2019arr\u00eat. <b>Pendant plusieurs jours,<\/b> des milliers de foyers ont \u00e9t\u00e9 priv\u00e9s d\u2019\u00e9lectricit\u00e9. Pour les petits commerces alimentaires, les cons\u00e9quences sont <b>catastrophiques.<\/b><\/p>\n<p>La boucherie d\u2019Anneville-en-Saire a perdu 25\u2009000\u00a0euros<\/p>\n<p class=\" wall-content\">Install\u00e9s depuis quatre ans, Th\u00e9o et Gretha n\u2019avaient jamais v\u00e9cu cela. <b>La boucherie d\u2019Anneville-en-Saire<\/b> a \u00e9t\u00e9 plong\u00e9e dans le noir <b>du jeudi 8 janvier 2026 \u00e0 22 heures jusqu\u2019au samedi 10 \u00e0 21 heures<\/b><b>\u00a0<\/b>et n\u2019a toujours pas ouvert depuis.<\/p>\n<p class=\" wall-content\">\u00ab\u2009Les frigos \u00e9taient en panne, la chambre froide a grimp\u00e9 en temp\u00e9rature. Les aliments ont <b>d\u00e9pass\u00e9 <\/b>les 6\u00a0\u00b0C alors que la limite sanitaire est de 4\u00a0\u00b0C\u2009\u00bb, explique Gretha.<\/p>\n<p class=\" wall-content\">D\u00e8s le vendredi soir, les temp\u00e9ratures de certains produits atteignaient d\u00e9j\u00e0 <b>10 \u00e0 12\u00a0\u00b0C<\/b>.<\/p>\n<p>L\u2019issue \u00e9tait in\u00e9vitable\u2009: tout jeter<\/p>\n<p class=\" wall-content\">Ce mardi 13\u00a0janvier, les deux commer\u00e7ants commencent \u00e0 peser les pertes\u2009: <b>presque 1,9 tonne de viande, charcuterie, cr\u00e9merie et pr\u00e9parations maison<\/b>\u00a0pour un montant estim\u00e9 \u00e0 <b>25\u2009000\u00a0\u20ac<\/b>.<\/p>\n<blockquote class=\"ac-article-quote wall-content\">\n<p>\u00c7a fait tellement mal au c\u0153ur\u2026<\/p>\n<p>Th\u00e9o et Gretha, propri\u00e9taires de la boucherie d\u2019Anneville-en-Saire<\/p><\/blockquote>\n<p class=\" wall-content\">\u00ab\u2009On avait achet\u00e9 une demi-b\u00eate, <b>un demi-veau<\/b>, tout \u00e9tait pr\u00eat pour le week-end. On ne peut rien sauver, m\u00eame pas donner les carcasses au parc animalier de Montaigu-la-Brisette\u2009: <b>l\u2019huissier doit constater qu\u2019on d\u00e9truit tout,<\/b> avec javel ou autre produits, pour l\u2019assurance\u2009\u00bb, explique le couple.<\/p>\n<p class=\" wall-content\">\u00c0 cela s\u2019ajoutent des <b>d\u00e9g\u00e2ts mat\u00e9riels\u2009:<\/b> tuiles envol\u00e9es, goutti\u00e8re cass\u00e9e, moteur d\u2019un frigo arrach\u00e9, vitrine hors service.<\/p>\n<p>Votre r\u00e9gion, votre actu !<\/p>\n<p>Recevez chaque jour les infos qui comptent pour vous.<\/p>\n<p>\t<a href=\"https:\/\/actu.fr\/newsletter\" class=\"ac-btn ac-btn--corner ac-btn--medium ac-btn--blue800\" target=\"_blank\" rel=\"noopener\">S&rsquo;incrire<\/a><br \/>\nTrois salari\u00e9s de la boucherie sont \u00e0 l\u2019arr\u00eat<\/p>\n<p class=\" wall-content\">\u00ab\u2009On ne sait pas si on va pouvoir indemniser nos trois salari\u00e9s (\u00e0 l\u2019arr\u00eat). Ils avaient pass\u00e9 des heures \u00e0 pr\u00e9parer la marchandise partie \u00e0 la poubelle\u2026 Moralement, c\u2019est <b>difficile <\/b>pour tout le monde.\u2009\u00bb<\/p>\n<p>    <img   decoding=\"async\" loading=\"lazy\" class=\"size-large\" src=\"https:\/\/www.europesays.com\/fr\/wp-content\/uploads\/2026\/01\/0cc2cf817669600d2cf817669d3d2cv-960x640.jpeg\" alt=\"Apr\u00e8s la temp\u00eate Goretti, la boucherie Charcuterie d'Anneville-en-Saire n'a toujours pas rouvert.\" width=\"960\" height=\"640\"\/><br \/>\n    Apr\u00e8s la temp\u00eate Goretti, la boucherie-charcuterie d\u2019Anneville-en-Saire n\u2019a toujours pas rouvert. \u00a9DR<\/p>\n<p class=\" wall-content\">La <b>tr\u00e9sorerie<\/b>, elle, est au plus bas. \u00ab\u2009On a <b>une chance sur deux<\/b> de ne pas pouvoir rouvrir et de mettre la cl\u00e9 sous la porte. On n\u2019a<b> pas la tr\u00e9sorerie<\/b> pour assumer la perte, payer nos salari\u00e9s et racheter de la marchandise pour rouvrir\u2026\u2009\u00bb<\/p>\n<p class=\" wall-content\">Habituellement, la boucherie coordonne ses cong\u00e9s avec celle de R\u00e9ville pour laisser toujours un commerce ouvert dans le secteur.<\/p>\n<p class=\" wall-content\">\u00ab\u2009On devait prendre des vacances en f\u00e9vrier\u2026 mais l\u00e0, <b>on ne sait m\u00eame plus si on tiendra jusque-l\u00e0.\u2009\u00bb<\/b><\/p>\n<blockquote class=\"ac-article-quote wall-content\">\n<p>Il faut des groupes \u00e9lectrog\u00e8nes puissants pour les commerces.<\/p>\n<p>Th\u00e9o et Gretha, propri\u00e9taires de la boucherie d\u2019Anneville-en-Saire<\/p><\/blockquote>\n<p class=\" wall-content\">Pour les deux artisans, cette crise r\u00e9v\u00e8le une faille\u2009: \u00ab\u2009Les groupes \u00e9lectrog\u00e8nes classiques ne suffisent pas pour alimenter <b>quatre<\/b> chambres froides. Les communes devraient pouvoir mettre \u00e0 disposition des <b>g\u00e9n\u00e9rateurs<\/b> puissants lorsqu\u2019une temp\u00eate est pr\u00e9vue\u2009\u00bb.<\/p>\n<p class=\" wall-content\">Avec <b>une nouvelle alerte de vents violents annonc\u00e9e<\/b>, l\u2019inqui\u00e9tude grandit. \u00ab\u2009On n\u2019est jamais en confiance. <b>Une autre coupure, et c\u2019est fini<\/b> pour nous.\u2009\u00bb<\/p>\n<p>\u00c0 La Rauvillaise, \u00ab\u2009tout a \u00e9t\u00e9 perdu, sauf l\u2019\u00e9quipe\u2009\u00bb<\/p>\n<p class=\" wall-content\">\u00c0 la boulangerie <b>La Rauvillaise<\/b> de Rauville-la-Bigot, les propri\u00e9taires d\u00e9crivent \u00ab\u2009des moments tr\u00e8s difficiles\u2009\u00bb. La coupure a commenc\u00e9 dans la nuit de jeudi \u00e0 vendredi. R\u00e9sultat\u2009: <b>fermeture totale vendredi, samedi et dimanche jusqu\u2019\u00e0 midi<\/b>, et \u00ab\u2009toute la marchandise perdue\u2009\u00bb.<b> <\/b>Ils viennent tout juste de rouvrir<b> ce mardi 13\u00a0janvier.<\/b><\/p>\n<p class=\" wall-content\">\u00ab\u2009C\u2019est la deuxi\u00e8me fois que \u00e7a arrive, d\u00e9j\u00e0 en 2023. Mais <b>jamais si longtemps<\/b>\u2009\u00bb, explique Ang\u00e9lique, encore secou\u00e9e.<\/p>\n<blockquote class=\"ac-article-quote wall-content\">\n<p>On n\u2019est pas sereins du tout. En plus, c\u2019\u00e9tait le week-end de la galette\u2009: un moment crucial pour notre chiffre d\u2019affaires.<\/p>\n<p>Ang\u00e9lique Le Sauvage, propri\u00e9taire de La Rauvillaise<\/p><\/blockquote>\n<p class=\" wall-content\">Le couple attend le passage de l\u2019huissier pour pouvoir chiffrer les pertes\u2009: \u00ab\u2009On sait juste que<b> tout doit \u00eatre jet\u00e9<\/b>\u2009\u00bb.<\/p>\n<p class=\" wall-content\">Mais ils retiennent un message d\u2019espoir\u2009: \u00ab\u2009Ce que nous n\u2019avons pas perdu en revanche, c\u2019est notre \u00e9quipe. Pr\u00e9sente imm\u00e9diatement, venue nous soutenir sans h\u00e9siter, l\u00e0 \u00e0 chaque heure pour aider, reconstruire, prendre des nouvelles\u2026 <b>Votre solidarit\u00e9 nous a profond\u00e9ment touch\u00e9s\u2009<\/b>\u00bb, expriment-ils sur Facebook.<\/p>\n<p>La boulangerie d\u2019Acqueville souhaite une reconnaissance de catastrophe naturelle<\/p>\n<p class=\" wall-content\">Pour Sandra Auguin, responsable boutique de la boulangerie d\u2019Acqueville, deux jours de fermeture ont suffi \u00e0 provoquer<b> des pertes importantes\u2009:<\/b> \u00ab\u2009Tout \u00e9tait d\u00e9j\u00e0 pouss\u00e9. Les p\u00e2tes pr\u00eates pour le four ont d\u00fb \u00eatre jet\u00e9es. Deux jours sans les utiliser, c\u2019est trop\u2009\u00bb. <b>La toiture et des carreaux<\/b> ont aussi \u00e9t\u00e9 endommag\u00e9s. L\u2019avenir d\u00e9pendra d\u2019une \u00e9ventuelle <b>reconnaissance de catastrophe naturelle<\/b>, qui permettrait une meilleure indemnisation.<\/p>\n<p>Les assurances ont du pain sur la planche<\/p>\n<p class=\" wall-content\">Au-del\u00e0 des pertes individuelles, la temp\u00eate Goretti r\u00e9v\u00e8le la <b>fragilit\u00e9 des petits commerces alimentaires ruraux<\/b>, pour qui quelques jours sans \u00e9lectricit\u00e9 suffisent \u00e0 mettre en p\u00e9ril des ann\u00e9es de travail. Dans la Manche, les artisans esp\u00e8rent d\u00e9sormais des r\u00e9ponses rapides des assurances\u2026<\/p>\n<p class=\" wall-content\">Personnalisez votre actualit\u00e9 en ajoutant vos villes et m\u00e9dias en favori avec <a href=\"https:\/\/moncompte.actu.fr\" title=\"D\u00e9couvez Mon Actu\" rel=\"nofollow noopener\" data-trk=\"{&quot;cta&quot;:{&quot;action&quot;:&quot;https:\\\/\\\/moncompte.actu.fr&quot;,&quot;category&quot;:&quot;mon compte&quot;,&quot;from&quot;:&quot;article footer&quot;,&quot;name&quot;:&quot;Mon actu&quot;,&quot;type&quot;:&quot;cta&quot;}}\" target=\"_blank\">Mon Actu<\/a>.<\/p>\n","protected":false},"excerpt":{"rendered":"Par L\u00e9a Corbet Publi\u00e9 le 13 janv. 2026 \u00e0 18h55 La temp\u00eate Goretti, qui a balay\u00e9 la Manche&hellip;\n","protected":false},"author":2,"featured_media":661477,"comment_status":"","ping_status":"","sticky":false,"template":"","format":"standard","meta":{"footnotes":""},"categories":[4],"tags":[11,215,3168,33,1011,27,12,25,75296],"class_list":{"0":"post-661476","1":"post","2":"type-post","3":"status-publish","4":"format-standard","5":"has-post-thumbnail","7":"category-france","8":"tag-actualites","9":"tag-commerce","10":"tag-cotentin","11":"tag-economie","12":"tag-fr","13":"tag-france","14":"tag-news","15":"tag-republique-francaise","16":"tag-tempete-goretti"},"share_on_mastodon":{"url":"https:\/\/pubeurope.com\/@fr\/115889906404576036","error":""},"_links":{"self":[{"href":"https:\/\/www.europesays.com\/fr\/wp-json\/wp\/v2\/posts\/661476","targetHints":{"allow":["GET"]}}],"collection":[{"href":"https:\/\/www.europesays.com\/fr\/wp-json\/wp\/v2\/posts"}],"about":[{"href":"https:\/\/www.europesays.com\/fr\/wp-json\/wp\/v2\/types\/post"}],"author":[{"embeddable":true,"href":"https:\/\/www.europesays.com\/fr\/wp-json\/wp\/v2\/users\/2"}],"replies":[{"embeddable":true,"href":"https:\/\/www.europesays.com\/fr\/wp-json\/wp\/v2\/comments?post=661476"}],"version-history":[{"count":0,"href":"https:\/\/www.europesays.com\/fr\/wp-json\/wp\/v2\/posts\/661476\/revisions"}],"wp:featuredmedia":[{"embeddable":true,"href":"https:\/\/www.europesays.com\/fr\/wp-json\/wp\/v2\/media\/661477"}],"wp:attachment":[{"href":"https:\/\/www.europesays.com\/fr\/wp-json\/wp\/v2\/media?parent=661476"}],"wp:term":[{"taxonomy":"category","embeddable":true,"href":"https:\/\/www.europesays.com\/fr\/wp-json\/wp\/v2\/categories?post=661476"},{"taxonomy":"post_tag","embeddable":true,"href":"https:\/\/www.europesays.com\/fr\/wp-json\/wp\/v2\/tags?post=661476"}],"curies":[{"name":"wp","href":"https:\/\/api.w.org\/{rel}","templated":true}]}}