{"id":661490,"date":"2026-01-13T21:32:18","date_gmt":"2026-01-13T21:32:18","guid":{"rendered":"https:\/\/www.europesays.com\/fr\/661490\/"},"modified":"2026-01-13T21:32:18","modified_gmt":"2026-01-13T21:32:18","slug":"le-centre-ecossais-huw-jones-signe-chez-un-cador-de-top-14","status":"publish","type":"post","link":"https:\/\/www.europesays.com\/fr\/661490\/","title":{"rendered":"Le centre \u00e9cossais Huw Jones signe chez un cador de Top 14 !"},"content":{"rendered":"<p style=\"text-align: justify;\"><strong>TOP 14 2025\/2026 \u2013 L\u2019international \u00e9cossais <strong>Huw Jones<\/strong> va venir renforcer une \u00e9quipe du championnat d\u00e8s la saison prochaine.<\/strong><\/p>\n<p style=\"text-align: justify;\">D\u00e9cid\u00e9ment, ce d\u00e9but de semaine est anim\u00e9 sur le march\u00e9 des transferts, et le <a href=\"https:\/\/dicodusport.fr\/blog\/transferts-rc-toulon-2026-recrues-departs-et-prolongations\/\" target=\"_blank\" rel=\"noopener\"><strong>RC Toulon<\/strong><\/a> y est pour beaucoup. Plus t\u00f4t dans la journ\u00e9e, les Varois ont obtenu le renfort imm\u00e9diat de l\u2019ancien international U20 anglais <a href=\"https:\/\/dicodusport.fr\/blog\/surprise-junior-kpoku-change-de-club-avec-effet-immediat-en-top-14\/\" target=\"_blank\" rel=\"noopener\"><strong>Junior Kpoku<\/strong><\/a>, d\u00e9barqu\u00e9 en provenance du <strong>Racing 92<\/strong>. Si les supporters toulonnais pouvaient d\u00e9j\u00e0 se satisfaire de ce mouvement inattendu, ils \u00e9taient loin d\u2019imaginer la suite.<\/p>\n<p>Le <strong>RC Toulon<\/strong> ne s\u2019arr\u00eate plus : <strong>Huw Jones<\/strong> va rejoindre le Var<\/p>\n<p style=\"text-align: justify;\">En fin de journ\u00e9e, le <strong>RC Toulon<\/strong> a en effet publi\u00e9 un communiqu\u00e9 pour annoncer le recrutement du centre \u00e9cossais <strong>Huw Jones<\/strong>. Membre incontournable du <strong>XV du Chardon <\/strong>depuis pr\u00e8s d\u2019une d\u00e9cennie, et \u00e9galement appel\u00e9 \u00e0 porter le maillot des <strong>Lions Britanniques<\/strong> \u00e0 trois reprises, le joueur de 32 ans s\u2019est engag\u00e9 pour les <strong>deux prochaines saisons<\/strong> avec le RCT. Depuis 2022, il \u00e9voluait sous les couleurs de <strong>Glasgow<\/strong>.<\/p>\n<blockquote class=\"twitter-tweet\">\n<p dir=\"ltr\" lang=\"fr\">Merci \u00e0 vous, on n\u2019y avait pas pens\u00e9 \ud83d\ude0f <a href=\"https:\/\/t.co\/h4MLyE9bgN\">pic.twitter.com\/h4MLyE9bgN<\/a><\/p>\n<p>\u2014 RCT \u2013 Rugby Club Toulonnais (@RCTofficiel) <a href=\"https:\/\/twitter.com\/RCTofficiel\/status\/2011120943427465591?ref_src=twsrc%5Etfw\" target=\"_blank\" rel=\"noopener\">January 13, 2026<\/a><\/p>\n<\/blockquote>\n<p style=\"text-align: justify;\">S\u2019il a connu une fin d\u2019ann\u00e9e 2025 tronqu\u00e9e par une blessure, <strong>Huw Jones<\/strong> a effectu\u00e9 un retour concluant sur les terrains le week-end dernier, en inscrivant un essai lors du <a href=\"https:\/\/dicodusport.fr\/blog\/troisieme-defaite-en-champions-cup-pour-clermont-largement-domine-a-domicile-par-glasgow\/\" target=\"_blank\" rel=\"noopener\">succ\u00e8s de <strong>Glasgow<\/strong> face \u00e0 <strong>Clermont<\/strong><\/a>. Une performance qui ne l\u2019avait d\u2019ailleurs pas emp\u00each\u00e9 d\u2019\u00eatre nomm\u00e9 dans le <strong>XV mondial de l\u2019ann\u00e9e<\/strong>.<\/p>\n<p style=\"text-align: justify;\">Centre exp\u00e9riment\u00e9 et polyvalent, \u00e9galement capable de d\u00e9panner \u00e0 l\u2019arri\u00e8re, il vient ainsi apporter un renfort de poids \u00e0 une ligne de trois-quarts toulonnaise d\u00e9j\u00e0 bien fournie.<\/p>\n<p>Dicodusport vous conseille<br \/>\n<a href=\"https:\/\/dicodusport.fr\/blog\/nouveau-defi-ou-prolongation-alivereti-raka-a-tranche-pour-son-avenir\/\" class=\"vlp-link\" title=\"Nouveau d\u00e9fi ou prolongation : Alivereti Raka a tranch\u00e9 pour son avenir\" target=\"_blank\" rel=\"noopener\"><img loading=\"lazy\" decoding=\"async\" style=\"max-width: 792px;\" width=\"792\" height=\"445\" class=\"attachment-800x445 size-800x445 perfmatters-lazy\" alt=\"Nouveau d\u00e9fi ou prolongation Alivereti Raka a tranch\u00e9 pour son avenir\" src=\"https:\/\/www.europesays.com\/fr\/wp-content\/uploads\/2026\/01\/Nouveau-defi-ou-prolongation-Alivereti-Raka-a-tranche-pour-son-avenir.png\"  data-\/><\/p>\n<p>Nouveau d\u00e9fi ou prolongation : Alivereti Raka a tranch\u00e9 pour son avenir<\/p>\n<p>Alivereti Raka (31 ans) est en discussions avanc\u00e9es avec l\u2019ASM Clermont pour prolonger son contrat. Un choix fort pour l\u2019avenir sportif du club auvergnat.<\/p>\n<p>Lire l&rsquo;article<\/p>\n<p>dicodusport.fr<\/p>\n<p>\t\t\t\t\t\t\t\t\t\t\t\t\t<script async src=\"https:\/\/platform.twitter.com\/widgets.js\" charset=\"utf-8\"><\/script><\/p>\n","protected":false},"excerpt":{"rendered":"TOP 14 2025\/2026 \u2013 L\u2019international \u00e9cossais Huw Jones va venir renforcer une \u00e9quipe du championnat d\u00e8s la saison&hellip;\n","protected":false},"author":2,"featured_media":661491,"comment_status":"","ping_status":"","sticky":false,"template":"","format":"standard","meta":{"footnotes":""},"categories":[9619],"tags":[1111,11,2113,1777,674,1011,27,12,882,8177,25,478,2310,24662,477],"class_list":{"0":"post-661490","1":"post","2":"type-post","3":"status-publish","4":"format-standard","5":"has-post-thumbnail","7":"category-toulon","8":"tag-actu","9":"tag-actualites","10":"tag-breve","11":"tag-eu","12":"tag-europe","13":"tag-fr","14":"tag-france","15":"tag-news","16":"tag-provence-alpes-cote-dazur","17":"tag-rc-toulon","18":"tag-republique-francaise","19":"tag-top-14","20":"tag-toulon","21":"tag-transferts-rc-toulon","22":"tag-transferts-rugby"},"share_on_mastodon":{"url":"https:\/\/pubeurope.com\/@fr\/115889933358268718","error":""},"_links":{"self":[{"href":"https:\/\/www.europesays.com\/fr\/wp-json\/wp\/v2\/posts\/661490","targetHints":{"allow":["GET"]}}],"collection":[{"href":"https:\/\/www.europesays.com\/fr\/wp-json\/wp\/v2\/posts"}],"about":[{"href":"https:\/\/www.europesays.com\/fr\/wp-json\/wp\/v2\/types\/post"}],"author":[{"embeddable":true,"href":"https:\/\/www.europesays.com\/fr\/wp-json\/wp\/v2\/users\/2"}],"replies":[{"embeddable":true,"href":"https:\/\/www.europesays.com\/fr\/wp-json\/wp\/v2\/comments?post=661490"}],"version-history":[{"count":0,"href":"https:\/\/www.europesays.com\/fr\/wp-json\/wp\/v2\/posts\/661490\/revisions"}],"wp:featuredmedia":[{"embeddable":true,"href":"https:\/\/www.europesays.com\/fr\/wp-json\/wp\/v2\/media\/661491"}],"wp:attachment":[{"href":"https:\/\/www.europesays.com\/fr\/wp-json\/wp\/v2\/media?parent=661490"}],"wp:term":[{"taxonomy":"category","embeddable":true,"href":"https:\/\/www.europesays.com\/fr\/wp-json\/wp\/v2\/categories?post=661490"},{"taxonomy":"post_tag","embeddable":true,"href":"https:\/\/www.europesays.com\/fr\/wp-json\/wp\/v2\/tags?post=661490"}],"curies":[{"name":"wp","href":"https:\/\/api.w.org\/{rel}","templated":true}]}}