{"id":661492,"date":"2026-01-13T21:33:12","date_gmt":"2026-01-13T21:33:12","guid":{"rendered":"https:\/\/www.europesays.com\/fr\/661492\/"},"modified":"2026-01-13T21:33:12","modified_gmt":"2026-01-13T21:33:12","slug":"a-montpellier-velocite-sinvite-une-derniere-fois-dans-le-debat-des-municipales","status":"publish","type":"post","link":"https:\/\/www.europesays.com\/fr\/661492\/","title":{"rendered":"\u00e0 Montpellier, V\u00e9locit\u00e9 s&rsquo;invite une derni\u00e8re fois dans le d\u00e9bat des municipales"},"content":{"rendered":"<p>                    Par<br \/>\n        <strong><br \/>\n            <a href=\"https:\/\/actu.fr\/auteur\/g-martin\" title=\"Consulter tous les articles de Gil Martin\" target=\"_blank\" rel=\"noopener\">Gil Martin<\/a><br \/>\n                    <\/strong><\/p>\n<p>        Publi\u00e9 le<\/p>\n<p>            13 janv. 2026 \u00e0 17h21        <\/p>\n<p>Pour l\u2019association <strong>V\u00e9locit\u00e9<\/strong>, une \u00e9vidence : la marche \u00e0 pied et le v\u00e9lo pratiqu\u00e9s quotidiennement en ville (pour aller travailler par exemple) sont des <strong>bienfaits<\/strong> essentiels pour la sant\u00e9. A Montpellier, le v\u00e9lo justement se d\u00e9veloppe avec la cr\u00e9ation r\u00e9guli\u00e8re d\u2019\u00e9quipements favorisant sa pratique, <a href=\"https:\/\/actu.fr\/occitanie\/montpellier_34172\/premiere-en-france-a-montpellier-l-ancien-tunnel-de-la-comedie-devient-une-piste-cyclable_63499547.html\" target=\"_blank\" rel=\"noopener\">comme l\u2019illustre la r\u00e9cente inauguration de la galerie de la Com\u00e9die\u2026 <\/a><\/p>\n<p>Essentiels pour la sant\u00e9<\/p>\n<p class=\" wall-content\"><a href=\"https:\/\/actu.fr\/occitanie\/montpellier_34172\/montpellier-entre-le-sondage-ifop-metropolitain-et-le-terrain-une-campagne-municipale-a-plusieurs-vitesses_63513559.html\" target=\"_blank\" rel=\"noopener\">Mais \u00e0 l\u2019approche des \u00e9lections municipales<\/a>, V\u00e9locit\u00e9 entend <strong>maintenir la pression<\/strong> sur les candidats en rappelant que les <strong>mobilit\u00e9s douces<\/strong> sont des enjeux in\u00e9vitables. Lundi 19 janvier 2026, \u00e0 la salle P\u00e9trarque, V\u00e9locit\u00e9 invite les Montpelli\u00e9rains \u00e0 une conf\u00e9rence qui permettra de reposer les enjeux autour du v\u00e9lo et de la marche en \u00e9changeant sur le th\u00e8me \u00ab Impact des d\u00e9placements actifs <strong>sur la sant\u00e9 mentale<\/strong> et <strong>la sant\u00e9 physique<\/strong> : pourquoi les politiques publiques favorisant la marche et le v\u00e9lo sont essentielles pour la sant\u00e9 \u00bb.<\/p>\n<p>Approche g\u00e9opolitique<\/p>\n<p class=\" wall-content\">C\u2019est <strong>Anne S\u00e9n\u00e9quier,<\/strong> l\u2019une des responsables de l\u2019association, mais aussi m\u00e9decin psychiatre, chercheuse et co-directrice \u00e0 l\u2019Observatoire de la sant\u00e9 mondiale de l\u2019Institut de relations internationales et Strat\u00e9giques (IRIS) qui animera ce rendez-vous. La scientifique cycliste, titulaire d\u2019un doctorat en psychiatrie et d\u2019un double master en sant\u00e9 publique et en action humanitaire, associera <strong>expertise m\u00e9dicale et approche g\u00e9opolitique<\/strong> pour analyser les enjeux de sant\u00e9 environnementale.<\/p>\n<blockquote class=\"ac-article-quote wall-content\">\n<p>\u00ab\u00a0Les mobilit\u00e9s actives ne sont pas un suppl\u00e9ment d\u2019\u00e2me \u00e9cologique, mais une politique de pr\u00e9vention \u00e0 part enti\u00e8re\u00a0\u00bb<\/p>\n<p>    <strong>Anne S\u00e9n\u00e9quier<\/strong>\n            <\/p><\/blockquote>\n<p class=\" wall-content\">Elle tentera de r\u00e9pondre \u00e0 cette question : \u00ab Et si la s\u00e9dentarit\u00e9 \u00e9tait devenue l\u2019un des premiers risques sanitaires de nos villes, bien avant la pollution ou le climat ? \u00bb et d\u00e9montrera comment <strong>nos choix de mobilit\u00e9<\/strong> impactent nos corps et nos esprits\u2026 et nos territoires. \u00ab Marcher et p\u00e9daler au quotidien ne rel\u00e8vent ni du loisir ni d\u2019un choix individuel marginal : ce sont <strong>des d\u00e9terminants majeurs de sant\u00e9 publique<\/strong>, au croisement de plusieurs crises contemporaines : s\u00e9dentarit\u00e9, maladies chroniques, d\u00e9tresse psychique, pollution de l\u2019air, in\u00e9galit\u00e9s territoriales et sociales \u00bb, commence-t-elle.<\/p>\n<p>Vid\u00e9os : en ce moment sur Actu<br \/>\n    <img   decoding=\"async\" loading=\"lazy\" src=\"https:\/\/www.europesays.com\/fr\/wp-content\/uploads\/2026\/01\/photo-velo-montpellier-960x640.jpg\" alt=\"Dans les rues des Montpellier, la pratique quotidienne du v\u00e9lo se d\u00e9veloppe en m\u00eame temps que  sont livr\u00e9s de nouvelles pistes cyclables\" width=\"960\" height=\"640\"\/><br \/>\n    Dans les rues des Montpellier, la pratique quotidienne du v\u00e9lo se d\u00e9veloppe en m\u00eame temps que sont livr\u00e9s de nouvelles pistes cyclables (\u00a9M\u00e9tropolitain)<br \/>\n    <a href=\"https:\/\/www.google.com\/maps\/embed?pb=!1m18!1m12!1m3!1d2888.8016205627196!2d3.875901411216651!3d43.61067197098364!2m3!1f0!2f0!3f0!3m2!1i1024!2i768!4f13.1!3m3!1m2!1s0x12b6af09d3909e05%3A0x17ecbe57b49f52be!2sSalle%20P%C3%A9trarque%20-%20H%C3%B4tel%20de%20Varennes!5e0!3m2!1sfr!2sfr!4v1768302101864!5m2!1sfr!2sfr\" title=\"Ouvrie le lien\" target=\"_blank\" rel=\"noopener\">Cliquez ici pour visualiser le contenu<\/a><\/p>\n<p>Votre r\u00e9gion, votre actu !<\/p>\n<p>Recevez chaque jour les infos qui comptent pour vous.<\/p>\n<p>\t<a href=\"https:\/\/actu.fr\/newsletter\" class=\"ac-btn ac-btn--corner ac-btn--medium ac-btn--blue800\" target=\"_blank\" rel=\"noopener\">S&rsquo;incrire<\/a><br \/>\nQualit\u00e9 de vie urbaine<\/p>\n<p class=\" wall-content\">Anne S\u00e9n\u00e9quier assure que le v\u00e9lo et la marche sont des leviers transversaux, capables d\u2019agir simultan\u00e9ment sur la sant\u00e9 physique, la sant\u00e9 mentale, la <strong>qualit\u00e9 de vie urbaine<\/strong>, la <strong>coh\u00e9sion sociale<\/strong> et l\u2019<strong>adaptation au changement climatique<\/strong>\u00a0: \u00ab\u00a0Ils redonnent du mouvement \u00e0 des soci\u00e9t\u00e9s fig\u00e9es, de l\u2019autonomie \u00e0 des quotidiens satur\u00e9s, et de la lisibilit\u00e9 \u00e0 des politiques publiques trop souvent fragment\u00e9es\u00a0\u00bb, poursuit-elle\u00a0: \u00ab\u00a0Cette conf\u00e9rence sera l\u2019occasion de rappeler pourquoi les mobilit\u00e9s actives ne sont pas un suppl\u00e9ment d\u2019\u00e2me \u00e9cologique, mais <strong>une politique de pr\u00e9vention \u00e0 part enti\u00e8re<\/strong>\u00a0\u00bb.<\/p>\n<p>Les candidats bienvenus<\/p>\n<p class=\" wall-content\">V\u00e9locit\u00e9 estime que des choix doivent \u00eatre faits ou affirm\u00e9s: \u00ab ce n\u2019est pas une injonction individuelle, mais <strong>un choix collectif<\/strong> d\u2019am\u00e9nagement et de sant\u00e9 publique\u2026 Rendez-vous le 19 janvier pour penser ensemble comment <strong>remettre nos soci\u00e9t\u00e9s en mouvemen<\/strong>t, au sens propre comme au sens sanitaire \u00bb, conclut la scientifique. Cette conf\u00e9rence sera la derni\u00e8re initi\u00e9e par l\u2019association dans le contexte de la campagne des municipales 2026 \u00ab pour explorer diff\u00e9rents sujets en lien avec la <strong>promotion du v\u00e9lo<\/strong>\u2026 Les candidates et candidats sont les bienvenues \u00bb, s\u2019amuse V\u00e9locit\u00e9.<\/p>\n<p><strong>Infos pratiques<\/strong><br \/>\nConf\u00e9rence V\u00e9locit\u00e9<br \/>\n\u00ab\u00a0Impact des d\u00e9placements actifs sur la sant\u00e9 mentale et la sant\u00e9 physique\u00a0\u00bb<br \/>\nAnim\u00e9e par Anne S\u00e9n\u00e9quier<br \/>\nLundi 19 janvier 2026<br \/>\nSalle P\u00e9trarque, \u00e0 19h<br \/>\nLe site de l\u2019association\u00a0: <a href=\"http:\/\/www.velocite-montpellier.fr\/\" target=\"_blank\" rel=\"noopener\">www.velocite-montpellier.fr\/<\/a><\/p>\n<p class=\" wall-content\">Personnalisez votre actualit\u00e9 en ajoutant vos villes et m\u00e9dias en favori avec <a href=\"https:\/\/moncompte.actu.fr\" title=\"D\u00e9couvez Mon Actu\" rel=\"nofollow noopener\" data-trk=\"{&quot;cta&quot;:{&quot;action&quot;:&quot;https:\\\/\\\/moncompte.actu.fr&quot;,&quot;category&quot;:&quot;mon compte&quot;,&quot;from&quot;:&quot;article footer&quot;,&quot;name&quot;:&quot;Mon actu&quot;,&quot;type&quot;:&quot;cta&quot;}}\" target=\"_blank\">Mon Actu<\/a>.<\/p>\n","protected":false},"excerpt":{"rendered":"Par Gil Martin Publi\u00e9 le 13 janv. 2026 \u00e0 17h21 Pour l\u2019association V\u00e9locit\u00e9, une \u00e9vidence : la marche&hellip;\n","protected":false},"author":2,"featured_media":661493,"comment_status":"","ping_status":"","sticky":false,"template":"","format":"standard","meta":{"footnotes":""},"categories":[9599],"tags":[1111,11,1777,674,1011,27,2208,12,2680,25,104],"class_list":{"0":"post-661492","1":"post","2":"type-post","3":"status-publish","4":"format-standard","5":"has-post-thumbnail","7":"category-montpellier","8":"tag-actu","9":"tag-actualites","10":"tag-eu","11":"tag-europe","12":"tag-fr","13":"tag-france","14":"tag-montpellier","15":"tag-news","16":"tag-occitanie","17":"tag-republique-francaise","18":"tag-societe"},"share_on_mastodon":{"url":"https:\/\/pubeurope.com\/@fr\/115889937213975804","error":""},"_links":{"self":[{"href":"https:\/\/www.europesays.com\/fr\/wp-json\/wp\/v2\/posts\/661492","targetHints":{"allow":["GET"]}}],"collection":[{"href":"https:\/\/www.europesays.com\/fr\/wp-json\/wp\/v2\/posts"}],"about":[{"href":"https:\/\/www.europesays.com\/fr\/wp-json\/wp\/v2\/types\/post"}],"author":[{"embeddable":true,"href":"https:\/\/www.europesays.com\/fr\/wp-json\/wp\/v2\/users\/2"}],"replies":[{"embeddable":true,"href":"https:\/\/www.europesays.com\/fr\/wp-json\/wp\/v2\/comments?post=661492"}],"version-history":[{"count":0,"href":"https:\/\/www.europesays.com\/fr\/wp-json\/wp\/v2\/posts\/661492\/revisions"}],"wp:featuredmedia":[{"embeddable":true,"href":"https:\/\/www.europesays.com\/fr\/wp-json\/wp\/v2\/media\/661493"}],"wp:attachment":[{"href":"https:\/\/www.europesays.com\/fr\/wp-json\/wp\/v2\/media?parent=661492"}],"wp:term":[{"taxonomy":"category","embeddable":true,"href":"https:\/\/www.europesays.com\/fr\/wp-json\/wp\/v2\/categories?post=661492"},{"taxonomy":"post_tag","embeddable":true,"href":"https:\/\/www.europesays.com\/fr\/wp-json\/wp\/v2\/tags?post=661492"}],"curies":[{"name":"wp","href":"https:\/\/api.w.org\/{rel}","templated":true}]}}