{"id":661494,"date":"2026-01-13T21:34:14","date_gmt":"2026-01-13T21:34:14","guid":{"rendered":"https:\/\/www.europesays.com\/fr\/661494\/"},"modified":"2026-01-13T21:34:14","modified_gmt":"2026-01-13T21:34:14","slug":"le-gym-recevra-montpellier-en-8e-de-finale","status":"publish","type":"post","link":"https:\/\/www.europesays.com\/fr\/661494\/","title":{"rendered":"Le Gym recevra Montpellier en 8e de finale"},"content":{"rendered":"<p>\n                    Coupe de France<\/p>\n<p>Le tirage au sort des 8es de finale de Coupe de France vient d&rsquo;\u00eatre effectu\u00e9, en lever de rideau du dernier duel des 16es entre Bayeux et l&rsquo;OM au stade Michel d&rsquo;Ornano de Caen.<\/p>\n<p>Vainqueur de l&rsquo;AS Saint-Etienne \u00e0 l&rsquo;Allianz Riviera pour son entr\u00e9e en lice (2-1) et de Nantes dimanche (1-1, 5-3 tab) en 16e de finale,<strong> le Gym recevra le Montpellier HSC, <\/strong>pensionnaire de Ligue 2 BKT,<b>\u00a0<\/b>le mercredi 4 f\u00e9vrier prochain \u00e0 l&rsquo;Allianz Riviera.<\/p>\n<p>Lors des tours pr\u00e9c\u00e9dents, Montpellier a \u00e9cart\u00e9 Montceau (2-0), le FC Canet Roussillon (1-0) et le FC Metz (4-0) sur sa pelouse en 16e de finale.\u00a0<\/p>\n<p>\u00a0<\/p>\n","protected":false},"excerpt":{"rendered":"Coupe de France Le tirage au sort des 8es de finale de Coupe de France vient d&rsquo;\u00eatre effectu\u00e9,&hellip;\n","protected":false},"author":2,"featured_media":661495,"comment_status":"","ping_status":"","sticky":false,"template":"","format":"standard","meta":{"footnotes":""},"categories":[9599],"tags":[1111,11,1777,674,1011,27,2208,12,2680,25],"class_list":{"0":"post-661494","1":"post","2":"type-post","3":"status-publish","4":"format-standard","5":"has-post-thumbnail","7":"category-montpellier","8":"tag-actu","9":"tag-actualites","10":"tag-eu","11":"tag-europe","12":"tag-fr","13":"tag-france","14":"tag-montpellier","15":"tag-news","16":"tag-occitanie","17":"tag-republique-francaise"},"share_on_mastodon":{"url":"https:\/\/pubeurope.com\/@fr\/115889941287183010","error":""},"_links":{"self":[{"href":"https:\/\/www.europesays.com\/fr\/wp-json\/wp\/v2\/posts\/661494","targetHints":{"allow":["GET"]}}],"collection":[{"href":"https:\/\/www.europesays.com\/fr\/wp-json\/wp\/v2\/posts"}],"about":[{"href":"https:\/\/www.europesays.com\/fr\/wp-json\/wp\/v2\/types\/post"}],"author":[{"embeddable":true,"href":"https:\/\/www.europesays.com\/fr\/wp-json\/wp\/v2\/users\/2"}],"replies":[{"embeddable":true,"href":"https:\/\/www.europesays.com\/fr\/wp-json\/wp\/v2\/comments?post=661494"}],"version-history":[{"count":0,"href":"https:\/\/www.europesays.com\/fr\/wp-json\/wp\/v2\/posts\/661494\/revisions"}],"wp:featuredmedia":[{"embeddable":true,"href":"https:\/\/www.europesays.com\/fr\/wp-json\/wp\/v2\/media\/661495"}],"wp:attachment":[{"href":"https:\/\/www.europesays.com\/fr\/wp-json\/wp\/v2\/media?parent=661494"}],"wp:term":[{"taxonomy":"category","embeddable":true,"href":"https:\/\/www.europesays.com\/fr\/wp-json\/wp\/v2\/categories?post=661494"},{"taxonomy":"post_tag","embeddable":true,"href":"https:\/\/www.europesays.com\/fr\/wp-json\/wp\/v2\/tags?post=661494"}],"curies":[{"name":"wp","href":"https:\/\/api.w.org\/{rel}","templated":true}]}}