{"id":661496,"date":"2026-01-13T21:35:10","date_gmt":"2026-01-13T21:35:10","guid":{"rendered":"https:\/\/www.europesays.com\/fr\/661496\/"},"modified":"2026-01-13T21:35:10","modified_gmt":"2026-01-13T21:35:10","slug":"deux-etudiants-proposent-une-rencontre-autour-dun-film-culte-tourne-a-rouen-et-recemment-restaure","status":"publish","type":"post","link":"https:\/\/www.europesays.com\/fr\/661496\/","title":{"rendered":"Deux \u00e9tudiants proposent une rencontre autour d&rsquo;un film culte tourn\u00e9 \u00e0 Rouen et r\u00e9cemment restaur\u00e9"},"content":{"rendered":"<p>                    Par<br \/>\n        <strong><br \/>\n            <a href=\"https:\/\/actu.fr\/auteur\/laredaction\" title=\"Consulter tous les articles de R\u00e9daction Normandie\" target=\"_blank\" rel=\"noopener\">R\u00e9daction Normandie<\/a><br \/>\n                    <\/strong><\/p>\n<p>        Publi\u00e9 le<\/p>\n<p>            13 janv. 2026 \u00e0 20h22        <\/p>\n<p>\u00c0 <a href=\"https:\/\/actu.fr\/normandie\/mont-saint-aignan_76451\" target=\"_blank\" rel=\"noopener\">Mont-Saint-Aignan<\/a>, Marie-Lou Lecomte et Arthur Lebecq, deux jeunes \u00e9tudiants \u00e0 l\u2019<a href=\"https:\/\/actu.fr\/tag\/universite-de-rouen\" target=\"_blank\" rel=\"noopener\">Universit\u00e9 de Rouen<\/a>, organisent <strong>un cin\u00e9-rencontre autour du film Le Go\u00fbt des autres <\/strong>de la r\u00e9alisatrice Agn\u00e8s Jaoui. <strong>Le film avait \u00e9t\u00e9 tourn\u00e9 \u00e0 Rouen.<\/strong><\/p>\n<p>Le Go\u00fbt des autres en version restaur\u00e9e<\/p>\n<p class=\" wall-content\">En l\u2019honneur des 25 ans du film, cette \u0153uvre culte du cin\u00e9ma fran\u00e7ais, restaur\u00e9 pour l\u2019occasion, refait \u00e0 nouveau surface. C\u2019est ce mercredi 14 janvier \u00e0 20h, au cin\u00e9ma l\u2019Ariel que vous allez pouvoir d\u00e9couvrir ou red\u00e9couvrir ce classique fran\u00e7ais en pr\u00e9sence du directeur de la photographie Laurent Dailland (Ast\u00e9rix et Ob\u00e9lix : Mission Cl\u00e9op\u00e2tre, la Cit\u00e9 de la Peur ou encore Place Vend\u00f4me).\u00a0<\/p>\n<p class=\" wall-content\">Pour m\u00e9moire, le film raconte l\u2019histoire de Jean-Jacques Castella un grand chef d\u2019entreprise qui n\u2019est pas int\u00e9ress\u00e9 par la culture en g\u00e9n\u00e9ral. Un soir il se retrouve dans l\u2019obligation d\u2019aller voir la pi\u00e8ce de th\u00e9\u00e2tre B\u00e9r\u00e9nice\u00a0avec sa femme Virginie. <strong>Il tombe amoureux<\/strong> du texte et de l\u2019actrice Clara Devaux qui interpr\u00e8te le r\u00f4le principal. Par chance Clara se retrouve \u00e0 donner des cours d\u2019anglais \u00e0 Castella dans un cadre professionnel, l\u2019occasion pour lui de se rapprocher de la jeune femme et de s\u2019ouvrir \u00e0 l\u2019art par la m\u00eame occasion. Mais ce ne sera pas de tout repos\u2026<\/p>\n<p>Un film qui n\u2019a pas pris une ride<\/p>\n<p class=\" wall-content\">C\u2019est 25 ans apr\u00e8s sa sortie que Marie-Lou et Arthur, \u00e9tudiants en licence M\u00e9tiers de la Culture, organisent cette rencontre cin\u00e9ma. Un choix de film pas anodin, expliquent-ils \u00e0 la r\u00e9daction de 76actu. \u00ab Nous trouvons pertinent de choisir un film parlant directement de notre parcours, puisqu\u2019il concerne l\u2019\u00e9litisme dans l\u2019art, sujet qui 25 ans plus tard<strong> fait plus que jamais \u00e9cho \u00e0 la r\u00e9alit\u00e9<\/strong>. \u00bb<\/p>\n<p>Vid\u00e9os : en ce moment sur Actu<\/p>\n<p class=\" wall-content\">Un \u00e9cho \u00e0 la r\u00e9alit\u00e9 plus que pr\u00e9sent puisque le film transforme la culture en outil d\u2019exclusion et rappelle que l\u2019art devrait \u00eatre un espace de rencontre et pas de domination. \u00ab L\u2019aspect \u2018choc des cultures\u2019 et cette rencontre entre deux univers, qui ne se c\u00f4toient habituellement pas, permet d\u2019adresser directement le probl\u00e8me de l\u2019\u00e9litisme et de ses r\u00e9percussions pour les deux milieux \u00bb, poursuivent les deux jeunes.<\/p>\n<p>En pr\u00e9sence du directeur de la photographie<\/p>\n<p class=\" wall-content\">Au-del\u00e0 de la projection, ces \u00e9tudiants ont souhait\u00e9 inscrire cette rencontre avec Laurent Dailland, comme un rendez-vous de transmission et de dialogue. L\u2019objectif n\u2019\u00e9tait pas seulement de montrer un film, <strong>mais d\u2019en partager les enjeux avec le public<\/strong>. Le choix d\u2019un film avec plusieurs histoires diff\u00e9rentes permet de rassembler des spectateurs aux profils vari\u00e9s et de cr\u00e9er un espace de discussion accessible \u00e0 tous.\u00a0<\/p>\n<p>Votre r\u00e9gion, votre actu !<\/p>\n<p>Recevez chaque jour les infos qui comptent pour vous.<\/p>\n<p>\t<a href=\"https:\/\/actu.fr\/newsletter\" class=\"ac-btn ac-btn--corner ac-btn--medium ac-btn--blue800\" target=\"_blank\" rel=\"noopener\">S&rsquo;incrire<\/a><\/p>\n<p class=\" wall-content\">Au-del\u00e0 de son propos sur l\u2019\u00e9litisme culturel, Le Go\u00fbt des autres continue de marquer par la justesse de sa mise en sc\u00e8ne et de ses personnages. Les deux passionn\u00e9s de cin\u00e9ma soulignent notamment la mani\u00e8re dont <strong>Agn\u00e8s Jaoui<\/strong> donne vie \u00e0 ses personnages, \u00e0 commencer par celui interpr\u00e9t\u00e9 par le regrett\u00e9 <strong>Jean-Pierre Bacri<\/strong>. \u00ab Le personnage de Bacri est si vraisemblable qu\u2019il \u00e9voque forc\u00e9ment quelqu\u2019un \u00e0 quiconque a vu le film. \u00bb Les \u00e9tudiants saluent \u00e9galement les performances nuanc\u00e9es des acteurs.\u00a0<\/p>\n<p class=\" wall-content\">De Jean-Pierre Bacri \u00e0 Alain Chabat, en passant par Anne Alvaro ou encore G\u00e9rard Lanvin, ces acteurs et actrices se retrouvent port\u00e9es par des dialogues d\u2019une grande pr\u00e9cision. Le personnage incarn\u00e9 par Agn\u00e8s Jaoui elle-m\u00eame occupe d\u2019ailleurs une place singuli\u00e8re, comme nous l\u2019affirment Marie-Lou et Arthur : \u00ab Elle a un r\u00f4le tr\u00e8s int\u00e9ressant qui se positionne comme un outsider entre ces deux milieux. Ce qui pourrait indiquer qu\u2019elle inclut non pas son personnage de Manie \u00e0 cette r\u00e9flexion mais bien elle-m\u00eame en tant qu\u2019actrice de la culture \u00bb.<\/p>\n<p class=\" wall-content\">Vingt-cinq ans apr\u00e8s sa sortie et \u00e0 l\u2019occasion de sa restauration, le film conserve ainsi une r\u00e9sonance intacte, confirmant toute la pertinence de cette rencontre cin\u00e9ma.<\/p>\n<p class=\" wall-content\"><strong>Rachel Quenot<\/strong><\/p>\n<p>Mercredi 14 janvier : 20h. Prix : 7,10 euros tarif plein, 3,60 euros tarif r\u00e9duit<br \/>\n*voir les modalit\u00e9s directement sur le site internet du cin\u00e9ma. Le cin\u00e9ma l\u2019Ariel ne fait pas de pr\u00e9vente, la vente des places se fera sur place. Place Colbert, 76130 Mont-Saint-Aignan. T\u00e9l\u00e9phone : 02 35 15 25 99. <a href=\"https:\/\/www.montsaintaignan.fr\/culture-sport-et-loisirs\/vie-culturelle\/cinema-ariel\" target=\"_blank\" rel=\"noopener\">Site internet<\/a>.Suivez l\u2019actualit\u00e9 de Rouen <a href=\"https:\/\/www.whatsapp.com\/channel\/0029VaKfnf99hXF2ddApFB1D\" target=\"_blank\" rel=\"noopener\">sur notre cha\u00eene WhatsApp<\/a> et <a href=\"https:\/\/www.tiktok.com\/@76actu.fr?lang=fr\" target=\"_blank\" rel=\"noopener\">sur notre compte TikTok<\/a><\/p>\n<p class=\" wall-content\">Personnalisez votre actualit\u00e9 en ajoutant vos villes et m\u00e9dias en favori avec <a href=\"https:\/\/moncompte.actu.fr\" title=\"D\u00e9couvez Mon Actu\" rel=\"nofollow noopener\" data-trk=\"{&quot;cta&quot;:{&quot;action&quot;:&quot;https:\\\/\\\/moncompte.actu.fr&quot;,&quot;category&quot;:&quot;mon compte&quot;,&quot;from&quot;:&quot;article footer&quot;,&quot;name&quot;:&quot;Mon actu&quot;,&quot;type&quot;:&quot;cta&quot;}}\" target=\"_blank\">Mon Actu<\/a>.<\/p>\n<p>                    <script async src=\"\/\/www.tiktok.com\/embed.js\"><\/script><\/p>\n","protected":false},"excerpt":{"rendered":"Par R\u00e9daction Normandie Publi\u00e9 le 13 janv. 2026 \u00e0 20h22 \u00c0 Mont-Saint-Aignan, Marie-Lou Lecomte et Arthur Lebecq, deux&hellip;\n","protected":false},"author":2,"featured_media":661497,"comment_status":"","ping_status":"","sticky":false,"template":"","format":"standard","meta":{"footnotes":""},"categories":[9587],"tags":[1111,11,9086,650,1777,674,1011,27,1652,12,5161,25,9590,18094],"class_list":{"0":"post-661496","1":"post","2":"type-post","3":"status-publish","4":"format-standard","5":"has-post-thumbnail","7":"category-rouen","8":"tag-actu","9":"tag-actualites","10":"tag-bon-plan-a-rouen","11":"tag-cinema","12":"tag-eu","13":"tag-europe","14":"tag-fr","15":"tag-france","16":"tag-loisirs-culture","17":"tag-news","18":"tag-normandie","19":"tag-republique-francaise","20":"tag-rouen","21":"tag-universite-de-rouen"},"share_on_mastodon":{"url":"https:\/\/pubeurope.com\/@fr\/115889945023913876","error":""},"_links":{"self":[{"href":"https:\/\/www.europesays.com\/fr\/wp-json\/wp\/v2\/posts\/661496","targetHints":{"allow":["GET"]}}],"collection":[{"href":"https:\/\/www.europesays.com\/fr\/wp-json\/wp\/v2\/posts"}],"about":[{"href":"https:\/\/www.europesays.com\/fr\/wp-json\/wp\/v2\/types\/post"}],"author":[{"embeddable":true,"href":"https:\/\/www.europesays.com\/fr\/wp-json\/wp\/v2\/users\/2"}],"replies":[{"embeddable":true,"href":"https:\/\/www.europesays.com\/fr\/wp-json\/wp\/v2\/comments?post=661496"}],"version-history":[{"count":0,"href":"https:\/\/www.europesays.com\/fr\/wp-json\/wp\/v2\/posts\/661496\/revisions"}],"wp:featuredmedia":[{"embeddable":true,"href":"https:\/\/www.europesays.com\/fr\/wp-json\/wp\/v2\/media\/661497"}],"wp:attachment":[{"href":"https:\/\/www.europesays.com\/fr\/wp-json\/wp\/v2\/media?parent=661496"}],"wp:term":[{"taxonomy":"category","embeddable":true,"href":"https:\/\/www.europesays.com\/fr\/wp-json\/wp\/v2\/categories?post=661496"},{"taxonomy":"post_tag","embeddable":true,"href":"https:\/\/www.europesays.com\/fr\/wp-json\/wp\/v2\/tags?post=661496"}],"curies":[{"name":"wp","href":"https:\/\/api.w.org\/{rel}","templated":true}]}}