{"id":661498,"date":"2026-01-13T21:36:10","date_gmt":"2026-01-13T21:36:10","guid":{"rendered":"https:\/\/www.europesays.com\/fr\/661498\/"},"modified":"2026-01-13T21:36:10","modified_gmt":"2026-01-13T21:36:10","slug":"a-la-barre-lattitude-du-jeune-contrebandier-de-tabac-interpelle-le-tribunal","status":"publish","type":"post","link":"https:\/\/www.europesays.com\/fr\/661498\/","title":{"rendered":"\u00e0 la barre, l&rsquo;attitude du jeune contrebandier de tabac interpelle le tribunal"},"content":{"rendered":"<p>                    Par<br \/>\n        <strong><br \/>\n            <a href=\"https:\/\/actu.fr\/auteur\/aurelien-delavaud\" title=\"Consulter tous les articles de Aur\u00e9lien Delavaud\" target=\"_blank\" rel=\"noopener\">Aur\u00e9lien Delavaud<\/a><br \/>\n                    <\/strong><\/p>\n<p>        Publi\u00e9 le<\/p>\n<p>            13 janv. 2026 \u00e0 21h07        <\/p>\n<p>L\u2019ensemble de la <b>cour<\/b> s\u2019en amusait presque, \u00e0 l\u2019issue de l\u2019audience. C\u2019est que les magistrats n\u2019ont pas l\u2019habitude de voir une telle nonchalance, \u00e0 la limite de l\u2019impertinence, de la part d\u2019un pr\u00e9venu.<\/p>\n<p class=\" wall-content\">Mais le jeune homme jug\u00e9 le lundi 12 janvier 2026 devant le <b>tribunal<\/b> de <a href=\"https:\/\/actu.fr\/normandie\/rouen_76540\" target=\"_blank\" rel=\"noopener\">Rouen (Seine-Maritime)<\/a>, d\u00e9j\u00e0 familier de l\u2019institution judiciaire avec de <b>nombreuses condamnations<\/b> \u00e0 son actif, dont un vol avec arme commis il y a quelques ann\u00e9es dans l\u2019Aube, s\u2019est \u00e9vertu\u00e9 \u00e0 leur prouver qu\u2019il n\u2019\u00e9tait pas du tout impressionn\u00e9 par la situation.<\/p>\n<p>Du tabac ramen\u00e9 ill\u00e9galement du Luxembourg<\/p>\n<p class=\" wall-content\">Cette nouvelle affaire commence le mardi 8 juillet 2025, lorsqu\u2019un buraliste d\u2019<a href=\"https:\/\/actu.fr\/normandie\/elbeuf_76231\" target=\"_blank\" rel=\"noopener\">Elbeuf<\/a> alerte la police municipale de la commune. Selon son signalement, un <b>individu vend du tabac<\/b> depuis sa voiture, stationn\u00e9e \u00e0 proximit\u00e9. Gr\u00e2ce aux cam\u00e9ras de vid\u00e9oprotection, les agents remarquent en effet, \u00e0 distance, des transactions entre l\u2019homme au volant et des acheteurs.<\/p>\n<p class=\" wall-content\">En milieu de journ\u00e9e, ils d\u00e9cident d\u2019intervenir. Sur place, ils assistent \u00e0 une nouvelle transaction et d\u00e9cident donc de contr\u00f4ler les deux personnes. Le suspect d\u00e9clare alors qu\u2019il \u00ab\u00a0rend service \u00e0 un ami en lui donnant deux pots de tabac\u00a0\u00bb. Alors qu\u2019il est plac\u00e9 en garde \u00e0 vue, 39 pots de tabac sont retrouv\u00e9s dans sa voiture et 60 \u20ac sont saisis sur lui.<\/p>\n<p class=\" wall-content\">Interrog\u00e9, le jeune homme reconna\u00eet les faits. Il indique aux policiers qu\u2019il a fait un aller-retour la nuit pr\u00e9c\u00e9dente, au <b>Luxembourg<\/b>, o\u00f9 il a achet\u00e9 \u00ab\u00a049 pots pour environ 700 euros\u00a0\u00bb. De retour \u00e0 Elbeuf, il utilisait le r\u00e9seau social Snapchat pour trouver des acheteurs et leur donner rendez-vous.<\/p>\n<p>Vid\u00e9os : en ce moment sur ActuUn vrai risque de r\u00e9cidive ?\u00a0<\/p>\n<p class=\" wall-content\">C\u2019est pour ces faits de vente de tabac sans autorisation et d\u2019<b>importation en contrebande<\/b> qu\u2019il \u00e9tait entendu par le tribunal de Rouen. Pour des faits similaires, il avait d\u00e9j\u00e0 \u00e9t\u00e9 condamn\u00e9 quelques mois plus t\u00f4t, \u00e0 Evreux. Il se trouvait donc en situation de r\u00e9cidive.<\/p>\n<p class=\" wall-content\">Grand, la barbe \u00e9paisse et soign\u00e9e, l\u2019homme de 31 ans, p\u00e8re de deux enfants, admet \u00e0 la barre qu\u2019il est sans emploi et qu\u2019il vit du RSA. Une nouvelle fois, il reconna\u00eet les faits, mais le risque d\u2019une quinzi\u00e8me condamnation ne semble pas trop le toucher. Alors qu\u2019il indique qu\u2019il continue \u00e0 se fournir en tabac au Luxembourg, pour son propre usage, la pr\u00e9sidente du tribunal l\u2019avertit.<\/p>\n<p>Votre r\u00e9gion, votre actu !<\/p>\n<p>Recevez chaque jour les infos qui comptent pour vous.<\/p>\n<p>\t<a href=\"https:\/\/actu.fr\/newsletter\" class=\"ac-btn ac-btn--corner ac-btn--medium ac-btn--blue800\" target=\"_blank\" rel=\"noopener\">S&rsquo;incrire<\/a><\/p>\n<blockquote class=\"ac-article-quote wall-content\">\n<p>Maintenant, vous savez qu\u2019il y a de la vid\u00e9osurveillance \u00e0 Elbeuf. Si vous avez encore l\u2019id\u00e9e de traficoter du tabac, \u00e7a se verra !<\/p>\n<p>La pr\u00e9sidente du tribunal<\/p><\/blockquote>\n<p class=\" wall-content\">Ce risque de <b>r\u00e9cidive<\/b>, c\u2019est ce qui inqui\u00e8te le procureur : \u00ab\u00a0Vous n\u2019avez pas l\u2019air tr\u00e8s motiv\u00e9 pour reprendre un travail, le risque de r\u00e9cidive est pr\u00e9sent.\u00a0\u00bb V\u00e9h\u00e9ment, le pr\u00e9venu l\u2019interrompt : \u00ab\u00a0Ce n\u2019est pas parce que je ne travaille pas que je vais r\u00e9cidiver, c\u2019est n\u2019importe quoi !\u00a0\u00bb\u00a0<\/p>\n<p class=\" wall-content\">Lors de son r\u00e9quisitoire, le procureur demande au tribunal une condamnation \u00e0 150 jours amendes \u00e0 10 \u20ac chacun et la confiscation des 60 euros saisis lors de son interpellation. Finalement, le tribunal ira un petit peu plus loin. Il le <b>condamne<\/b> bien \u00e0 cette amende et \u00e0 cette saisie, mais il ordonne \u00e9galement la confiscation du v\u00e9hicule avec lequel le d\u00e9lit a \u00e9t\u00e9 commis.\u00a0<\/p>\n<p class=\" wall-content\">Toujours aussi bravache, le jeune homme r\u00e9torque que cette voiture a d\u00e9j\u00e0 fait l\u2019objet d\u2019une destruction et tourne les talons pour quitter la salle avant m\u00eame que la pr\u00e9sidente soit all\u00e9e au bout de sa phrase.<\/p>\n<p class=\" wall-content\">Personnalisez votre actualit\u00e9 en ajoutant vos villes et m\u00e9dias en favori avec <a href=\"https:\/\/moncompte.actu.fr\" title=\"D\u00e9couvez Mon Actu\" rel=\"nofollow noopener\" data-trk=\"{&quot;cta&quot;:{&quot;action&quot;:&quot;https:\\\/\\\/moncompte.actu.fr&quot;,&quot;category&quot;:&quot;mon compte&quot;,&quot;from&quot;:&quot;article footer&quot;,&quot;name&quot;:&quot;Mon actu&quot;,&quot;type&quot;:&quot;cta&quot;}}\" target=\"_blank\">Mon Actu<\/a>.<\/p>\n","protected":false},"excerpt":{"rendered":"Par Aur\u00e9lien Delavaud Publi\u00e9 le 13 janv. 2026 \u00e0 21h07 L\u2019ensemble de la cour s\u2019en amusait presque, \u00e0&hellip;\n","protected":false},"author":2,"featured_media":661499,"comment_status":"","ping_status":"","sticky":false,"template":"","format":"standard","meta":{"footnotes":""},"categories":[9587],"tags":[1111,11,1777,674,118,1011,27,303,12,5161,25,9590,6582],"class_list":{"0":"post-661498","1":"post","2":"type-post","3":"status-publish","4":"format-standard","5":"has-post-thumbnail","7":"category-rouen","8":"tag-actu","9":"tag-actualites","10":"tag-eu","11":"tag-europe","12":"tag-faits-divers","13":"tag-fr","14":"tag-france","15":"tag-justice","16":"tag-news","17":"tag-normandie","18":"tag-republique-francaise","19":"tag-rouen","20":"tag-tabac"},"share_on_mastodon":{"url":"https:\/\/pubeurope.com\/@fr\/115889948941425511","error":""},"_links":{"self":[{"href":"https:\/\/www.europesays.com\/fr\/wp-json\/wp\/v2\/posts\/661498","targetHints":{"allow":["GET"]}}],"collection":[{"href":"https:\/\/www.europesays.com\/fr\/wp-json\/wp\/v2\/posts"}],"about":[{"href":"https:\/\/www.europesays.com\/fr\/wp-json\/wp\/v2\/types\/post"}],"author":[{"embeddable":true,"href":"https:\/\/www.europesays.com\/fr\/wp-json\/wp\/v2\/users\/2"}],"replies":[{"embeddable":true,"href":"https:\/\/www.europesays.com\/fr\/wp-json\/wp\/v2\/comments?post=661498"}],"version-history":[{"count":0,"href":"https:\/\/www.europesays.com\/fr\/wp-json\/wp\/v2\/posts\/661498\/revisions"}],"wp:featuredmedia":[{"embeddable":true,"href":"https:\/\/www.europesays.com\/fr\/wp-json\/wp\/v2\/media\/661499"}],"wp:attachment":[{"href":"https:\/\/www.europesays.com\/fr\/wp-json\/wp\/v2\/media?parent=661498"}],"wp:term":[{"taxonomy":"category","embeddable":true,"href":"https:\/\/www.europesays.com\/fr\/wp-json\/wp\/v2\/categories?post=661498"},{"taxonomy":"post_tag","embeddable":true,"href":"https:\/\/www.europesays.com\/fr\/wp-json\/wp\/v2\/tags?post=661498"}],"curies":[{"name":"wp","href":"https:\/\/api.w.org\/{rel}","templated":true}]}}