{"id":661504,"date":"2026-01-13T21:42:00","date_gmt":"2026-01-13T21:42:00","guid":{"rendered":"https:\/\/www.europesays.com\/fr\/661504\/"},"modified":"2026-01-13T21:42:00","modified_gmt":"2026-01-13T21:42:00","slug":"deux-patients-sont-morts-sur-des-brancards-aux-urgences-du-chu-de-rennes-la-surcharge-de-travail-des-soignants-questionnee","status":"publish","type":"post","link":"https:\/\/www.europesays.com\/fr\/661504\/","title":{"rendered":"deux patients sont morts sur des brancards aux urgences du CHU de Rennes, la surcharge de travail des soignants questionn\u00e9e"},"content":{"rendered":"<p class=\"article-p mdl\">Que s&rsquo;est-il pass\u00e9 ce week-end au CHU de Rennes ? Deux patients sont d\u00e9c\u00e9d\u00e9s sur des brancards alors qu&rsquo;ils attendaient aux urgences, dans la nuit de dimanche \u00e0 lundi 12 janvier. Si la F\u00e9d\u00e9ration hospitali\u00e8re de France (FHF) estime que les h\u00f4pitaux fran\u00e7ais tiennent bon, les soignants bretons ne sont pas de cet avis. Entre l&rsquo;<a class=\"link\" href=\"https:\/\/www.rtl.fr\/actu\/sante\/le-bon-cocktail-pour-permettre-la-contamination-face-a-l-epidemie-de-grippe-un-chef-en-reanimation-alerte-sur-les-mauvais-comportements-7900582788\" target=\"_blank\" rel=\"noopener\">\u00e9pid\u00e9mie de grippe<\/a>, les urgences habituelles et la\u00a0<a class=\"link\" href=\"https:\/\/www.rtl.fr\/actu\/debats-societe\/greve-des-medecins-liberaux-pour-eviter-les-requisitions-les-praticiens-s-exilent-en-belgique-pendant-quelques-jours-7900587372\" target=\"_blank\" rel=\"noopener\">gr\u00e8ve des m\u00e9decins lib\u00e9raux<\/a>, ils ne s&rsquo;en sortent plus.<\/p>\n<p class=\"article-p mdl\">La direction assure mener une analyse approfondie, avant d&rsquo;ajouter que les d\u00e9c\u00e8s font partie de la r\u00e9alit\u00e9 hospitali\u00e8re, l&rsquo;\u00e9tablissement accueillant quotidiennement des patients dans des situations critiques.\u00a0<\/p>\n<p>            Des couloirs bond\u00e9s<\/p>\n<p class=\"article-p mdl\">Lionel Lepagneul, secr\u00e9taire adjoint de la CGT du CHU, pointe, lui, une situation \u00ab\u00a0in\u00e9dite\u00a0\u00bb. Quand il arrive sur son lieu de travail ce jour-l\u00e0, les couloirs sont charg\u00e9s de brancards et ses coll\u00e8gues sont d\u00e9bord\u00e9s. \u00ab\u00a0Quand je suis arriv\u00e9, on m&rsquo;a dit : &lsquo;bienvenue en enfer'\u00a0\u00bb, se souvient-il, au micro de RTL.\u00a0<\/p>\n<p class=\"article-p mdl\">Pour le moment, on ne sait pas si la surcharge de travail du personnel soignant est responsable de ces d\u00e9c\u00e8s. \u00ab\u00a0Selon les premiers \u00e9l\u00e9ments de la direction, un patient \u00e9tait en fin de vie\u00a0\u00bb, rapporte Lionel Lepagneul.<\/p>\n<p class=\"article-p mdl\">Dans les derni\u00e8res 24 heures, l&rsquo;activit\u00e9 des urgences \u00e0 Rennes a explos\u00e9. En plus de l&rsquo;\u00e9pid\u00e9mie de grippe et de la gr\u00e8ve des m\u00e9decins g\u00e9n\u00e9ralistes, les urgences de Saint-Gr\u00e9goire et de Cesson, en p\u00e9riph\u00e9rie de Rennes, sont ferm\u00e9es. Du personnel a \u00e9t\u00e9 rappel\u00e9 en urgence, des lits suppl\u00e9mentaires ouverts et un poste m\u00e9dical avanc\u00e9 install\u00e9.<\/p>\n<p>    La r\u00e9daction vous recommande<\/p>\n<p class=\"s-newsletter__title\">\n                L\u2019actualit\u00e9 par la r\u00e9daction de RTL dans votre bo\u00eete mail.\n            <\/p>\n<p class=\"s-newsletter__subtitle\">\n                Gr\u00e2ce \u00e0 votre compte RTL abonnez-vous \u00e0 la newsletter RTL info pour suivre toute l&rsquo;actualit\u00e9 au quotidien\n            <\/p>\n<p>\n                                    Lire la suite\n                                <\/p>\n","protected":false},"excerpt":{"rendered":"Que s&rsquo;est-il pass\u00e9 ce week-end au CHU de Rennes ? Deux patients sont d\u00e9c\u00e9d\u00e9s sur des brancards alors&hellip;\n","protected":false},"author":2,"featured_media":661505,"comment_status":"","ping_status":"","sticky":false,"template":"","format":"standard","meta":{"footnotes":""},"categories":[2821],"tags":[1111,11,829,3983,1777,674,107,1011,27,2777,18,12,584,25],"class_list":{"0":"post-661504","1":"post","2":"type-post","3":"status-publish","4":"format-standard","5":"has-post-thumbnail","7":"category-rennes","8":"tag-actu","9":"tag-actualites","10":"tag-bretagne","11":"tag-deces","12":"tag-eu","13":"tag-europe","14":"tag-fil-info","15":"tag-fr","16":"tag-france","17":"tag-hopitaux","18":"tag-mort","19":"tag-news","20":"tag-rennes","21":"tag-republique-francaise"},"share_on_mastodon":{"url":"https:\/\/pubeurope.com\/@fr\/115889972363672787","error":""},"_links":{"self":[{"href":"https:\/\/www.europesays.com\/fr\/wp-json\/wp\/v2\/posts\/661504","targetHints":{"allow":["GET"]}}],"collection":[{"href":"https:\/\/www.europesays.com\/fr\/wp-json\/wp\/v2\/posts"}],"about":[{"href":"https:\/\/www.europesays.com\/fr\/wp-json\/wp\/v2\/types\/post"}],"author":[{"embeddable":true,"href":"https:\/\/www.europesays.com\/fr\/wp-json\/wp\/v2\/users\/2"}],"replies":[{"embeddable":true,"href":"https:\/\/www.europesays.com\/fr\/wp-json\/wp\/v2\/comments?post=661504"}],"version-history":[{"count":0,"href":"https:\/\/www.europesays.com\/fr\/wp-json\/wp\/v2\/posts\/661504\/revisions"}],"wp:featuredmedia":[{"embeddable":true,"href":"https:\/\/www.europesays.com\/fr\/wp-json\/wp\/v2\/media\/661505"}],"wp:attachment":[{"href":"https:\/\/www.europesays.com\/fr\/wp-json\/wp\/v2\/media?parent=661504"}],"wp:term":[{"taxonomy":"category","embeddable":true,"href":"https:\/\/www.europesays.com\/fr\/wp-json\/wp\/v2\/categories?post=661504"},{"taxonomy":"post_tag","embeddable":true,"href":"https:\/\/www.europesays.com\/fr\/wp-json\/wp\/v2\/tags?post=661504"}],"curies":[{"name":"wp","href":"https:\/\/api.w.org\/{rel}","templated":true}]}}