{"id":661506,"date":"2026-01-13T21:43:35","date_gmt":"2026-01-13T21:43:35","guid":{"rendered":"https:\/\/www.europesays.com\/fr\/661506\/"},"modified":"2026-01-13T21:43:35","modified_gmt":"2026-01-13T21:43:35","slug":"5-boutiques-strasbourgeoises-pour-savourer-du-sans-alcool","status":"publish","type":"post","link":"https:\/\/www.europesays.com\/fr\/661506\/","title":{"rendered":"5 boutiques strasbourgeoises pour savourer du sans alcool"},"content":{"rendered":"<p><strong>Le mois de janvier file \u00e0 toute vitesse, mais il est encore temps d\u2019appliquer ses bonnes r\u00e9solutions. L\u2019une d\u2019entre elles consiste \u00e0 diminuer ou arr\u00eater l\u2019alcool apr\u00e8s les f\u00eates lors du Dry January. Pour vous aider dans votre qu\u00eate de la boisson originale, sans ivresse et sans gueule de bois, voici 5 adresses qui pourraient vous faire de l\u2019\u0153il \u00e0 Strasbourg.<\/strong><\/p>\n<p>Le Cactus de Barnab\u00e9 (boutique de boissons sans alcool)<\/p>\n<p>Le Cactus de Barnab\u00e9, c\u2019est<strong> la premi\u00e8re boutique d\u00e9di\u00e9e exclusivement aux boissons sans alcool<\/strong> de Strasbourg et du Grand Est. <strong>Pionni\u00e8re dans le domaine, <\/strong>elle\u00a0a suscit\u00e9 la curiosit\u00e9 de pas mal de personnes \u00e0 son ouverture fin 2024.<\/p>\n<p>Aujourd\u2019hui, <strong>elle est devenue une v\u00e9ritable alternative<\/strong> pour des milliers d\u2019\u00e9picurien(ne)s qui souhaitent consommer autrement, <strong>autour de nouvelles approches et de nouvelles saveurs.<\/strong> On ne va pas vous faire une liste de ce que vous pourrez trouver sur place car la s\u00e9lection est vaste. <strong>Le mieux, c\u2019est d\u2019y passer.<\/strong><\/p>\n<p style=\"text-align: center;\"><strong>10 place Saint-\u00c9tienne, \u00e0 Strasbourg<\/strong><br \/><a href=\"https:\/\/www.google.com\/url?sa=t&amp;source=web&amp;rct=j&amp;opi=89978449&amp;url=https:\/\/lecactusdebarnabe.com\/&amp;ved=2ahUKEwjuhozj5YiSAxW4B9sEHR1PBU0QFnoECE8QAQ&amp;usg=AOvVaw2kWoPxAYJfc_cbl9ZRZDFt\" target=\"_blank\" rel=\"noopener\">Le site web<\/a><br \/><a href=\"https:\/\/www.google.com\/url?sa=t&amp;source=web&amp;rct=j&amp;opi=89978449&amp;url=https:\/\/www.instagram.com\/lecactusdebarnabe\/%3Fhl%3Dfr&amp;ved=2ahUKEwjuhozj5YiSAxW4B9sEHR1PBU0QFnoECEwQAQ&amp;usg=AOvVaw3n8WKSZVGYTN7ICcNz2p6m\" target=\"_blank\" rel=\"noopener\">La page Instagram<\/a><strong><br \/><\/strong>06 59 13 23 21<\/p>\n<p>                <img width=\"281\" height=\"500\" src=\"https:\/\/www.europesays.com\/fr\/wp-content\/uploads\/2026\/01\/img-9129-281x500.jpg\" class=\"attachment-gallery size-gallery\" alt=\"Le cactus de barnab\u00e9\" data-full-url=\"https:\/\/pokaa.fr\/wp-content\/uploads\/2025\/12\/17\/img-9129-1500x2667.jpg\" decoding=\"async\" loading=\"lazy\"  \/>            <\/p>\n<p>                <img width=\"281\" height=\"500\" src=\"https:\/\/www.europesays.com\/fr\/wp-content\/uploads\/2026\/01\/img-9128-281x500.jpg\" class=\"attachment-gallery size-gallery\" alt=\"Le cactus de barnab\u00e9\" data-full-url=\"https:\/\/pokaa.fr\/wp-content\/uploads\/2025\/12\/17\/img-9128-1500x2667.jpg\" decoding=\"async\" loading=\"lazy\"  \/>            <\/p>\n<p>                <img width=\"281\" height=\"500\" src=\"https:\/\/www.europesays.com\/fr\/wp-content\/uploads\/2026\/01\/img-9124-281x500.jpg\" class=\"attachment-gallery size-gallery\" alt=\"Le cactus de barnab\u00e9\" data-full-url=\"https:\/\/pokaa.fr\/wp-content\/uploads\/2025\/12\/17\/img-9124-1500x2667.jpg\" decoding=\"async\" loading=\"lazy\"  \/>            <\/p>\n<p>                <img width=\"889\" height=\"500\" src=\"https:\/\/www.europesays.com\/fr\/wp-content\/uploads\/2025\/12\/img-9171-889x500.jpg\" class=\"attachment-gallery size-gallery\" alt=\"Le cactus de barnab\u00e9\" data-full-url=\"https:\/\/pokaa.fr\/wp-content\/uploads\/2025\/12\/17\/img-9171-1500x844.jpg\" decoding=\"async\" loading=\"lazy\"  \/>            <\/p>\n<p>                    \u00a9 Jules Scheuer \/ Pokaa<\/p>\n<p>Tourn\u00e9e G\u00e9n\u00e9rale (caviste)<\/p>\n<p>Derri\u00e8re ce nom rassembleur, on d\u00e9couvre <strong>Charlotte et Alexis, deux n\u00e9o-cavistes<\/strong> qui ont r\u00e9cemment cr\u00e9\u00e9 tout un univers autour du vin, des spiritueux, <strong>mais aussi des boissons sans alcool<\/strong>, et c\u2019est ce qui nous int\u00e9resse aujourd\u2019hui. Chez eux, <strong>au minimum 20 % de la gamme est consacr\u00e9e \u00e0 ces breuvages<\/strong>, et il y en a pour tous les palais.<\/p>\n<p><strong>Du soda au k\u00e9fir, en passant par les infusions<\/strong>, les kombuchas, les bi\u00e8res,<strong> les spiritueux, les vins et les effervescents : <\/strong>le choix est tr\u00e8s large, que ce soit en termes de prix ou de saveurs. \u00c9videmment, <strong>le duo est l\u00e0 pour vous conseiller<\/strong>\u00a0simplement et sans chichis.<\/p>\n<p style=\"text-align: center;\"><strong>8 rue de la Br\u00eame, \u00e0 Strasbourg<br \/><\/strong><a href=\"https:\/\/www.google.com\/url?sa=t&amp;source=web&amp;rct=j&amp;opi=89978449&amp;url=https:\/\/www.cavetourneegenerale.com\/&amp;ved=2ahUKEwiC6pTd5oiSAxVkBNsEHQQTMZIQFnoECEoQAQ&amp;usg=AOvVaw3QseRfvAlagMtsUpQogJxg\" target=\"_blank\" rel=\"noopener\">Le site web<\/a><br \/><a href=\"https:\/\/www.google.com\/url?sa=t&amp;source=web&amp;rct=j&amp;opi=89978449&amp;url=https:\/\/www.instagram.com\/cave_tournee_generale\/&amp;ved=2ahUKEwiC6pTd5oiSAxVkBNsEHQQTMZIQFnoECFgQAQ&amp;usg=AOvVaw36wEO3f4hYTqiq6uzzvmdq\" target=\"_blank\" rel=\"noopener\">La page Instagram<\/a><strong><br \/><\/strong>06 61 74 66 44<\/p>\n<p>                <a href=\"https:\/\/pokaa.fr\/2026\/01\/05\/tournee-generale-ce-nouveau-caviste-strasbourgeois-invite-le-sans-alcool-a-la-fete\/\" target=\"_blank\" rel=\"noopener\"><br \/>\n                    <img width=\"450\" height=\"270\" src=\"https:\/\/www.europesays.com\/fr\/wp-content\/uploads\/2026\/01\/a2-450x270.jpg\" class=\"attachment-card-horizontal--same-subject size-card-horizontal--same-subject wp-post-image\" alt=\"\" decoding=\"async\" loading=\"lazy\"\/>                <\/a><\/p>\n<p>                <img width=\"375\" height=\"500\" src=\"https:\/\/www.europesays.com\/fr\/wp-content\/uploads\/2026\/01\/caviste-tournee-generaleimg-1365-2-375x500.jpeg\" class=\"attachment-gallery size-gallery\" alt=\"Caviste tourn\u00e9e g\u00e9n\u00e9raleIMG_1365 2\" data-full-url=\"https:\/\/pokaa.fr\/wp-content\/uploads\/2025\/12\/22\/caviste-tournee-generaleimg-1365-2.jpeg\" decoding=\"async\" loading=\"lazy\"  \/>            <\/p>\n<p>                <img width=\"375\" height=\"500\" src=\"https:\/\/www.europesays.com\/fr\/wp-content\/uploads\/2026\/01\/caviste-tournee-generaleimg-1409-2-375x500.jpeg\" class=\"attachment-gallery size-gallery\" alt=\"Caviste tourn\u00e9e g\u00e9n\u00e9raleIMG_1409 2\" data-full-url=\"https:\/\/pokaa.fr\/wp-content\/uploads\/2025\/12\/22\/caviste-tournee-generaleimg-1409-2.jpeg\" decoding=\"async\" loading=\"lazy\"  \/>            <\/p>\n<p>                <img width=\"375\" height=\"500\" src=\"https:\/\/www.europesays.com\/fr\/wp-content\/uploads\/2026\/01\/caviste-tournee-generaleimg-1338-375x500.jpeg\" class=\"attachment-gallery size-gallery\" alt=\"Caviste tourn\u00e9e g\u00e9n\u00e9raleIMG_1338\" data-full-url=\"https:\/\/pokaa.fr\/wp-content\/uploads\/2025\/12\/22\/caviste-tournee-generaleimg-1338.jpeg\" decoding=\"async\" loading=\"lazy\"  \/>            <\/p>\n<p>                <img width=\"375\" height=\"500\" src=\"https:\/\/www.europesays.com\/fr\/wp-content\/uploads\/2026\/01\/caviste-tournee-generaleimg-1321-375x500.jpeg\" class=\"attachment-gallery size-gallery\" alt=\"Caviste tourn\u00e9e g\u00e9n\u00e9raleIMG_1321\" data-full-url=\"https:\/\/pokaa.fr\/wp-content\/uploads\/2025\/12\/22\/caviste-tournee-generaleimg-1321.jpeg\" decoding=\"async\" loading=\"lazy\"  \/>            <\/p>\n<p>                <img width=\"667\" height=\"500\" src=\"https:\/\/www.europesays.com\/fr\/wp-content\/uploads\/2026\/01\/caviste-tournee-generaleimg-1344-667x500.jpeg\" class=\"attachment-gallery size-gallery\" alt=\"Caviste tourn\u00e9e g\u00e9n\u00e9raleIMG_1344\" data-full-url=\"https:\/\/pokaa.fr\/wp-content\/uploads\/2025\/12\/22\/caviste-tournee-generaleimg-1344.jpeg\" decoding=\"async\" loading=\"lazy\"  \/>            <\/p>\n<p>                <img width=\"375\" height=\"500\" src=\"https:\/\/www.europesays.com\/fr\/wp-content\/uploads\/2026\/01\/caviste-tournee-generaleimg-1390-375x500.jpeg\" class=\"attachment-gallery size-gallery\" alt=\"Caviste tourn\u00e9e g\u00e9n\u00e9raleIMG_1390\" data-full-url=\"https:\/\/pokaa.fr\/wp-content\/uploads\/2025\/12\/22\/caviste-tournee-generaleimg-1390.jpeg\" decoding=\"async\" loading=\"lazy\"  \/>            <\/p>\n<p>                    \u00a9 Bastien Pietronave \/ Pokaa<\/p>\n<p>Hyca (boutique en ligne) <\/p>\n<p>Hyca, c\u2019est<strong> une marque strasbourgeoise de boissons naturelles<\/strong> \u00e0 base de plantes, avec ou sans alcool. Depuis 2020, dans leur atelier, <strong>Chlo\u00e9 et Arnaud imaginent des breuvages aux saveurs vari\u00e9es<\/strong>, simples ou plus complexes, mais toujours avec <strong>des go\u00fbts marqu\u00e9s qui changent vraiment de l\u2019ordinaire<\/strong>.<\/p>\n<p>C\u00f4t\u00e9 sans alcool, on trouve principalement <strong>des limonades et des eaux botaniques<\/strong>. Citron, combava et lavande, fleur d\u2019oranger et romarin ou encore framboise et sureau pour les sodas ; thym, menthe, basilic et verveine pour les eaux p\u00e9tillantes\u2026 <strong>Toutes les cr\u00e9ations se d\u00e9gustent pures et\/ou en composition pour des mocktails qui d\u00e9notent.<\/strong><\/p>\n<p style=\"text-align: center;\"><strong>Boutique en ligne<\/strong><br \/><a href=\"https:\/\/www.google.com\/url?sa=t&amp;source=web&amp;rct=j&amp;opi=89978449&amp;url=https:\/\/hyca.fr\/%3Fsrsltid%3DAfmBOooo_BwuBcCZoX6UgKZdQHsq1cyVE_xGI71iUUuDv8yewz35nrkP&amp;ved=2ahUKEwj79Lj654iSAxWYlf0HHZt_MdgQFnoECEcQAQ&amp;usg=AOvVaw2Etc-jNTlfs723eoHFUTSz\" target=\"_blank\" rel=\"noopener\">Le site web<\/a><br \/><a href=\"https:\/\/www.google.com\/url?sa=t&amp;source=web&amp;rct=j&amp;opi=89978449&amp;url=https:\/\/www.instagram.com\/hycabotanique\/%3Fhl%3Dfr&amp;ved=2ahUKEwj79Lj654iSAxWYlf0HHZt_MdgQFnoECHsQAQ&amp;usg=AOvVaw0_wN_QWVsZEaAmwa0kfs4R\" target=\"_blank\" rel=\"noopener\">La page Instagram<\/a><br \/>06 95 48 28 62<\/p>\n<p>                <a href=\"https:\/\/pokaa.fr\/2023\/11\/28\/hyca-des-boissons-botaniques-naturelles-et-des-alcools-bio-made-in-strasbourg\/\" target=\"_blank\" rel=\"noopener\"><br \/>\n                    <img width=\"450\" height=\"270\" src=\"https:\/\/www.europesays.com\/fr\/wp-content\/uploads\/2026\/01\/kljfoe-450x270.png\" class=\"attachment-card-horizontal--same-subject size-card-horizontal--same-subject wp-post-image\" alt=\"\" decoding=\"async\" loading=\"lazy\"\/>                <\/a><\/p>\n<p>                <img width=\"375\" height=\"500\" src=\"https:\/\/www.europesays.com\/fr\/wp-content\/uploads\/2026\/01\/image00018-375x500.jpeg\" class=\"attachment-gallery size-gallery\" alt=\"Atelmier confection alcool boissons alcolis\u00e9e hyca\" data-full-url=\"https:\/\/pokaa.fr\/wp-content\/uploads\/2024\/06\/11\/image00018.jpeg\" decoding=\"async\" loading=\"lazy\"  \/>            <\/p>\n<p>                <img width=\"375\" height=\"500\" src=\"https:\/\/www.europesays.com\/fr\/wp-content\/uploads\/2026\/01\/image00013-375x500.jpeg\" class=\"attachment-gallery size-gallery\" alt=\"Atelmier confection alcool boissons alcolis\u00e9e hyca\" data-full-url=\"https:\/\/pokaa.fr\/wp-content\/uploads\/2024\/06\/11\/image00013.jpeg\" decoding=\"async\" loading=\"lazy\"  \/>            <\/p>\n<p>                <img width=\"638\" height=\"500\" src=\"https:\/\/www.europesays.com\/fr\/wp-content\/uploads\/2026\/01\/image00002-638x500.jpeg\" class=\"attachment-gallery size-gallery\" alt=\"Hyca boissons naturelles Strasbourg\" data-full-url=\"https:\/\/pokaa.fr\/wp-content\/uploads\/2023\/11\/28\/image00002.jpeg\" decoding=\"async\" loading=\"lazy\"  \/>            <\/p>\n<p>                <img width=\"375\" height=\"500\" src=\"https:\/\/www.europesays.com\/fr\/wp-content\/uploads\/2026\/01\/image00019-375x500.jpeg\" class=\"attachment-gallery size-gallery\" alt=\"Atelmier confection alcool boissons alcolis\u00e9e hyca\" data-full-url=\"https:\/\/pokaa.fr\/wp-content\/uploads\/2024\/06\/11\/image00019.jpeg\" decoding=\"async\" loading=\"lazy\"  \/>            <\/p>\n<p>                    \u00a9 Bastien Pietronave \/ Pokaa<\/p>\n<p>Au Mill\u00e9sime (caviste)<\/p>\n<p>\u00c0 Strasbourg, et encore davantage depuis que la consommation d\u2019alcool semble \u00eatre en baisse, <strong>les cavistes proposent de plus en plus d\u2019alternatives garanties sans ivresse et sans gueule de bois<\/strong>. C\u2019est le cas de Mill\u00e9sime, <strong>une cave sp\u00e9cialis\u00e9e dans les vins fins et les alcools rares<\/strong> qui a aussi pris le pli des boissons sans alcool. Vins rouges, ros\u00e9s ou effervescents, infusions, jus, sodas, il n\u2019y a plus qu\u2019\u00e0 choisir.<\/p>\n<p style=\"text-align: center;\"><strong>7 rue du Temple-Neuf, \u00e0 Strasbourg<br \/><\/strong><a href=\"https:\/\/www.google.com\/url?sa=t&amp;source=web&amp;rct=j&amp;opi=89978449&amp;url=https:\/\/www.aumillesime.com\/&amp;ved=2ahUKEwiOkNnO6IiSAxUfgP0HHSpRBCUQFnoECD4QAQ&amp;usg=AOvVaw1RPnX3-TtvvKIyK5jQWmJ3\" target=\"_blank\" rel=\"noopener\">Le site web<\/a><br \/><a href=\"https:\/\/www.instagram.com\/aumillesime\/?hl=fr\" target=\"_blank\" rel=\"noopener\">La page Instagram<\/a><strong><br \/><\/strong>03 88 22 30 20<\/p>\n<p>                <img width=\"667\" height=\"500\" src=\"https:\/\/www.europesays.com\/fr\/wp-content\/uploads\/2026\/01\/michel-falck-au-millesime-strasbourg-caviste-strasbourg-caviste-independant-strasbourg-bastien-pietr.jpeg\" class=\"attachment-gallery size-gallery\" alt=\"Michel Falck Au mille\u0301sime Strasbourg caviste strasbourg caviste inde\u0301pendant Strasbourg Bastien Pietronaveimage00069\" data-full-url=\"https:\/\/www.europesays.com\/fr\/wp-content\/uploads\/2026\/01\/michel-falck-au-millesime-strasbourg-caviste-strasbourg-caviste-independant-strasbourg-bastien-pietr.jpeg\" decoding=\"async\" loading=\"lazy\"  \/>            <\/p>\n<p>                <img width=\"845\" height=\"500\" src=\"https:\/\/www.europesays.com\/fr\/wp-content\/uploads\/2026\/01\/1768340609_573_michel-falck-au-millesime-strasbourg-caviste-strasbourg-caviste-independant-strasbourg-bastien-pietr.jpeg\" class=\"attachment-gallery size-gallery\" alt=\"michel-falck-au-millesime-strasbourg-caviste-strasbourg-caviste-independant-strasbourg-bastien-pietronavei-caviste\" data-full-url=\"https:\/\/www.europesays.com\/fr\/wp-content\/uploads\/2026\/01\/1768340609_573_michel-falck-au-millesime-strasbourg-caviste-strasbourg-caviste-independant-strasbourg-bastien-pietr.jpeg\" decoding=\"async\" loading=\"lazy\"  \/>            <\/p>\n<p>                <img width=\"667\" height=\"500\" src=\"https:\/\/www.europesays.com\/fr\/wp-content\/uploads\/2026\/01\/1768340609_1_michel-falck-au-millesime-strasbourg-caviste-strasbourg-caviste-independant-strasbourg-bastien-pietr.jpeg\" class=\"attachment-gallery size-gallery\" alt=\"Michel Falck Au mille\u0301sime Strasbourg caviste strasbourg caviste inde\u0301pendant Strasbourg Bastien Pietronaveimage00045\" data-full-url=\"https:\/\/www.europesays.com\/fr\/wp-content\/uploads\/2026\/01\/1768340609_1_michel-falck-au-millesime-strasbourg-caviste-strasbourg-caviste-independant-strasbourg-bastien-pietr.jpeg\" decoding=\"async\" loading=\"lazy\"  \/>            <\/p>\n<p>                <img width=\"667\" height=\"500\" src=\"https:\/\/www.europesays.com\/fr\/wp-content\/uploads\/2026\/01\/1768340610_435_michel-falck-au-millesime-strasbourg-caviste-strasbourg-caviste-independant-strasbourg-bastien-pietr.jpeg\" class=\"attachment-gallery size-gallery\" alt=\"Michel Falck Au mille\u0301sime Strasbourg caviste strasbourg caviste inde\u0301pendant Strasbourg Bastien Pietronaveimage00057\" data-full-url=\"https:\/\/www.europesays.com\/fr\/wp-content\/uploads\/2026\/01\/1768340610_435_michel-falck-au-millesime-strasbourg-caviste-strasbourg-caviste-independant-strasbourg-bastien-pietr.jpeg\" decoding=\"async\" loading=\"lazy\"  \/>            <\/p>\n<p>                <img width=\"667\" height=\"500\" src=\"https:\/\/www.europesays.com\/fr\/wp-content\/uploads\/2026\/01\/1768340611_774_michel-falck-au-millesime-strasbourg-caviste-strasbourg-caviste-independant-strasbourg-bastien-pietr.jpeg\" class=\"attachment-gallery size-gallery\" alt=\"Michel Falck Au mille\u0301sime Strasbourg caviste strasbourg caviste inde\u0301pendant Strasbourg Bastien Pietronaveimage00023\" data-full-url=\"https:\/\/www.europesays.com\/fr\/wp-content\/uploads\/2026\/01\/1768340611_774_michel-falck-au-millesime-strasbourg-caviste-strasbourg-caviste-independant-strasbourg-bastien-pietr.jpeg\" decoding=\"async\" loading=\"lazy\"  \/>            <\/p>\n<p>                    \u00a9 Pokaa<\/p>\n<p>R-Kombucha (boutique en ligne)<\/p>\n<p>Vous avez d\u00e9j\u00e0 crois\u00e9 la route d\u2019une des<strong> boissons sign\u00e9es par la marque alsacienne R-Kombucha dans un magasin proche de chez vous<\/strong>. Pour rappel, le kombucha n\u2019est pas un produit n\u00e9 d\u2019une tendance ou de l\u2019imagination d\u2019un coach en nutrition. C\u2019est <strong>une boisson bio et ancestrale qui nous veut du bien<\/strong>.<\/p>\n<p>Dans leur atelier, les cr\u00e9ateurs et cr\u00e9atrices de R-Kombucha<strong> ont d\u00e9velopp\u00e9 toute une gamme de boissons aux saveurs vari\u00e9es pour multiplier les plaisirs. <\/strong>Framboise et citron vert, p\u00eache et sureau, cardamome, gingembre, hibiscus et poire ou encore mat\u00e9 : <strong>voil\u00e0 autant de saveurs qui \u00e9loignent l\u2019alcool de l\u2019ap\u00e9ro.<\/strong><\/p>\n<p style=\"text-align: center;\"><strong>Boutique en ligne<br \/><\/strong><a href=\"https:\/\/www.google.com\/url?sa=t&amp;source=web&amp;rct=j&amp;opi=89978449&amp;url=https:\/\/www.r-kombucha.fr\/&amp;ved=2ahUKEwi5mLmb6oiSAxU-9wIHHaK9JbYQFnoECEEQAQ&amp;usg=AOvVaw06F1SeXLyDxqa_VLixeuV8\" target=\"_blank\" rel=\"noopener\">Le site web<\/a><br \/><a href=\"https:\/\/www.google.com\/url?sa=t&amp;source=web&amp;rct=j&amp;opi=89978449&amp;url=https:\/\/www.instagram.com\/rkombucha_fr\/%3Fhl%3Dfr&amp;ved=2ahUKEwi5mLmb6oiSAxU-9wIHHaK9JbYQFnoECH4QAQ&amp;usg=AOvVaw0hlMrZQtXTQcXn4wHKBXxb\" target=\"_blank\" rel=\"noopener\">La page Instagram<\/a><br \/>09 83 04 02 40<\/p>\n<p>                <img width=\"409\" height=\"500\" src=\"https:\/\/www.europesays.com\/fr\/wp-content\/uploads\/2026\/01\/r-kombutcha-capture-decranimg-2968-2-409x500.jpg\" class=\"attachment-gallery size-gallery\" alt=\"r kombutcha capture d\u2019\u00e9cranIMG_2968 2\" data-full-url=\"https:\/\/pokaa.fr\/wp-content\/uploads\/2026\/01\/13\/r-kombutcha-capture-decranimg-2968-2.jpg\" decoding=\"async\" loading=\"lazy\"  \/>            <\/p>\n<p>                <img width=\"319\" height=\"500\" src=\"https:\/\/www.europesays.com\/fr\/wp-content\/uploads\/2026\/01\/r-kombutcha-capture-decranimg-2966-2-319x500.jpg\" class=\"attachment-gallery size-gallery\" alt=\"r kombutcha capture d\u2019\u00e9cranIMG_2966 2\" data-full-url=\"https:\/\/pokaa.fr\/wp-content\/uploads\/2026\/01\/13\/r-kombutcha-capture-decranimg-2966-2.jpg\" decoding=\"async\" loading=\"lazy\"  \/>            <\/p>\n<p>                <img width=\"435\" height=\"500\" src=\"https:\/\/www.europesays.com\/fr\/wp-content\/uploads\/2026\/01\/r-kombutcha-capture-decranimg-2967-2-435x500.jpg\" class=\"attachment-gallery size-gallery\" alt=\"r kombutcha capture d\u2019\u00e9cranIMG_2967 2\" data-full-url=\"https:\/\/pokaa.fr\/wp-content\/uploads\/2026\/01\/13\/r-kombutcha-capture-decranimg-2967-2.jpg\" decoding=\"async\" loading=\"lazy\"  \/>            <\/p>\n<p>                <img width=\"409\" height=\"500\" src=\"https:\/\/www.europesays.com\/fr\/wp-content\/uploads\/2026\/01\/r-kombutcha-capture-decranimg-2963-409x500.jpg\" class=\"attachment-gallery size-gallery\" alt=\"r kombutcha capture d\u2019\u00e9cranIMG_2963\" data-full-url=\"https:\/\/pokaa.fr\/wp-content\/uploads\/2026\/01\/13\/r-kombutcha-capture-decranimg-2963.jpg\" decoding=\"async\" loading=\"lazy\"  \/>            <\/p>\n<p>                <img width=\"446\" height=\"500\" src=\"https:\/\/www.europesays.com\/fr\/wp-content\/uploads\/2026\/01\/r-kombutcha-capture-decranimg-2965-2-446x500.jpg\" class=\"attachment-gallery size-gallery\" alt=\"r kombutcha capture d\u2019\u00e9cranIMG_2965 2\" data-full-url=\"https:\/\/pokaa.fr\/wp-content\/uploads\/2026\/01\/13\/r-kombutcha-capture-decranimg-2965-2.jpg\" decoding=\"async\" loading=\"lazy\"  \/>            <\/p>\n<p>                    \u00a9 R Kombutcha \/ capture d&rsquo;\u00e9cran Instagram<\/p>\n<p style=\"text-align: center;\"><strong>Et vous, quels sont vos bons plans pour d\u00e9nicher des boissons sans alcool originales ?<\/strong><\/p>\n<p>                <a href=\"https:\/\/pokaa.fr\/2024\/01\/21\/dry-january-rencontre-avec-5-strasbourgeoises-qui-ont-decide-darreter-lalcool\/\" target=\"_blank\" rel=\"noopener\"><br \/>\n                    <img width=\"450\" height=\"270\" src=\"https:\/\/www.europesays.com\/fr\/wp-content\/uploads\/2025\/12\/dry-january-450x270.jpeg\" class=\"attachment-card-horizontal--same-subject size-card-horizontal--same-subject wp-post-image\" alt=\"\" decoding=\"async\" loading=\"lazy\"\/>                <\/a><\/p>\n<p><script async src=\"\/\/www.instagram.com\/embed.js\"><\/script><\/p>\n","protected":false},"excerpt":{"rendered":"Le mois de janvier file \u00e0 toute vitesse, mais il est encore temps d\u2019appliquer ses bonnes r\u00e9solutions. L\u2019une&hellip;\n","protected":false},"author":2,"featured_media":661507,"comment_status":"","ping_status":"","sticky":false,"template":"","format":"standard","meta":{"footnotes":""},"categories":[2820],"tags":[1111,11,11647,47143,1777,674,1011,27,775,12,25,50475,640],"class_list":{"0":"post-661506","1":"post","2":"type-post","3":"status-publish","4":"format-standard","5":"has-post-thumbnail","7":"category-strasbourg","8":"tag-actu","9":"tag-actualites","10":"tag-boutique","11":"tag-dry-january","12":"tag-eu","13":"tag-europe","14":"tag-fr","15":"tag-france","16":"tag-grand-est","17":"tag-news","18":"tag-republique-francaise","19":"tag-sans-alcool","20":"tag-strasbourg"},"share_on_mastodon":{"url":"https:\/\/pubeurope.com\/@fr\/115889977781501600","error":""},"_links":{"self":[{"href":"https:\/\/www.europesays.com\/fr\/wp-json\/wp\/v2\/posts\/661506","targetHints":{"allow":["GET"]}}],"collection":[{"href":"https:\/\/www.europesays.com\/fr\/wp-json\/wp\/v2\/posts"}],"about":[{"href":"https:\/\/www.europesays.com\/fr\/wp-json\/wp\/v2\/types\/post"}],"author":[{"embeddable":true,"href":"https:\/\/www.europesays.com\/fr\/wp-json\/wp\/v2\/users\/2"}],"replies":[{"embeddable":true,"href":"https:\/\/www.europesays.com\/fr\/wp-json\/wp\/v2\/comments?post=661506"}],"version-history":[{"count":0,"href":"https:\/\/www.europesays.com\/fr\/wp-json\/wp\/v2\/posts\/661506\/revisions"}],"wp:featuredmedia":[{"embeddable":true,"href":"https:\/\/www.europesays.com\/fr\/wp-json\/wp\/v2\/media\/661507"}],"wp:attachment":[{"href":"https:\/\/www.europesays.com\/fr\/wp-json\/wp\/v2\/media?parent=661506"}],"wp:term":[{"taxonomy":"category","embeddable":true,"href":"https:\/\/www.europesays.com\/fr\/wp-json\/wp\/v2\/categories?post=661506"},{"taxonomy":"post_tag","embeddable":true,"href":"https:\/\/www.europesays.com\/fr\/wp-json\/wp\/v2\/tags?post=661506"}],"curies":[{"name":"wp","href":"https:\/\/api.w.org\/{rel}","templated":true}]}}