{"id":661508,"date":"2026-01-13T21:44:11","date_gmt":"2026-01-13T21:44:11","guid":{"rendered":"https:\/\/www.europesays.com\/fr\/661508\/"},"modified":"2026-01-13T21:44:11","modified_gmt":"2026-01-13T21:44:11","slug":"black-label-society-en-concert-a-paris-et-a-strasbourg-en-juin-2026-news-rockurlife","status":"publish","type":"post","link":"https:\/\/www.europesays.com\/fr\/661508\/","title":{"rendered":"Black Label Society : en concert \u00e0 Paris et \u00e0 Strasbourg en juin 2026 ! &#8211; News &#8211; RockUrLife"},"content":{"rendered":"<p>Les amateurs de riffs massifs et de grooves implacables peuvent d\u00e9j\u00e0 cocher les dates. <strong>Black Label Society<\/strong>, le groupe fond\u00e9 par <strong>Zakk Wylde<\/strong>, sera de retour en <strong>France<\/strong> en juin 2026 pour deux concerts qui s\u2019annoncent aussi intenses que f\u00e9d\u00e9rateurs !<\/p>\n<p>Le combo heavy groove metal\/hard rock se produira le <strong>16 juin au Le Trianon \u00e0 Paris<\/strong>, puis le <strong>22 juin 2026 \u00e0 La Laiterie \u00e0 Strasbourg<\/strong>.<\/p>\n<p>Fond\u00e9 par l\u2019ancien guitariste embl\u00e9matique d\u2019<strong>Ozzy Osbourne<\/strong>, <strong>Black Label Society<\/strong> n\u2019a jamais \u00e9t\u00e9 un simple projet parall\u00e8le. Depuis ses d\u00e9buts, le groupe s\u2019est impos\u00e9 comme une machine de guerre sonore, naviguant entre hard rock muscl\u00e9, metal lourd, touches bluesy et une \u00e9nergie brute qui ne laisse aucun r\u00e9pit. Chaque album est abord\u00e9 avec la m\u00eame urgence que le premier, chaque concert v\u00e9cu comme s\u2019il n\u2019y avait pas de lendemain, une philosophie qui a forg\u00e9 la r\u00e9putation sc\u00e9nique du groupe \u00e0 travers le monde.<\/p>\n<p>La premi\u00e8re partie de soir\u00e9e sera assur\u00e9e par <strong>Venom Inc.<\/strong>. Une association explosive qui devrait transformer les deux salles en v\u00e9ritables chaudrons m\u00e9talliques, port\u00e9e par des riffs tranchants, des rythmiques \u00e9crasantes et une communion totale avec le public.<\/p>\n<p>Les billets pour ces deux concerts seront disponibles en pr\u00e9vente d\u00e8s le mercredi 14 janvier \u00e0 10h, avant une mise en vente g\u00e9n\u00e9rale \u00e0 partir du vendredi 16 janvier \u00e0 10h dans tous les points de vente habituels.<\/p>\n<p>Deux occasions rares de retrouver <strong>Black Label Society<\/strong> sur sc\u00e8ne, l\u00e0 o\u00f9 le groupe exprime pleinement sa puissance, sa sinc\u00e9rit\u00e9 et ce sens du live qui fait toute la diff\u00e9rence. Juin 2026 s\u2019annonce r\u00e9solument plac\u00e9 sous le signe du groove et de la d\u00e9cibelisation massive.<\/p>\n<p><img loading=\"lazy\" decoding=\"async\" width=\"819\" height=\"1024\" src=\"https:\/\/www.europesays.com\/fr\/wp-content\/uploads\/2026\/01\/614547326_1751207826287380_3171659204547761897_n-819x1024.jpg\" alt=\"\" class=\"wp-image-230298\"\/><\/p>\n","protected":false},"excerpt":{"rendered":"Les amateurs de riffs massifs et de grooves implacables peuvent d\u00e9j\u00e0 cocher les dates. Black Label Society, le&hellip;\n","protected":false},"author":2,"featured_media":661509,"comment_status":"","ping_status":"","sticky":false,"template":"","format":"standard","meta":{"footnotes":""},"categories":[2820],"tags":[1111,11,76281,1777,674,1011,27,775,76282,12,626,25,640,18617,76283],"class_list":{"0":"post-661508","1":"post","2":"type-post","3":"status-publish","4":"format-standard","5":"has-post-thumbnail","7":"category-strasbourg","8":"tag-actu","9":"tag-actualites","10":"tag-black-label-society","11":"tag-eu","12":"tag-europe","13":"tag-fr","14":"tag-france","15":"tag-grand-est","16":"tag-la-laiterie","17":"tag-news","18":"tag-paris","19":"tag-republique-francaise","20":"tag-strasbourg","21":"tag-trianon","22":"tag-zakk-wylde"},"share_on_mastodon":{"url":"https:\/\/pubeurope.com\/@fr\/115889980433301026","error":""},"_links":{"self":[{"href":"https:\/\/www.europesays.com\/fr\/wp-json\/wp\/v2\/posts\/661508","targetHints":{"allow":["GET"]}}],"collection":[{"href":"https:\/\/www.europesays.com\/fr\/wp-json\/wp\/v2\/posts"}],"about":[{"href":"https:\/\/www.europesays.com\/fr\/wp-json\/wp\/v2\/types\/post"}],"author":[{"embeddable":true,"href":"https:\/\/www.europesays.com\/fr\/wp-json\/wp\/v2\/users\/2"}],"replies":[{"embeddable":true,"href":"https:\/\/www.europesays.com\/fr\/wp-json\/wp\/v2\/comments?post=661508"}],"version-history":[{"count":0,"href":"https:\/\/www.europesays.com\/fr\/wp-json\/wp\/v2\/posts\/661508\/revisions"}],"wp:featuredmedia":[{"embeddable":true,"href":"https:\/\/www.europesays.com\/fr\/wp-json\/wp\/v2\/media\/661509"}],"wp:attachment":[{"href":"https:\/\/www.europesays.com\/fr\/wp-json\/wp\/v2\/media?parent=661508"}],"wp:term":[{"taxonomy":"category","embeddable":true,"href":"https:\/\/www.europesays.com\/fr\/wp-json\/wp\/v2\/categories?post=661508"},{"taxonomy":"post_tag","embeddable":true,"href":"https:\/\/www.europesays.com\/fr\/wp-json\/wp\/v2\/tags?post=661508"}],"curies":[{"name":"wp","href":"https:\/\/api.w.org\/{rel}","templated":true}]}}