{"id":661515,"date":"2026-01-13T21:49:20","date_gmt":"2026-01-13T21:49:20","guid":{"rendered":"https:\/\/www.europesays.com\/fr\/661515\/"},"modified":"2026-01-13T21:49:20","modified_gmt":"2026-01-13T21:49:20","slug":"salon-habitat-de-reze-big-city-nantes","status":"publish","type":"post","link":"https:\/\/www.europesays.com\/fr\/661515\/","title":{"rendered":"Salon Habitat de Rez\u00e9 &#8211; Big City Nantes"},"content":{"rendered":"<p>Le Salon Habitat de Rez\u00e9 arrive du 20 au 22 F\u00e9vrier \u00e0 la Trocardi\u00e8re.<\/p>\n<p>Il rassemblera 120 exposants d\u00e9di\u00e9s \u00e0 la construction, la r\u00e9novation, les installations techniques et les solutions \u00e9nerg\u00e9tiques avec des artisans et entreprises du b\u00e2timent, constructeurs de maisons, professionnels de l\u2019immobilier et sp\u00e9cialiste de la r\u00e9novation \u00e9nerg\u00e9tique.<\/p>\n<p>De plus, ce salon offre une large s\u00e9lection pour \u00e9quiper et am\u00e9liorer son habitat tel que la cuisine et l\u2019am\u00e9nagement d\u2019int\u00e9rieur, la salle de bain et les sanitaires, la menuiserie et les fermetures, l\u2019am\u00e9nagement ext\u00e9rieur et le chauffage et ventilation.<\/p>\n<p>Sur place vous trouverez des animations et des d\u00e9monstrations, ainsi de quoi vous restaurer.<br \/>Ces 3 jours sont id\u00e9als pour comparer les offres, collecter des id\u00e9es et avancez sur ses projets avec l\u2019aide de professionnels qualifi\u00e9s.<\/p>\n","protected":false},"excerpt":{"rendered":"Le Salon Habitat de Rez\u00e9 arrive du 20 au 22 F\u00e9vrier \u00e0 la Trocardi\u00e8re. Il rassemblera 120 exposants&hellip;\n","protected":false},"author":2,"featured_media":661516,"comment_status":"","ping_status":"","sticky":false,"template":"","format":"standard","meta":{"footnotes":""},"categories":[2818],"tags":[1111,11,1777,674,1011,27,766,12,2636,25],"class_list":{"0":"post-661515","1":"post","2":"type-post","3":"status-publish","4":"format-standard","5":"has-post-thumbnail","7":"category-nantes","8":"tag-actu","9":"tag-actualites","10":"tag-eu","11":"tag-europe","12":"tag-fr","13":"tag-france","14":"tag-nantes","15":"tag-news","16":"tag-pays-de-la-loire","17":"tag-republique-francaise"},"share_on_mastodon":{"url":"https:\/\/pubeurope.com\/@fr\/115890000004744150","error":""},"_links":{"self":[{"href":"https:\/\/www.europesays.com\/fr\/wp-json\/wp\/v2\/posts\/661515","targetHints":{"allow":["GET"]}}],"collection":[{"href":"https:\/\/www.europesays.com\/fr\/wp-json\/wp\/v2\/posts"}],"about":[{"href":"https:\/\/www.europesays.com\/fr\/wp-json\/wp\/v2\/types\/post"}],"author":[{"embeddable":true,"href":"https:\/\/www.europesays.com\/fr\/wp-json\/wp\/v2\/users\/2"}],"replies":[{"embeddable":true,"href":"https:\/\/www.europesays.com\/fr\/wp-json\/wp\/v2\/comments?post=661515"}],"version-history":[{"count":0,"href":"https:\/\/www.europesays.com\/fr\/wp-json\/wp\/v2\/posts\/661515\/revisions"}],"wp:featuredmedia":[{"embeddable":true,"href":"https:\/\/www.europesays.com\/fr\/wp-json\/wp\/v2\/media\/661516"}],"wp:attachment":[{"href":"https:\/\/www.europesays.com\/fr\/wp-json\/wp\/v2\/media?parent=661515"}],"wp:term":[{"taxonomy":"category","embeddable":true,"href":"https:\/\/www.europesays.com\/fr\/wp-json\/wp\/v2\/categories?post=661515"},{"taxonomy":"post_tag","embeddable":true,"href":"https:\/\/www.europesays.com\/fr\/wp-json\/wp\/v2\/tags?post=661515"}],"curies":[{"name":"wp","href":"https:\/\/api.w.org\/{rel}","templated":true}]}}