{"id":661527,"date":"2026-01-13T21:55:29","date_gmt":"2026-01-13T21:55:29","guid":{"rendered":"https:\/\/www.europesays.com\/fr\/661527\/"},"modified":"2026-01-13T21:55:29","modified_gmt":"2026-01-13T21:55:29","slug":"des-departs-deja-acte-un-silence-radio-pour-les-arrivees-fin-de-mercato-calme-au-losc","status":"publish","type":"post","link":"https:\/\/www.europesays.com\/fr\/661527\/","title":{"rendered":"des d\u00e9parts d\u00e9j\u00e0 act\u00e9, un silence radio pour les arriv\u00e9es&#8230; fin de mercato calme au LOSC ?"},"content":{"rendered":"<p class=\"p1\">Le LOSC ne c\u00e9dera pas \u00e0 la panique cet hiver. Quatri\u00e8me de Ligue 1 et \u00e0 \u00e9galit\u00e9 avec l&rsquo;Olympique de Marseille, le LOSC est aussi bien plac\u00e9 pour se qualifier en Ligue Europa. D\u00e9sormais \u00e9limin\u00e9s de la Coupe de France, les Dogues ont une comp\u00e9tition de moins \u00e0 jouer, ce qui devrait pousser la direction \u00e0 rester sage sur le march\u00e9 des transferts.<\/p>\n<p class=\"p1\">Car dans les prochains jours, Bruno Genesio va recevoir d\u00e9j\u00e0 plusieurs renforts&#8230; en provenance de la Coupe d&rsquo;Afrique des Nations avec A\u00efssa Mandi, Hamza Igamane, Chancel Mbemba, Ngal\u2019ayel Mukau. Dans le m\u00eame temps, le club a annonc\u00e9 trois d\u00e9parts avec Aaron Malouda, Ignacio Miramon et Tr\u00e9vis Dago.<\/p>\n<p>\u00c0 lire aussi<\/p>\n<p class=\"p1\">Y&rsquo;en aura-t-il d&rsquo;autres ? Andr\u00e9 Gomes et Ugo Raghouber, barr\u00e9s par la concurrence depuis le d\u00e9but de la saison, pourraient recevoir un bon de sortie si une offre suffisante se pr\u00e9sente sur la table. Pour le moment, rien de concret donc, mais la situation a des chances de bouger d&rsquo;ici le 2 f\u00e9vrier et la fermeture du mercato.<\/p>\n<p>\u00ab\u00a0Je ne suis pas un grand fan du mercato de janvier\u00a0\u00bb<\/p>\n<p class=\"p1\">Et dans le sens des arriv\u00e9es ? \u00ab\u00a0Je ne suis pas s\u00fbr qu\u2019il faille beaucoup retoucher ce groupe qui vit bien et qui a \u00e9t\u00e9 performant jusqu\u2019ici\u00a0\u00bb, expliquait r\u00e9cemment Bruno Genesio, une position partag\u00e9e par son pr\u00e9sident Olivier L\u00e9tang : \u00ab\u00a0Je le dis depuis plusieurs ann\u00e9es, je ne suis pas un grand fan du mercato de janvier. Ce n\u2019est pas l\u00e0 o\u00f9 on peut chambouler un effectif, sauf si on est dans une situation tr\u00e8s complexe\u00a0\u00bb.<\/p>\n<p class=\"p1\">Deux petites rumeurs ont ainsi circul\u00e9. Comme beaucoup d&rsquo;autres clubs de Ligue 1, les Dogues suivent de pr\u00e8s le crack de Dunkerque Gessime Yassine, et se verraient bien accueillir, mais cela sera pour cet \u00e9t\u00e9, le St\u00e9phanois Zuriko Davitashvili. Pour autant, tout laisse \u00e0 croire qu&rsquo;aucune arriv\u00e9e ne sera act\u00e9e dans les jours qui arrivent.<\/p>\n<p class=\"p1\">\u00ab\u00a0Aujourd\u2019hui, on le dit depuis fin ao\u00fbt, on a un effectif qui est tr\u00e8s comp\u00e9titif en qualit\u00e9 et en quantit\u00e9, jugeait-il. Hormis un probl\u00e8me sur une blessure, on n\u2019a pas l\u2019intention de modifier notre effectif qui est compl\u00e9mentaire et complet. On a un \u00e9quilibre qui est tr\u00e8s int\u00e9ressant\u00a0\u00bb, arguait Olivier L\u00e9tang. Le message a le m\u00e9rite d&rsquo;\u00eatre clair.<\/p>\n<p>\u00a0<\/p>\n<p>   Partagez cette info avec vos amis et vos proches en cliquant ici<br \/> Pour r\u00e9sumer<\/p>\n<p>Le LOSC (4\u1d49, en course pour l\u2019Europe) mise sur la stabilit\u00e9. Retour des joueurs de la CAN (Mandi, Igamane, etc.), d\u00e9parts de Malouda, Miramon et Dago. Peu d\u2019arriv\u00e9es pr\u00e9vues, sauf opportunit\u00e9. Genesio et L\u00e9tang privil\u00e9gient la continuit\u00e9.<\/p>\n<p>R\u00e9dacteur<\/p>\n<p><img decoding=\"async\" width=\"76\" height=\"76\" loading=\"lazy\" src=\"https:\/\/www.europesays.com\/fr\/wp-content\/uploads\/2025\/04\/logo-antoine-chirat.jpg\" alt=\"Antoine Chirat\"\/><\/p>\n","protected":false},"excerpt":{"rendered":"Le LOSC ne c\u00e9dera pas \u00e0 la panique cet hiver. Quatri\u00e8me de Ligue 1 et \u00e0 \u00e9galit\u00e9 avec&hellip;\n","protected":false},"author":2,"featured_media":661528,"comment_status":"","ping_status":"","sticky":false,"template":"","format":"standard","meta":{"footnotes":""},"categories":[2815],"tags":[1111,11,1777,674,1011,27,811,66,1307,12,25,10662],"class_list":{"0":"post-661527","1":"post","2":"type-post","3":"status-publish","4":"format-standard","5":"has-post-thumbnail","7":"category-lille","8":"tag-actu","9":"tag-actualites","10":"tag-eu","11":"tag-europe","12":"tag-fr","13":"tag-france","14":"tag-hauts-de-france","15":"tag-ligue-1","16":"tag-lille","17":"tag-news","18":"tag-republique-francaise","19":"tag-transferts"},"share_on_mastodon":{"url":"https:\/\/pubeurope.com\/@fr\/115890023851398554","error":""},"_links":{"self":[{"href":"https:\/\/www.europesays.com\/fr\/wp-json\/wp\/v2\/posts\/661527","targetHints":{"allow":["GET"]}}],"collection":[{"href":"https:\/\/www.europesays.com\/fr\/wp-json\/wp\/v2\/posts"}],"about":[{"href":"https:\/\/www.europesays.com\/fr\/wp-json\/wp\/v2\/types\/post"}],"author":[{"embeddable":true,"href":"https:\/\/www.europesays.com\/fr\/wp-json\/wp\/v2\/users\/2"}],"replies":[{"embeddable":true,"href":"https:\/\/www.europesays.com\/fr\/wp-json\/wp\/v2\/comments?post=661527"}],"version-history":[{"count":0,"href":"https:\/\/www.europesays.com\/fr\/wp-json\/wp\/v2\/posts\/661527\/revisions"}],"wp:featuredmedia":[{"embeddable":true,"href":"https:\/\/www.europesays.com\/fr\/wp-json\/wp\/v2\/media\/661528"}],"wp:attachment":[{"href":"https:\/\/www.europesays.com\/fr\/wp-json\/wp\/v2\/media?parent=661527"}],"wp:term":[{"taxonomy":"category","embeddable":true,"href":"https:\/\/www.europesays.com\/fr\/wp-json\/wp\/v2\/categories?post=661527"},{"taxonomy":"post_tag","embeddable":true,"href":"https:\/\/www.europesays.com\/fr\/wp-json\/wp\/v2\/tags?post=661527"}],"curies":[{"name":"wp","href":"https:\/\/api.w.org\/{rel}","templated":true}]}}