{"id":661531,"date":"2026-01-13T21:57:35","date_gmt":"2026-01-13T21:57:35","guid":{"rendered":"https:\/\/www.europesays.com\/fr\/661531\/"},"modified":"2026-01-13T21:57:35","modified_gmt":"2026-01-13T21:57:35","slug":"marseille-un-celebre-footballeur-ouvre-une-pizzeria-pres-du-velodrome","status":"publish","type":"post","link":"https:\/\/www.europesays.com\/fr\/661531\/","title":{"rendered":"Marseille : un c\u00e9l\u00e8bre footballeur ouvre une pizzeria pr\u00e8s du V\u00e9lodrome"},"content":{"rendered":"<p><img loading=\"lazy\" decoding=\"async\" alt=\"\u00a9 D.R. - La pizzeria Casa Di Meco ouvrira la semaine prochaine, \u00e0 deux pas du V\u00e9lodrome.\" data-zoom-src=\"https:\/\/www.europesays.com\/fr\/wp-content\/uploads\/2026\/01\/initial-boite-pizza-casa-di-meco-marseille.jpg\" data-zoomable=\"\" height=\"702\" src=\"https:\/\/www.europesays.com\/fr\/wp-content\/uploads\/2026\/01\/initial-boite-pizza-casa-di-meco-marseille.jpg\" width=\"1248\"\/>  <\/p>\n<p class=\"article-desc\">\u00a9 D.R. &#8211; La pizzeria Casa Di Meco ouvrira la semaine prochaine, \u00e0 deux pas du V\u00e9lodrome. <\/p>\n<p>\u00c0 Marseille, la <strong>pizza et le football<\/strong>, ce n\u2019est pas qu\u2019une histoire d\u2019amour : c\u2019est une passion d\u00e9vorante. Une folie douce port\u00e9e par une \u00e9quipe d\u2019amis, associ\u00e9s et fervents supporters de l\u2019<a href=\"https:\/\/mesinfos.fr\/marseille-bayeux-l-om-et-la-coupe-de-france-pas-toujours-une-histoire-d-amour-237468.html\" rel=\"noopener\" target=\"_blank\">Olympique de Marseille<\/a>, qui se sont lanc\u00e9s dans une aventure aussi gourmande que symbolique. <\/p>\n<p>Proche du V\u00e9lodrome, o\u00f9 est la pizzeria d&rsquo;Eric Di Meco ? <\/p>\n<p>Leur projet ? L\u2019ouverture de <a href=\"https:\/\/www.instagram.com\/p\/DSSFxZOCsNT\/\" rel=\"noopener\" target=\"_blank\">Casa Di Meco<\/a>, une <strong>pizzeria<\/strong> situ\u00e9e \u00e0 deux pas du stade <a href=\"https:\/\/mesinfos.fr\/13000-marseille\/marseille-que-veut-faire-l-om-avec-le-stade-velodrome-236013.html\" rel=\"noopener\" target=\"_blank\">V\u00e9lodrome<\/a>, au 21 A rue Raymond Teisseire (8e arrondissement). <\/p>\n<p>Et derri\u00e8re cette enseigne se cache <strong>\u00c9ric Di Meco<\/strong>, ancien d\u00e9fenseur embl\u00e9matique de l\u2019OM, qui s\u2019est \u00e9galement associ\u00e9 au projet. Une figure du club, toujours aussi populaire dans la cit\u00e9 phoc\u00e9enne. <\/p>\n<p>L\u2019\u00e9quipe s\u2019est attel\u00e9e \u00e0 un chantier aussi compliqu\u00e9 que la r\u00e8gle du hors jeu sans la VAR pour transformer un <strong>fonds de commerce de 63 m\u00b2<\/strong>, appartenant \u00e0 l\u2019un des associ\u00e9s, en un lieu chaleureux et convivial. \u00c0 la carte : des recettes classiques, des produits de qualit\u00e9 et une volont\u00e9 affirm\u00e9e de rendre hommage \u00e0 la ferveur marseillaise autour de l\u2019OM. <\/p>\n<p>La pizzeria devrait rapidement trouver son public, entre les salari\u00e9s de l\u2019h\u00f4pital Saint-Joseph tout proche, <strong>les soirs de match au V\u00e9lodrome<\/strong> et les nombreux \u00e9v\u00e9nements accueillis au<strong> Parc Chanot.<\/strong><\/p>\n<p> <img decoding=\"async\" alt=\"\" class=\"img-align-center\" data-zoomable=\"\" loading=\"lazy\" src=\"https:\/\/mesinfos.fr\/content\/articles\/628\/A237628\/fresque-pizzeria-casa-di-meco-marseille.JPG\"\/> \u00a9 D.R.- Une fresque a \u00e9t\u00e9 cr\u00e9\u00e9e pour l&rsquo;ouverture de la pizzeria Casa Di Meco, rue Teisseire, \u00e0 Marseille (8e). La pizzeria Casa di Meco, un r\u00e9seau de franchises <\/p>\n<p>L&rsquo;aventure ne devrait pas s&rsquo;arreter l\u00e0. La pizzeria Casa di Meco devrait \u00e9galement d\u00e9barquer du c\u00f4t\u00e9 de Gardanne, puis de Fos-sur-Mer, puisque les associ\u00e9s souhaitent d\u00e9velopper un r\u00e9seau de franchises. Et pourquoi pas d\u00e9passer les fronti\u00e8res des Bouches-du-Rh\u00f4ne. <\/p>\n<p>L&rsquo;<strong>ouverture officielle<\/strong> de la pizzeria est pr\u00e9vue pour le mercredi 21 janvier, \u00e0 l&rsquo;occasion de la rencontre <strong>OM-Liverpool<\/strong>. <\/p>\n<p>Psst&#8230; On nous a gliss\u00e9 \u00e0 l&rsquo;oreille que Eric Di Meco sera pr\u00e9sent pour ce coup d&rsquo;envoi. L&rsquo;ancien Minot n&rsquo;a jamais jou\u00e9 \u00e0 Naples mais aujourd&rsquo;hui, il est le roi des napolitaines !<\/p>\n<p> <img decoding=\"async\" alt=\"\" class=\"img-align-center\" data-zoomable=\"\" height=\"500\" loading=\"lazy\" src=\"https:\/\/www.europesays.com\/fr\/wp-content\/uploads\/2026\/01\/capture-ecran-instagram-casa-di-meco-eric-di-meco.jpg\" width=\"500\"\/> \u00a9 Capture vid\u00e9o instagram Casa Di Meco &#8211; Eric Di Meco s&rsquo;exerce \u00e0 la pizza pour annoncer l&rsquo;ouverture de Casa Di Meco, \u00e0 Marseille.<script async src=\"\/\/www.instagram.com\/embed.js\"><\/script><\/p>\n","protected":false},"excerpt":{"rendered":"\u00a9 D.R. &#8211; La pizzeria Casa Di Meco ouvrira la semaine prochaine, \u00e0 deux pas du V\u00e9lodrome. \u00c0&hellip;\n","protected":false},"author":2,"featured_media":661532,"comment_status":"","ping_status":"","sticky":false,"template":"","format":"standard","meta":{"footnotes":""},"categories":[2814],"tags":[1111,11,258,7227,1777,674,1011,27,884,12,149,8819,882,25,2923],"class_list":{"0":"post-661531","1":"post","2":"type-post","3":"status-publish","4":"format-standard","5":"has-post-thumbnail","7":"category-marseille","8":"tag-actu","9":"tag-actualites","10":"tag-alimentation","11":"tag-commerces","12":"tag-eu","13":"tag-europe","14":"tag-fr","15":"tag-france","16":"tag-marseille","17":"tag-news","18":"tag-om","19":"tag-pizzeria","20":"tag-provence-alpes-cote-dazur","21":"tag-republique-francaise","22":"tag-restaurants"},"share_on_mastodon":{"url":"https:\/\/pubeurope.com\/@fr\/115890031528237819","error":""},"_links":{"self":[{"href":"https:\/\/www.europesays.com\/fr\/wp-json\/wp\/v2\/posts\/661531","targetHints":{"allow":["GET"]}}],"collection":[{"href":"https:\/\/www.europesays.com\/fr\/wp-json\/wp\/v2\/posts"}],"about":[{"href":"https:\/\/www.europesays.com\/fr\/wp-json\/wp\/v2\/types\/post"}],"author":[{"embeddable":true,"href":"https:\/\/www.europesays.com\/fr\/wp-json\/wp\/v2\/users\/2"}],"replies":[{"embeddable":true,"href":"https:\/\/www.europesays.com\/fr\/wp-json\/wp\/v2\/comments?post=661531"}],"version-history":[{"count":0,"href":"https:\/\/www.europesays.com\/fr\/wp-json\/wp\/v2\/posts\/661531\/revisions"}],"wp:featuredmedia":[{"embeddable":true,"href":"https:\/\/www.europesays.com\/fr\/wp-json\/wp\/v2\/media\/661532"}],"wp:attachment":[{"href":"https:\/\/www.europesays.com\/fr\/wp-json\/wp\/v2\/media?parent=661531"}],"wp:term":[{"taxonomy":"category","embeddable":true,"href":"https:\/\/www.europesays.com\/fr\/wp-json\/wp\/v2\/categories?post=661531"},{"taxonomy":"post_tag","embeddable":true,"href":"https:\/\/www.europesays.com\/fr\/wp-json\/wp\/v2\/tags?post=661531"}],"curies":[{"name":"wp","href":"https:\/\/api.w.org\/{rel}","templated":true}]}}