{"id":661533,"date":"2026-01-13T21:58:11","date_gmt":"2026-01-13T21:58:11","guid":{"rendered":"https:\/\/www.europesays.com\/fr\/661533\/"},"modified":"2026-01-13T21:58:11","modified_gmt":"2026-01-13T21:58:11","slug":"huit-interpellations-apres-la-mobilisation-en-soutien-aux-jeunes-migrants","status":"publish","type":"post","link":"https:\/\/www.europesays.com\/fr\/661533\/","title":{"rendered":"huit interpellations apr\u00e8s la mobilisation en soutien aux jeunes migrants"},"content":{"rendered":"<p>Ce mardi matin, les mineurs non accompagn\u00e9s, qui vivaient dans le gymnase Chanfray (Lyon 2), \u00e9taient remis \u00e0 la rue avec la fin du plan Grand Froid. Une trentaine de personnes du Collectif Soutiens\/Migrants Croix-Rousse \u00e9tait pr\u00e9sente.<\/p>\n<p>En d\u00e9but de soir\u00e9e, un important dispositif de policiers \u00e9tait d\u00e9p\u00each\u00e9 sur place. Face \u00e0 eux, entre 150 et 200 manifestants demandaient de l&rsquo;aide pour ces jeunes migrants. \u00ab\u00a0Un toit c&rsquo;est un droit, prot\u00e9geons les MNA\u00a0\u00bb, pouvait-on entendre. Au total, huit interpellations ont eu lieu.<\/p>\n","protected":false},"excerpt":{"rendered":"Ce mardi matin, les mineurs non accompagn\u00e9s, qui vivaient dans le gymnase Chanfray (Lyon 2), \u00e9taient remis \u00e0&hellip;\n","protected":false},"author":2,"featured_media":661534,"comment_status":"","ping_status":"","sticky":false,"template":"","format":"standard","meta":{"footnotes":""},"categories":[1889],"tags":[1111,11,2430,2757,1777,674,274,107,1011,27,2428,12,25,2429,801,104],"class_list":{"0":"post-661533","1":"post","2":"type-post","3":"status-publish","4":"format-standard","5":"has-post-thumbnail","7":"category-lyon","8":"tag-actu","9":"tag-actualites","10":"tag-auvergne-rhone-alpes","11":"tag-edition-lyon-villeurbanne","12":"tag-eu","13":"tag-europe","14":"tag-faits-divers-justice","15":"tag-fil-info","16":"tag-fr","17":"tag-france","18":"tag-lyon","19":"tag-news","20":"tag-republique-francaise","21":"tag-rhone","22":"tag-social","23":"tag-societe"},"share_on_mastodon":{"url":"https:\/\/pubeurope.com\/@fr\/115890035358975376","error":""},"_links":{"self":[{"href":"https:\/\/www.europesays.com\/fr\/wp-json\/wp\/v2\/posts\/661533","targetHints":{"allow":["GET"]}}],"collection":[{"href":"https:\/\/www.europesays.com\/fr\/wp-json\/wp\/v2\/posts"}],"about":[{"href":"https:\/\/www.europesays.com\/fr\/wp-json\/wp\/v2\/types\/post"}],"author":[{"embeddable":true,"href":"https:\/\/www.europesays.com\/fr\/wp-json\/wp\/v2\/users\/2"}],"replies":[{"embeddable":true,"href":"https:\/\/www.europesays.com\/fr\/wp-json\/wp\/v2\/comments?post=661533"}],"version-history":[{"count":0,"href":"https:\/\/www.europesays.com\/fr\/wp-json\/wp\/v2\/posts\/661533\/revisions"}],"wp:featuredmedia":[{"embeddable":true,"href":"https:\/\/www.europesays.com\/fr\/wp-json\/wp\/v2\/media\/661534"}],"wp:attachment":[{"href":"https:\/\/www.europesays.com\/fr\/wp-json\/wp\/v2\/media?parent=661533"}],"wp:term":[{"taxonomy":"category","embeddable":true,"href":"https:\/\/www.europesays.com\/fr\/wp-json\/wp\/v2\/categories?post=661533"},{"taxonomy":"post_tag","embeddable":true,"href":"https:\/\/www.europesays.com\/fr\/wp-json\/wp\/v2\/tags?post=661533"}],"curies":[{"name":"wp","href":"https:\/\/api.w.org\/{rel}","templated":true}]}}