{"id":661535,"date":"2026-01-13T21:59:10","date_gmt":"2026-01-13T21:59:10","guid":{"rendered":"https:\/\/www.europesays.com\/fr\/661535\/"},"modified":"2026-01-13T21:59:10","modified_gmt":"2026-01-13T21:59:10","slug":"8e-de-finale-de-la-coupe-de-france-de-football-le-stade-lavallois-devra-sortir-les-griffes-contre-lyon","status":"publish","type":"post","link":"https:\/\/www.europesays.com\/fr\/661535\/","title":{"rendered":"8e de finale de la coupe de France de football\u00a0: le Stade Lavallois devra sortir les griffes contre Lyon"},"content":{"rendered":"<p>Le Stade Lavallois affrontera l&rsquo;Olympique Lyonnais en 8e de finale de la coupe de France de football d\u00e9but f\u00e9vrier 2026. La rencontre se d\u00e9roulera sur le terrain de Lyon. Le tirage au sort s&rsquo;est d\u00e9roul\u00e9 ce lundi soir. <\/p>\n<p>Quel tirage au sort pour le Stade Lavallois en coupe de France\u00a0! Les Tango sont tomb\u00e9s sur un sacr\u00e9 client en 1\/8e de finale, ce\u00a0sera l&rsquo;Olympique Lyonnais. Malheureusement, la rencontre se d\u00e9roulera \u00e0 Lyon, pas \u00e0 Le Basser. On peut quand m\u00eame imaginer un joli parcage de fans mayennais dans la tribune r\u00e9serv\u00e9e aux adversaires dans le c\u00e9l\u00e8bre Groupama Stadium, dans la banlieue lyonnaise. Une enceinte qui accueille depuis plusieurs ann\u00e9es des matches de tr\u00e8s haut niveau, avec un public bouillonnant. Jouer dans un tel stade, dans une ambiance qui sera probablement de feu, c&rsquo;est d\u00e9j\u00e0 une petite victoire.<\/p>\n<p>Pour le reste, il va falloir s&rsquo;accrocher, car c&rsquo;est un sacr\u00e9 client qui va se dresser face aux Tango\u00a0: l&rsquo;OL, un des plus beaux palmar\u00e8s du football fran\u00e7ais, toujours tr\u00e8s haut dans la hi\u00e9rarchie m\u00eame si ces derni\u00e8res ann\u00e9es, ce sont les finances qui ont fait rugir les m\u00e9dias et les supporters avec la fameuse gestion de l&rsquo;Am\u00e9ricain John Textor. Mais, l\u00e0, la page US est tourn\u00e9e entre Rh\u00f4ne et Sa\u00f4ne. Olivier Frappoli, l&rsquo;entra\u00eeneur du Stade Lavallois, est prudent, tr\u00e8s prudent. \u00ab\u00a0Lyon a cette saison une tr\u00e8s belle \u00e9quipe. Il faudra \u00eatre \u00e0 la hauteur de l\u2019\u00e9v\u00e9nement\u00a0\u00bb confie-t-il, et d&rsquo;ajouter \u00ab\u00a0On ira d\u00e9fendre fi\u00e8rement couleurs avec Force et d\u00e9termination\u00a0\u00bb.<\/p>\n<p>La derni\u00e8re confrontation entre les deux \u00e9quipes remonte \u00e0 plus de 30 ans, c&rsquo;\u00e9tait en f\u00e9vrier 1994, en coupe de France mais en 1\/16e de finale. Et le Stade Lavallois avait gagn\u00e9 \u00e0 Le Basser aux tirs au but face \u00e0 l&rsquo;OL entra\u00een\u00e9 \u00e0 l&rsquo;\u00e9poque par Jean Tigana. Bis repetita, allez savoir, ce serait une belle histoire.<\/p>\n<p>Le Lyon de 2026 a repris du poil de la b\u00eate, 5e en Ligue 1, un parcours sans faute en Ligue Europa, et une p\u00e9pite br\u00e9silienne qui a sign\u00e9 au mercato hivernal, un grand espoir du foot international, d\u00e9j\u00e0 compar\u00e9 \u00e0 Ronaldo par exemple\u00a0: Endrick Felipe Moreira de Sousa, plus couramment appel\u00e9 Endrick, pr\u00eat\u00e9 par le Real Madrid. L&rsquo;avant-centre de 20 ans est venu en France pour avoir du temps de jeu. Et il a d\u00e9j\u00e0 marqu\u00e9 les esprits \u00e0 Lille et un but au tour pr\u00e9c\u00e9dent de la comp\u00e9tition. Avant d&rsquo;aller \u00e0 Lyon, l&rsquo;\u00e9quipe mayennaise a trois matches de championnat \u00e0 n\u00e9gocier pour se refaire une sant\u00e9 contre Bastia, Amiens et Pau. C&rsquo;est surtout face \u00e0 ces clubs qu&rsquo;il va falloir sortir les griffes.<\/p>\n","protected":false},"excerpt":{"rendered":"Le Stade Lavallois affrontera l&rsquo;Olympique Lyonnais en 8e de finale de la coupe de France de football d\u00e9but&hellip;\n","protected":false},"author":2,"featured_media":661536,"comment_status":"","ping_status":"","sticky":false,"template":"","format":"standard","meta":{"footnotes":""},"categories":[1889],"tags":[1111,11,2430,1777,674,1011,27,2428,12,25],"class_list":{"0":"post-661535","1":"post","2":"type-post","3":"status-publish","4":"format-standard","5":"has-post-thumbnail","7":"category-lyon","8":"tag-actu","9":"tag-actualites","10":"tag-auvergne-rhone-alpes","11":"tag-eu","12":"tag-europe","13":"tag-fr","14":"tag-france","15":"tag-lyon","16":"tag-news","17":"tag-republique-francaise"},"share_on_mastodon":{"url":"https:\/\/pubeurope.com\/@fr\/115890039174175822","error":""},"_links":{"self":[{"href":"https:\/\/www.europesays.com\/fr\/wp-json\/wp\/v2\/posts\/661535","targetHints":{"allow":["GET"]}}],"collection":[{"href":"https:\/\/www.europesays.com\/fr\/wp-json\/wp\/v2\/posts"}],"about":[{"href":"https:\/\/www.europesays.com\/fr\/wp-json\/wp\/v2\/types\/post"}],"author":[{"embeddable":true,"href":"https:\/\/www.europesays.com\/fr\/wp-json\/wp\/v2\/users\/2"}],"replies":[{"embeddable":true,"href":"https:\/\/www.europesays.com\/fr\/wp-json\/wp\/v2\/comments?post=661535"}],"version-history":[{"count":0,"href":"https:\/\/www.europesays.com\/fr\/wp-json\/wp\/v2\/posts\/661535\/revisions"}],"wp:featuredmedia":[{"embeddable":true,"href":"https:\/\/www.europesays.com\/fr\/wp-json\/wp\/v2\/media\/661536"}],"wp:attachment":[{"href":"https:\/\/www.europesays.com\/fr\/wp-json\/wp\/v2\/media?parent=661535"}],"wp:term":[{"taxonomy":"category","embeddable":true,"href":"https:\/\/www.europesays.com\/fr\/wp-json\/wp\/v2\/categories?post=661535"},{"taxonomy":"post_tag","embeddable":true,"href":"https:\/\/www.europesays.com\/fr\/wp-json\/wp\/v2\/tags?post=661535"}],"curies":[{"name":"wp","href":"https:\/\/api.w.org\/{rel}","templated":true}]}}