{"id":661539,"date":"2026-01-13T22:02:12","date_gmt":"2026-01-13T22:02:12","guid":{"rendered":"https:\/\/www.europesays.com\/fr\/661539\/"},"modified":"2026-01-13T22:02:12","modified_gmt":"2026-01-13T22:02:12","slug":"la-fnsea-va-passer-la-nuit-devant-lassemblee-nationale-a-paris","status":"publish","type":"post","link":"https:\/\/www.europesays.com\/fr\/661539\/","title":{"rendered":"la FNSEA va passer la nuit devant l&rsquo;Assembl\u00e9e nationale \u00e0 Paris"},"content":{"rendered":"<p>                    Par<br \/>\n        <strong><br \/>\n            <a href=\"https:\/\/actu.fr\/auteur\/marie-amelie-marchal\" title=\"Consulter tous les articles de Marie Amelie Marchal\" target=\"_blank\" rel=\"noopener\">Marie Amelie Marchal<\/a><br \/>\n                    <\/strong><\/p>\n<p>        Publi\u00e9 le<\/p>\n<p>            13 janv. 2026 \u00e0 20h52        <\/p>\n<p>Les tracteurs devaient reprendre la route et sortir de Paris en fin de journ\u00e9e. Pourtant, ce mardi 13\u00a0janvier 2026, vers 20\u00a0heures, la FNSEA a indiqu\u00e9 vouloir <strong>passer la nuit devant l\u2019Assembl\u00e9e nationale<\/strong> \u00e0 Paris selon les informations d\u2019<a href=\"https:\/\/www.francebleu.fr\/infos\/societe\/la-colere-agricole-de-retour-a-paris-3295178\" target=\"_blank\" rel=\"noopener\">Ici Paris<\/a>.<\/p>\n<p>Mener un dernier combat<\/p>\n<p class=\" wall-content\">\u00ab\u2009On a d\u00e9cid\u00e9 apr\u00e8s consultation de l\u2019ensemble des d\u00e9l\u00e9gations de la FNSEA et des Jeunes agriculteurs du grand bassin parisien de rester ici pour la nuit. On nous a \u00e9cout\u00e9s [\u2026] mais on va rester ici pour mener un dernier combat, pour un<strong> sujet de tr\u00e9sorerie<\/strong>\u2009\u00bb, a indiqu\u00e9 Damien Greffin, un des vice-pr\u00e9sidents de la FNSEA devant l\u2019Assembl\u00e9e.<\/p>\n<p class=\" wall-content\">D\u00e8s l\u2019aube, ce mardi, des centaines de tracteurs ont pris position aux abords de l\u2019Assembl\u00e9e nationale estimant ne pas avoir \u00e9t\u00e9 assez \u00ab\u2009entendus\u2009\u00bb par le gouvernement. Pour r\u00e9pondre \u00e0 la col\u00e8re des agriculteurs, <a href=\"https:\/\/actu.fr\/societe\/colere-des-agriculteurs-eau-nitrates-sebastien-lecornu-annonce-un-projet-de-loi-d-urgence-pour-mars_63693168.html\" target=\"_blank\" rel=\"noopener\">S\u00e9bastien Lecornu<\/a> a annonc\u00e9 un \u00ab\u2009projet de loi d\u2019urgence\u2009\u00bb dans l\u2019apr\u00e8s-midi.<\/p>\n<p class=\" wall-content\">Le texte sera\u00a0pr\u00e9sent\u00e9 en mars\u00a02026, dans la foul\u00e9e du\u00a0Salon de l\u2019agriculture (qui se tient du 21\u00a0f\u00e9vrier au 1er\u00a0mars prochain Porte de Versailles, \u00e0 Paris), a pr\u00e9cis\u00e9 le Premier ministre dans un long message post\u00e9\u00a0<a href=\"https:\/\/x.com\/SebLecornu\/status\/2011102888668352868\">sur son compte X<\/a>.<\/p>\n<p class=\" wall-content\">Mais pour la FNSEA et les Jeunes agriculteurs, ce n\u2019est pas suffisant.\u00a0Interrog\u00e9 sur les autorisations \u00e0 rester sur place, ce dernier assure \u00ab\u2009(agir) dans un cadre r\u00e9publicain. [\u2026] Tout \u00e7a est parfaitement vu \u00e0 ce stade avec les autorit\u00e9s.\u2009\u00bb Pour le moment <strong>aucune heure de d\u00e9part<\/strong> n\u2019est \u00e9voqu\u00e9e et la possibilit\u00e9 de rester plusieurs jours n\u2019est pas \u00e9cart\u00e9e.<\/p>\n<p class=\" wall-content\">Dans la journ\u00e9e, des<strong> tonnes de pommes de terre ont \u00e9t\u00e9 d\u00e9vers\u00e9es<\/strong> devant l\u2019Assembl\u00e9e nationale et les agriculteurs ont<strong> replant\u00e9 un arbre<\/strong> en clin d\u2019\u0153il \u00e0 <a href=\"https:\/\/actu.fr\/ile-de-france\/paris_75056\/colere-des-agriculteurs-manifestation-devant-l-assemblee-perturbation-sur-les-routes-on-fait-le-point_63667893.html\" target=\"_blank\" rel=\"noopener\">l\u2019arbre abattu dans le 16e<\/a> arrondissement par les agriculteurs de la Coordination rurale le 8\u00a0janvier dernier.<\/p>\n<p class=\" wall-content\">\n<p class=\" wall-content\">Personnalisez votre actualit\u00e9 en ajoutant vos villes et m\u00e9dias en favori avec <a href=\"https:\/\/moncompte.actu.fr\" title=\"D\u00e9couvez Mon Actu\" rel=\"nofollow noopener\" data-trk=\"{&quot;cta&quot;:{&quot;action&quot;:&quot;https:\\\/\\\/moncompte.actu.fr&quot;,&quot;category&quot;:&quot;mon compte&quot;,&quot;from&quot;:&quot;article footer&quot;,&quot;name&quot;:&quot;Mon actu&quot;,&quot;type&quot;:&quot;cta&quot;}}\" target=\"_blank\">Mon Actu<\/a>.<\/p>\n","protected":false},"excerpt":{"rendered":"Par Marie Amelie Marchal Publi\u00e9 le 13 janv. 2026 \u00e0 20h52 Les tracteurs devaient reprendre la route et&hellip;\n","protected":false},"author":2,"featured_media":661540,"comment_status":"","ping_status":"","sticky":false,"template":"","format":"standard","meta":{"footnotes":""},"categories":[1888],"tags":[1111,1928,11,1927,327,416,1777,674,1011,27,12,1926,626,1925,25,104],"class_list":{"0":"post-661539","1":"post","2":"type-post","3":"status-publish","4":"format-standard","5":"has-post-thumbnail","7":"category-paris","8":"tag-actu","9":"tag-actu-paris","10":"tag-actualites","11":"tag-actualites-paris","12":"tag-agriculture","13":"tag-assemblee-nationale","14":"tag-eu","15":"tag-europe","16":"tag-fr","17":"tag-france","18":"tag-news","19":"tag-news-paris","20":"tag-paris","21":"tag-paris-news","22":"tag-republique-francaise","23":"tag-societe"},"share_on_mastodon":{"url":"https:\/\/pubeurope.com\/@fr\/115890051019846901","error":""},"_links":{"self":[{"href":"https:\/\/www.europesays.com\/fr\/wp-json\/wp\/v2\/posts\/661539","targetHints":{"allow":["GET"]}}],"collection":[{"href":"https:\/\/www.europesays.com\/fr\/wp-json\/wp\/v2\/posts"}],"about":[{"href":"https:\/\/www.europesays.com\/fr\/wp-json\/wp\/v2\/types\/post"}],"author":[{"embeddable":true,"href":"https:\/\/www.europesays.com\/fr\/wp-json\/wp\/v2\/users\/2"}],"replies":[{"embeddable":true,"href":"https:\/\/www.europesays.com\/fr\/wp-json\/wp\/v2\/comments?post=661539"}],"version-history":[{"count":0,"href":"https:\/\/www.europesays.com\/fr\/wp-json\/wp\/v2\/posts\/661539\/revisions"}],"wp:featuredmedia":[{"embeddable":true,"href":"https:\/\/www.europesays.com\/fr\/wp-json\/wp\/v2\/media\/661540"}],"wp:attachment":[{"href":"https:\/\/www.europesays.com\/fr\/wp-json\/wp\/v2\/media?parent=661539"}],"wp:term":[{"taxonomy":"category","embeddable":true,"href":"https:\/\/www.europesays.com\/fr\/wp-json\/wp\/v2\/categories?post=661539"},{"taxonomy":"post_tag","embeddable":true,"href":"https:\/\/www.europesays.com\/fr\/wp-json\/wp\/v2\/tags?post=661539"}],"curies":[{"name":"wp","href":"https:\/\/api.w.org\/{rel}","templated":true}]}}