{"id":661543,"date":"2026-01-13T22:04:10","date_gmt":"2026-01-13T22:04:10","guid":{"rendered":"https:\/\/www.europesays.com\/fr\/661543\/"},"modified":"2026-01-13T22:04:10","modified_gmt":"2026-01-13T22:04:10","slug":"le-cinema-le-plus-frequente-au-monde-est-a-paris","status":"publish","type":"post","link":"https:\/\/www.europesays.com\/fr\/661543\/","title":{"rendered":"Le cin\u00e9ma le plus fr\u00e9quent\u00e9 au monde est \u00e0 Paris"},"content":{"rendered":"<p>Et encore une belle ann\u00e9e pour le <strong>cin\u00e9ma UGC Cin\u00e9 Cit\u00e9 Les Halles<\/strong>\u00a0! Apr\u00e8s avoir f\u00eat\u00e9 ses 30 ans de projections en 2025, l\u2019institution parisienne confirme de nouveau sa<strong> premi\u00e8re place mondiale en termes de fr\u00e9quentation<\/strong>. Au total, ce sont<strong> 2 599 667 spectateur\u00b7ice\u00b7s <\/strong>qui se sont ru\u00e9\u00b7e\u00b7s dans les salles obscures du site l\u2019ann\u00e9e derni\u00e8re, aussi bien pour mater les blockbusters \u00e0 l\u2019affiche que pour (re)voir leurs films d\u2019auteur favoris.\u00a0<\/p>\n<p>Le cin\u00e9ma le plus fr\u00e9quent\u00e9 au monde\u00a0<\/p>\n<p>En France, en 2025, la <strong>fr\u00e9quentation des cin\u00e9mas a recul\u00e9 de 14% par rapport \u00e0 2024<\/strong>. Une baisse qui peut s\u2019expliquer par l\u2019augmentation des tarifs de cin\u00e9ma et la baisse du pouvoir d\u2019achat des Fran\u00e7ais\u00b7e\u00b7s. Mais dans ce climat, le cin\u00e9ma <strong>UGC Cin\u00e9 Cit\u00e9 Les Halles reste performant et enregistre en 2025 une baisse de seulement -2,9%<\/strong>. Et pour cause, le multiplexe compte aujourd\u2019hui<strong> 27 salles et plus de 3 800 si\u00e8ges<\/strong>, et continue d\u2019attirer cin\u00e9philes et professionnel\u00b7le\u00b7s avec des s\u00e9ances matinales particuli\u00e8rement appr\u00e9ci\u00e9es le mercredi (jour des sorties nationales), une multitude d\u2019avant-premi\u00e8res exceptionnelles et une programmation \u00e9clectique.<\/p>\n<blockquote class=\"instagram-media\" data-instgrm-permalink=\"https:\/\/www.instagram.com\/p\/DEQJ3g5NT1c\/?utm_source=ig_embed&amp;utm_campaign=loading\" data-instgrm-version=\"14\" style=\"background: #FFF; border: 0; border-radius: 3px; box-shadow: 0 0 1px 0 rgba(0,0,0,0.5),0 1px 10px 0 rgba(0,0,0,0.15); margin: 1px; max-width: 540px; min-width: 326px; padding: 0; width: calc(100% - 2px);\">\n<\/blockquote>\n<p>La recette du succ\u00e8s\u00a0?\u00a0<\/p>\n<p>Alors que le cin\u00e9 appartient \u00e0 un grand groupe \u2013 et n\u2019est donc pas class\u00e9 art et essai \u2013 le directeur g\u00e9n\u00e9ral des op\u00e9rations UGC Cin\u00e9mas, Samuel Loiseau, f\u00e9licite la programmation du site qui<strong> ne met pas seulement en avant des films dits \u00ab\u00a0locomotives\u00a0\u00bb<\/strong>. En effet, \u00ab<strong>\u00a0<\/strong><strong>sur les 714 films diffus\u00e9s aux Halles l\u2019an pass\u00e9, 370 \u00e9taient art et essai<\/strong> [&#8230;] pour plus de 1,2 million d\u2019entr\u00e9es soit 48% de la fr\u00e9quentation du site\u00a0\u00bb, explique-t-il au magazine <a href=\"https:\/\/www.boxofficepro.fr\/ugc-cine-cite-les-halles-paris-premier-cinema-mondial-en-frequentation\/\" rel=\"nofollow noopener noreferrer\" target=\"_blank\">Boxoffice Pro<\/a>. Des chiffres qui font du cin\u00e9ma UGC Cin\u00e9 Cit\u00e9 Les Halles, contre toute attente, \u00ab\u00a0le premier cin\u00e9ma art et essai de France\u00a0\u00bb.\u00a0<\/p>\n<blockquote class=\"instagram-media\" data-instgrm-permalink=\"https:\/\/www.instagram.com\/p\/DTNaeJvDNnb\/?utm_source=ig_embed&amp;utm_campaign=loading\" data-instgrm-version=\"14\" style=\"background: #FFF; border: 0; border-radius: 3px; box-shadow: 0 0 1px 0 rgba(0,0,0,0.5),0 1px 10px 0 rgba(0,0,0,0.15); margin: 1px; max-width: 540px; min-width: 326px; padding: 0; width: calc(100% - 2px);\">\n<\/blockquote>\n<p>UGC Cine Cite les Halles<\/p>\n<li class=\"address info\">7, place de la rotonde  \u2013 1e<\/li>\n<li class=\"opening-hours\">Lundi &#8211; dimanche : 9:00 &#8211; 1:00<\/li>\n<p><script async src=\"\/\/www.instagram.com\/embed.js\"><\/script><\/p>\n","protected":false},"excerpt":{"rendered":"Et encore une belle ann\u00e9e pour le cin\u00e9ma UGC Cin\u00e9 Cit\u00e9 Les Halles\u00a0! Apr\u00e8s avoir f\u00eat\u00e9 ses 30&hellip;\n","protected":false},"author":2,"featured_media":661544,"comment_status":"","ping_status":"","sticky":false,"template":"","format":"standard","meta":{"footnotes":""},"categories":[1888],"tags":[11,1777,674,1011,27,12,626,25],"class_list":{"0":"post-661543","1":"post","2":"type-post","3":"status-publish","4":"format-standard","5":"has-post-thumbnail","7":"category-paris","8":"tag-actualites","9":"tag-eu","10":"tag-europe","11":"tag-fr","12":"tag-france","13":"tag-news","14":"tag-paris","15":"tag-republique-francaise"},"share_on_mastodon":{"url":"https:\/\/pubeurope.com\/@fr\/115890059075085747","error":""},"_links":{"self":[{"href":"https:\/\/www.europesays.com\/fr\/wp-json\/wp\/v2\/posts\/661543","targetHints":{"allow":["GET"]}}],"collection":[{"href":"https:\/\/www.europesays.com\/fr\/wp-json\/wp\/v2\/posts"}],"about":[{"href":"https:\/\/www.europesays.com\/fr\/wp-json\/wp\/v2\/types\/post"}],"author":[{"embeddable":true,"href":"https:\/\/www.europesays.com\/fr\/wp-json\/wp\/v2\/users\/2"}],"replies":[{"embeddable":true,"href":"https:\/\/www.europesays.com\/fr\/wp-json\/wp\/v2\/comments?post=661543"}],"version-history":[{"count":0,"href":"https:\/\/www.europesays.com\/fr\/wp-json\/wp\/v2\/posts\/661543\/revisions"}],"wp:featuredmedia":[{"embeddable":true,"href":"https:\/\/www.europesays.com\/fr\/wp-json\/wp\/v2\/media\/661544"}],"wp:attachment":[{"href":"https:\/\/www.europesays.com\/fr\/wp-json\/wp\/v2\/media?parent=661543"}],"wp:term":[{"taxonomy":"category","embeddable":true,"href":"https:\/\/www.europesays.com\/fr\/wp-json\/wp\/v2\/categories?post=661543"},{"taxonomy":"post_tag","embeddable":true,"href":"https:\/\/www.europesays.com\/fr\/wp-json\/wp\/v2\/tags?post=661543"}],"curies":[{"name":"wp","href":"https:\/\/api.w.org\/{rel}","templated":true}]}}