{"id":661545,"date":"2026-01-13T22:05:11","date_gmt":"2026-01-13T22:05:11","guid":{"rendered":"https:\/\/www.europesays.com\/fr\/661545\/"},"modified":"2026-01-13T22:05:11","modified_gmt":"2026-01-13T22:05:11","slug":"battre-le-psg-montre-symboliquement-quon-existe-a-paris-pierre-ferracci-aux-anges-apres-lexploit-du-pfc","status":"publish","type":"post","link":"https:\/\/www.europesays.com\/fr\/661545\/","title":{"rendered":"\u00ab\u00a0Battre le PSG montre symboliquement qu\u2019on existe \u00e0 Paris\u00a0\u00bb\u00a0: Pierre Ferracci aux anges apr\u00e8s l\u2019exploit du PFC"},"content":{"rendered":"<p class=\"paragraph text_align_left lp-f-body-02\">Pr\u00e9sident du<a href=\"https:\/\/www.leparisien.fr\/sports\/football\/paris-fc\/\" target=\"_self\" rel=\"noopener\"> Paris FC <\/a>depuis 2012, Pierre Ferracci a v\u00e9cu sa plus belle \u00e9motion &#8211; avec la mont\u00e9e en L 1 \u00e0 Martigues &#8211; lundi soir au Parc contre le <a href=\"https:\/\/www.leparisien.fr\/sports\/football\/psg\/\" target=\"_blank\" rel=\"noreferrer noopener\">PSG<\/a> (0-1). Au lendemain <a href=\"https:\/\/www.leparisien.fr\/sports\/football\/psg\/psg-paris-fc-0-1-exploit-du-pfc-qui-fait-gifle-les-champions-deurope-en-coupe-de-france-12-01-2026-QTMHQ6HEVNCYDEXZS3TY4AG6TQ.php\" target=\"_blank\" rel=\"noreferrer noopener\">de cet exploit,<\/a> il a accept\u00e9 de confier ses sentiments et de balayer l\u2019actualit\u00e9 de son club, \u00e9voquant le mercato et les \u00e9ch\u00e9ances \u00e0 venir en championnat, le v\u00e9ritable objectif du club qui sera oppos\u00e9 \u00e0 Lorient lors des 8es de finale de Coupe de France.<\/p>\n<p class=\"\"><b>Au coup de sifflet final, on vous a vu courir sur le terrain et embrasser tout le monde\u2026<\/b><\/p>\n","protected":false},"excerpt":{"rendered":"Pr\u00e9sident du Paris FC depuis 2012, Pierre Ferracci a v\u00e9cu sa plus belle \u00e9motion &#8211; avec la mont\u00e9e&hellip;\n","protected":false},"author":2,"featured_media":661546,"comment_status":"","ping_status":"","sticky":false,"template":"","format":"standard","meta":{"footnotes":""},"categories":[1888],"tags":[11,1777,674,63,1011,27,12,626,445,25,60],"class_list":{"0":"post-661545","1":"post","2":"type-post","3":"status-publish","4":"format-standard","5":"has-post-thumbnail","7":"category-paris","8":"tag-actualites","9":"tag-eu","10":"tag-europe","11":"tag-football","12":"tag-fr","13":"tag-france","14":"tag-news","15":"tag-paris","16":"tag-paris-fc","17":"tag-republique-francaise","18":"tag-sports"},"share_on_mastodon":{"url":"https:\/\/pubeurope.com\/@fr\/115890062893935221","error":""},"_links":{"self":[{"href":"https:\/\/www.europesays.com\/fr\/wp-json\/wp\/v2\/posts\/661545","targetHints":{"allow":["GET"]}}],"collection":[{"href":"https:\/\/www.europesays.com\/fr\/wp-json\/wp\/v2\/posts"}],"about":[{"href":"https:\/\/www.europesays.com\/fr\/wp-json\/wp\/v2\/types\/post"}],"author":[{"embeddable":true,"href":"https:\/\/www.europesays.com\/fr\/wp-json\/wp\/v2\/users\/2"}],"replies":[{"embeddable":true,"href":"https:\/\/www.europesays.com\/fr\/wp-json\/wp\/v2\/comments?post=661545"}],"version-history":[{"count":0,"href":"https:\/\/www.europesays.com\/fr\/wp-json\/wp\/v2\/posts\/661545\/revisions"}],"wp:featuredmedia":[{"embeddable":true,"href":"https:\/\/www.europesays.com\/fr\/wp-json\/wp\/v2\/media\/661546"}],"wp:attachment":[{"href":"https:\/\/www.europesays.com\/fr\/wp-json\/wp\/v2\/media?parent=661545"}],"wp:term":[{"taxonomy":"category","embeddable":true,"href":"https:\/\/www.europesays.com\/fr\/wp-json\/wp\/v2\/categories?post=661545"},{"taxonomy":"post_tag","embeddable":true,"href":"https:\/\/www.europesays.com\/fr\/wp-json\/wp\/v2\/tags?post=661545"}],"curies":[{"name":"wp","href":"https:\/\/api.w.org\/{rel}","templated":true}]}}