{"id":661547,"date":"2026-01-13T22:06:13","date_gmt":"2026-01-13T22:06:13","guid":{"rendered":"https:\/\/www.europesays.com\/fr\/661547\/"},"modified":"2026-01-13T22:06:13","modified_gmt":"2026-01-13T22:06:13","slug":"en-direct-guerre-en-ukraine-des-frappes-russes-font-au-moins-quatre-morts-pres-de-kharkiv","status":"publish","type":"post","link":"https:\/\/www.europesays.com\/fr\/661547\/","title":{"rendered":"EN DIRECT &#8211; Guerre en Ukraine : des frappes russes font au moins quatre morts pr\u00e8s de Kharkiv"},"content":{"rendered":"<p>L&rsquo;arm\u00e9e russe a poursuivi dans la journ\u00e9e ses frappes massives sur l&rsquo;Ukraine, qui avaient fait au moins quatre morts au cours de la nuit, provoquant en plein hiver des coupures de courant. Les r\u00e9gions de la capitale Kiev, Kharkiv (nord-est), Zaporijia (sud) et Dnipropetrovsk (centre-est) ont essuy\u00e9 les attaques nocturnes de 25 missiles et de 293 drones, ont annonc\u00e9 les forces a\u00e9riennes ukrainiennes, quatre jours apr\u00e8s un pilonnage similaire.\u00a0<\/p>\n<p>La journ\u00e9e a \u00e9t\u00e9 \u00ab\u00a0difficile\u00a0\u00bb, a reconnu le pr\u00e9sident Volodymyr Zelensky dans son message du soir, soulignant qu'\u00a0\u00bbune nouvelle frappe russe a eu lieu, avec 18 missiles balistiques tir\u00e9s. Sans compter les missiles de croisi\u00e8re et les drones de combat\u00a0\u00bb, dont 64, \u00ab\u00a0des Shahed\u00a0\u00bb (de fabrication iranienne), ont \u00e9t\u00e9 \u00ab\u00a0abattus\u00a0\u00bb.<\/p>\n<p>\u00ab\u00a0Ce matin est glacial en Ukraine avec des temp\u00e9ratures en dessous de -15\u00b0C. Et c&rsquo;est exactement pour cela que la Russie a attaqu\u00e9 l&rsquo;Ukraine (&#8230;) en visant le secteur \u00e9nerg\u00e9tique pour priver les gens d&rsquo;\u00e9lectricit\u00e9, d&rsquo;eau et de chauffage\u00a0\u00bb, avait quelques heures plus t\u00f4t accus\u00e9 son ministre des Affaires \u00e9trang\u00e8res Andri\u00ef Sybiga.<\/p>\n","protected":false},"excerpt":{"rendered":"L&rsquo;arm\u00e9e russe a poursuivi dans la journ\u00e9e ses frappes massives sur l&rsquo;Ukraine, qui avaient fait au moins quatre&hellip;\n","protected":false},"author":2,"featured_media":661548,"comment_status":"","ping_status":"","sticky":false,"template":"","format":"standard","meta":{"footnotes":""},"categories":[1591],"tags":[1111,11,1921,5925,1887,28083,1922,74270,12,1885,1886,132,220,73921,133,1920],"class_list":{"0":"post-661547","1":"post","2":"type-post","3":"status-publish","4":"format-standard","5":"has-post-thumbnail","7":"category-russie","8":"tag-actu","9":"tag-actualites","10":"tag-article-video","11":"tag-conflits-et-guerre","12":"tag-federation-de-russie","13":"tag-guerre-en-ukraine-une-treve-sera-t-elle-possible","14":"tag-info","15":"tag-les-attaques-russes-continuent","16":"tag-news","17":"tag-russia","18":"tag-russian-federation","19":"tag-russie","20":"tag-ukraine","21":"tag-ukraine-russie-en-marge-des-negociations","22":"tag-video","23":"tag-video-international"},"share_on_mastodon":{"url":"https:\/\/pubeurope.com\/@fr\/115890066796720529","error":""},"_links":{"self":[{"href":"https:\/\/www.europesays.com\/fr\/wp-json\/wp\/v2\/posts\/661547","targetHints":{"allow":["GET"]}}],"collection":[{"href":"https:\/\/www.europesays.com\/fr\/wp-json\/wp\/v2\/posts"}],"about":[{"href":"https:\/\/www.europesays.com\/fr\/wp-json\/wp\/v2\/types\/post"}],"author":[{"embeddable":true,"href":"https:\/\/www.europesays.com\/fr\/wp-json\/wp\/v2\/users\/2"}],"replies":[{"embeddable":true,"href":"https:\/\/www.europesays.com\/fr\/wp-json\/wp\/v2\/comments?post=661547"}],"version-history":[{"count":0,"href":"https:\/\/www.europesays.com\/fr\/wp-json\/wp\/v2\/posts\/661547\/revisions"}],"wp:featuredmedia":[{"embeddable":true,"href":"https:\/\/www.europesays.com\/fr\/wp-json\/wp\/v2\/media\/661548"}],"wp:attachment":[{"href":"https:\/\/www.europesays.com\/fr\/wp-json\/wp\/v2\/media?parent=661547"}],"wp:term":[{"taxonomy":"category","embeddable":true,"href":"https:\/\/www.europesays.com\/fr\/wp-json\/wp\/v2\/categories?post=661547"},{"taxonomy":"post_tag","embeddable":true,"href":"https:\/\/www.europesays.com\/fr\/wp-json\/wp\/v2\/tags?post=661547"}],"curies":[{"name":"wp","href":"https:\/\/api.w.org\/{rel}","templated":true}]}}