{"id":661549,"date":"2026-01-13T22:07:19","date_gmt":"2026-01-13T22:07:19","guid":{"rendered":"https:\/\/www.europesays.com\/fr\/661549\/"},"modified":"2026-01-13T22:07:19","modified_gmt":"2026-01-13T22:07:19","slug":"lestonie-interdit-lentree-aux-russes-ayant-combattu-en-ukraine","status":"publish","type":"post","link":"https:\/\/www.europesays.com\/fr\/661549\/","title":{"rendered":"L&rsquo;Estonie interdit l&rsquo;entr\u00e9e aux Russes ayant combattu en Ukraine"},"content":{"rendered":"<p class=\"mb-4 text-lg md:leading-8 break-words\">L&rsquo;Estonie a d\u00e9clar\u00e9 mardi qu&rsquo;elle avait interdit \u00e0 261 Russes ayant combattu en Ukraine d&rsquo;entrer dans le pays, promettant que ce n&rsquo;\u00e9tait \u00ab\u00a0qu&rsquo;un d\u00e9but\u00a0\u00bb.<\/p>\n<p class=\"mb-4 text-lg md:leading-8 break-words\">Le minist\u00e8re de l&rsquo;Int\u00e9rieur a d\u00e9clar\u00e9 dans un communiqu\u00e9 que ceux qui avaient commis des atrocit\u00e9s en Ukraine n&rsquo;avaient \u00ab\u00a0pas leur place dans le monde libre\u00a0\u00bb.<\/p>\n<p class=\"mb-4 text-lg md:leading-8 break-words\">L&rsquo;Estonie, qui partage une fronti\u00e8re avec la Russie, plaide depuis des mois en faveur d&rsquo;une interdiction de visa \u00e0 l&rsquo;\u00e9chelle europ\u00e9enne pour les v\u00e9t\u00e9rans russes de la guerre en Ukraine et a obtenu le soutien des pays baltes et nordiques.<\/p>\n<p class=\"mb-4 text-lg md:leading-8 break-words\">Le minist\u00e8re estime que pr\u00e8s de 1,5 million de Russes ont pris part \u00e0 l&rsquo;invasion totale, la moiti\u00e9 d&rsquo;entre eux ayant servi sur la ligne de front.<\/p>\n<p class=\"mb-4 text-lg md:leading-8 break-words\">Le ministre de l&rsquo;int\u00e9rieur, Igor Taro, a d\u00e9clar\u00e9 que la menace pos\u00e9e n&rsquo;\u00e9tait \u00ab\u00a0pas th\u00e9orique\u00a0\u00bb, ajoutant que les Russes avaient \u00ab\u00a0une exp\u00e9rience du combat et un entra\u00eenement militaire et qu&rsquo;ils avaient souvent des ant\u00e9c\u00e9dents criminels\u00a0\u00bb.<\/p>\n<p class=\"mb-4 text-lg md:leading-8 break-words\">L&rsquo;interdiction a \u00e9t\u00e9 officiellement mise en \u0153uvre la semaine derni\u00e8re, selon le minist\u00e8re, et annonc\u00e9e lundi sur les r\u00e9seaux sociaux par des fonctionnaires.<\/p>\n<p class=\"mb-4 text-lg md:leading-8 break-words\">\u00ab\u00a0Ce n&rsquo;est qu&rsquo;un d\u00e9but\u00a0\u00bb, a \u00e9crit le ministre des Affaires \u00e9trang\u00e8res Markus Tsahkna sur X lundi, ajoutant : \u00ab\u00a0Nous appelons les autres pays \u00e0 faire de m\u00eame\u00a0\u00bb.<\/p>\n<p class=\"mb-4 text-lg md:leading-8 break-words\">\u00ab\u00a0Garantir la responsabilit\u00e9 des crimes de guerre tout en sauvegardant la s\u00e9curit\u00e9 de l&rsquo;Europe est essentiel pour une paix juste et durable\u00a0\u00bb, a \u00e9crit le Premier ministre Kristen Michal sur X.<\/p>\n<p class=\"mb-4 text-lg md:leading-8 break-words\">Cette mesure a \u00e9t\u00e9 salu\u00e9e lundi par le ministre ukrainien des affaires \u00e9trang\u00e8res, Andriy Sybiha, qui a qualifi\u00e9 les interdictions d&rsquo;entr\u00e9e de \u00ab\u00a0mesure de s\u00e9curit\u00e9 n\u00e9cessaire\u00a0\u00bb et de \u00ab\u00a0signal clair que l&rsquo;impunit\u00e9 ne sera pas tol\u00e9r\u00e9e\u00a0\u00bb sur X.<\/p>\n<p><img alt=\"Le personnel des services d'urgence s'efforce d'\u00e9teindre un incendie \u00e0 la suite d'une attaque russe \u00e0 Kharkiv, le 13 janvier 2026.\" loading=\"lazy\" width=\"808\" height=\"539\" decoding=\"async\" data-nimg=\"1\" class=\"rounded-lg\" style=\"color:transparent\" src=\"https:\/\/www.europesays.com\/fr\/wp-content\/uploads\/2026\/01\/c3c71674d12c0d5cd7ddf791caec4edd.jpeg\"\/><\/p>\n<p> Le personnel des services d&rsquo;urgence s&rsquo;efforce d&rsquo;\u00e9teindre un incendie \u00e0 la suite d&rsquo;une attaque russe \u00e0 Kharkiv, le 13 janvier 2026.   &#8211; AP\/Ukrainian Emergency Service <\/p>\n<p class=\"mb-4 text-lg md:leading-8 break-words\">L&rsquo;interdiction d&rsquo;entr\u00e9e pour le personnel des services russes intervient le jour m\u00eame o\u00f9 un observateur des Nations unies a d\u00e9clar\u00e9 que <a href=\"https:\/\/fr.news.yahoo.com\/2025-lann%C3%A9e-meurtri%C3%A8re-civils-ukrainiens-170734640.html\" data-ylk=\"slk:l&#039;ann\u00e9e derni\u00e8re avait \u00e9t\u00e9 la plus meurtri\u00e8re pour les civils en Ukraine depuis 2002;elm:context_link;itc:0;sec:content-canvas;outcm:mb_qualified_link;_E:mb_qualified_link;ct:story;\" class=\"link  yahoo-link\" target=\"_blank\" rel=\"noopener\"><strong>l&rsquo;ann\u00e9e derni\u00e8re avait \u00e9t\u00e9 la plus meurtri\u00e8re pour les civils en Ukraine depuis 2002<\/strong><\/a>, ann\u00e9e de l&rsquo;invasion du pays par les Russes.<\/p>\n<p class=\"mb-4 text-lg md:leading-8 break-words\">Au moins 2 514 civils ont \u00e9t\u00e9 tu\u00e9s et 12 142 bless\u00e9s par des violences li\u00e9es \u00e0 la guerre en Ukraine l&rsquo;ann\u00e9e derni\u00e8re, ce qui repr\u00e9sente une augmentation de 31 % des victimes par rapport \u00e0 2024 et de 70 % par rapport \u00e0 2023, a d\u00e9clar\u00e9 la <a href=\"https:\/\/ukraine.ohchr.org\/en\/2025-deadliest-year-for-civilians-in-Ukraine-since-2022-UN-human-rights-monitors-find\" rel=\"nofollow noopener\" target=\"_blank\" data-ylk=\"slk:Mission de surveillance des droits de l&#039;homme des Nations Unies en Ukraine (HRMMU);elm:context_link;itc:0;sec:content-canvas\" class=\"link \">Mission de surveillance des droits de l&rsquo;homme des Nations Unies en Ukraine (HRMMU)<\/a>.<\/p>\n<p class=\"mb-4 text-lg md:leading-8 break-words\">Selon la mission, 97% des victimes qu&rsquo;elle a v\u00e9rifi\u00e9es en 2025 se sont produites dans le territoire contr\u00f4l\u00e9 par le gouvernement ukrainien \u00e0 la suite d&rsquo;attaques lanc\u00e9es par les forces arm\u00e9es russes.<\/p>\n<p class=\"mb-4 text-lg md:leading-8 break-words\">\u00ab\u00a0Notre surveillance montre que cette augmentation est due non seulement \u00e0 l&rsquo;intensification des hostilit\u00e9s le long de la ligne de front, mais aussi \u00e0 l&rsquo;utilisation accrue d&rsquo;armes \u00e0 longue port\u00e9e, qui a expos\u00e9 les civils dans tout le pays \u00e0 des risques accrus\u00a0\u00bb, a d\u00e9clar\u00e9 Danielle Bell, cheffe de la HRMMU.<\/p>\n","protected":false},"excerpt":{"rendered":"L&rsquo;Estonie a d\u00e9clar\u00e9 mardi qu&rsquo;elle avait interdit \u00e0 261 Russes ayant combattu en Ukraine d&rsquo;entrer dans le pays,&hellip;\n","protected":false},"author":2,"featured_media":661550,"comment_status":"","ping_status":"","sticky":false,"template":"","format":"standard","meta":{"footnotes":""},"categories":[1590],"tags":[11,1777,674,76284,70271,9932,12,2536,220],"class_list":{"0":"post-661549","1":"post","2":"type-post","3":"status-publish","4":"format-standard","5":"has-post-thumbnail","7":"category-ukraine","8":"tag-actualites","9":"tag-eu","10":"tag-europe","11":"tag-l39estonie","12":"tag-ministre-de-l39interieur","13":"tag-ministre-des-affaires-etrangeres","14":"tag-news","15":"tag-russes","16":"tag-ukraine"},"share_on_mastodon":{"url":"https:\/\/pubeurope.com\/@fr\/115890070909814696","error":""},"_links":{"self":[{"href":"https:\/\/www.europesays.com\/fr\/wp-json\/wp\/v2\/posts\/661549","targetHints":{"allow":["GET"]}}],"collection":[{"href":"https:\/\/www.europesays.com\/fr\/wp-json\/wp\/v2\/posts"}],"about":[{"href":"https:\/\/www.europesays.com\/fr\/wp-json\/wp\/v2\/types\/post"}],"author":[{"embeddable":true,"href":"https:\/\/www.europesays.com\/fr\/wp-json\/wp\/v2\/users\/2"}],"replies":[{"embeddable":true,"href":"https:\/\/www.europesays.com\/fr\/wp-json\/wp\/v2\/comments?post=661549"}],"version-history":[{"count":0,"href":"https:\/\/www.europesays.com\/fr\/wp-json\/wp\/v2\/posts\/661549\/revisions"}],"wp:featuredmedia":[{"embeddable":true,"href":"https:\/\/www.europesays.com\/fr\/wp-json\/wp\/v2\/media\/661550"}],"wp:attachment":[{"href":"https:\/\/www.europesays.com\/fr\/wp-json\/wp\/v2\/media?parent=661549"}],"wp:term":[{"taxonomy":"category","embeddable":true,"href":"https:\/\/www.europesays.com\/fr\/wp-json\/wp\/v2\/categories?post=661549"},{"taxonomy":"post_tag","embeddable":true,"href":"https:\/\/www.europesays.com\/fr\/wp-json\/wp\/v2\/tags?post=661549"}],"curies":[{"name":"wp","href":"https:\/\/api.w.org\/{rel}","templated":true}]}}