{"id":661551,"date":"2026-01-13T22:08:18","date_gmt":"2026-01-13T22:08:18","guid":{"rendered":"https:\/\/www.europesays.com\/fr\/661551\/"},"modified":"2026-01-13T22:08:18","modified_gmt":"2026-01-13T22:08:18","slug":"manifestations-liran-accuse-les-etats-unis-davoir-deploye-des-agents-terroristes","status":"publish","type":"post","link":"https:\/\/www.europesays.com\/fr\/661551\/","title":{"rendered":"Manifestations: l\u2019Iran accuse les \u00c9tats-Unis d\u2019avoir d\u00e9ploy\u00e9 des \u00abagents terroristes\u00bb"},"content":{"rendered":"<p><strong>Les dirigeants iraniens accusent les \u00c9tats-Unis et Isra\u00ebl d\u2019avoir d\u00e9ploy\u00e9 des \u00abagents terroristes\u00bb dans les rues de T\u00e9h\u00e9ran et d\u2019autres grandes villes du pays, alors que les manifestations qui secouent l\u2019Iran se poursuivent et que le niveau de violence de la r\u00e9pression a atteint un sommet in\u00e9gal\u00e9 depuis des d\u00e9cennies.<\/strong><\/p>\n<p class=\"toreadalso-fromEMP\"><strong>\u2022 \u00c0 lire aussi: <\/strong><a href=\"https:\/\/www.24heures.ca\/2025\/12\/16\/trump-menace-le-venezuela-on-decortique-deux-operations-catastrophiques-de-la-cia\" target=\"8daf07ef-e6d1-42eb-8262-cc9d4dd07f20\" rel=\"noopener\"><strong>Trump menace le Venezuela: on d\u00e9cortique deux op\u00e9rations catastrophiques de la CIA<\/strong><\/a><\/p>\n<p class=\"toreadalso-fromEMP\"><strong>\u2022 \u00c0 lire aussi: <\/strong><a href=\"https:\/\/www.journaldemontreal.com\/2026\/01\/13\/manifestations-en-iran-voici-quelles-sont-les-options-considerees-par-trump-contre-le-regime\" target=\"0d8279b7-abf5-43d4-8671-7fd107f1ea0e\" rel=\"noopener\"><strong>Manifestations en Iran: voici quelles sont les options consid\u00e9r\u00e9es par Trump contre le r\u00e9gime<\/strong><\/a><\/p>\n<p>Donald Trump a encourag\u00e9 mardi les Iraniens \u00e0 poursuivre leur mouvement de contestation jusqu\u2019\u00e0 renverser le pouvoir.<\/p>\n<p>\u00abPatriotes iraniens, CONTINUEZ \u00c0 MANIFESTER \u2013 PRENEZ LE CONTR\u00d4LE DE VOS INSTITUTIONS\u00bb, a \u00e9crit le pr\u00e9sident am\u00e9ricain dans un message publi\u00e9 sur Truth Social.<\/p>\n<p>\t<a data-fancybox=\"photo\" data-type=\"image\" href=\"https:\/\/www.europesays.com\/fr\/wp-content\/uploads\/2026\/01\/Capture_d_e_cran_le_2026_01_13_a_16.00.31_1_7c2bbc0c-99d5-4bd2-944d-03cd22c27143_ORIGINAL.jpg\"><\/p>\n<p>            <img decoding=\"async\" class=\"lazyload\" src=\"https:\/\/www.europesays.com\/fr\/wp-content\/uploads\/2026\/01\/Capture_d_e_cran_le_2026_01_13_a_16.00.31_1_7c2bbc0c-99d5-4bd2-944d-03cd22c27143_ORIGINAL.jpg\" alt=\"\"\/><\/p>\n<p>    <\/a><\/p>\n<p class=\"photo-credit\">\n        Capture d&rsquo;\u00e9cran Truth Social\u00a0\n    <\/p>\n<p>Washington et T\u00e9h\u00e9ran sont engag\u00e9s dans un bras de fer diplomatique alors que le pr\u00e9sident am\u00e9ricain menace d\u2019intervenir militairement dans le pays si le pouvoir iranien continue d\u2019utiliser une force meurtri\u00e8re contre les manifestants qui d\u00e9fient son autorit\u00e9.<\/p>\n<p>Au moins 2000 personnes ont trouv\u00e9 la mort depuis le d\u00e9but du soul\u00e8vement populaire le 28 d\u00e9cembre, selon l\u2019agence de presse Human Rights Activists News Agency.<\/p>\n<p>Le r\u00e9gime iranien affirme que des \u00abforces \u00e9trang\u00e8res\u00bb sont responsables de ce bilan.<\/p>\n<p>  <strong>Des \u00abagents terroristes\u00bb am\u00e9ricains s\u00e8ment la mort dans les manifestations, dit T\u00e9h\u00e9ran<\/strong><\/p>\n<p>Les dirigeants iraniens ont accus\u00e9 les \u00c9tats-Unis d\u2019avoir d\u00e9ploy\u00e9 des \u00abagents \u00e9trangers\u00bb pour nourrir la violence lors des manifestations des derniers jours.<\/p>\n<p>\u00abNous avons enregistr\u00e9 les voix d&rsquo;individus donnant des ordres depuis l&rsquo;\u00e9tranger \u00e0 des agents terroristes, leur demandant de tirer sur les forces de police et en l&rsquo;absence de celles-ci, sur les manifestants. Leur intention \u00e9tait de semer la mort\u00bb, a accus\u00e9 le ministre des Affaires \u00e9trang\u00e8res de l\u2019Iran, Abbas Aragchi, lors d\u2019une conf\u00e9rence de presse, lundi.<\/p>\n<p><a href=\"https:\/\/e.24heures.ca\/mail\/microsites\/1804\/1\/WC8GGD\" target=\"_blank\" rel=\"noopener\"><br \/>\n    <img decoding=\"async\" src=\"https:\/\/www.europesays.com\/fr\/wp-content\/uploads\/2025\/05\/d3904739-f05f-423e-8fbb-07d8d5e121de_infolettre2.jpg\" class=\"logoJe\"\/><br \/>\n<\/a><\/p>\n<p>\u00abL&rsquo;acc\u00e8s \u00e0 Internet n&rsquo;a \u00e9t\u00e9 coup\u00e9 qu&rsquo;apr\u00e8s que nous avons \u00e9t\u00e9 confront\u00e9s \u00e0 des op\u00e9rations terroristes et r\u00e9alis\u00e9 que les ordres venaient de l&rsquo;ext\u00e9rieur du pays\u00bb, a-t-il aussi pr\u00e9cis\u00e9 dans une entrevue accord\u00e9e \u00e0 Al Jazeera.<\/p>\n<p>T\u00e9h\u00e9ran n\u2019a pr\u00e9sent\u00e9 aucune preuve pour appuyer ses accusations, mais a affirm\u00e9 que ces op\u00e9rations auraient comme objectif de justifier une \u00e9ventuelle intervention am\u00e9ricaine dans le pays.<\/p>\n<p>  <strong>Les services secrets isra\u00e9liens accus\u00e9s d&rsquo;essayer de renverser le r\u00e9gime<\/strong><\/p>\n<p>Le r\u00e9gime iranien accuse \u00e9galement l\u2019un des services de renseignement isra\u00e9liens, le Mossad, de participer aux manifestations, en plus d\u2019avoir orchestr\u00e9 des cyberattaques et des missions de sabotage visant \u00e0 affaiblir l\u2019\u00c9tat iranien.<\/p>\n<p>L\u2019ancien secr\u00e9taire d\u2019\u00c9tat am\u00e9ricain Mike Pompeo a d\u2019ailleurs aliment\u00e9 cette th\u00e9orie dans un message publi\u00e9 sur X le 2 janvier.<\/p>\n<p>\u00abBonne ann\u00e9e \u00e0 tous les Iraniens dans les rues. \u00c0 tous les agents du Mossad qui marchent \u00e0 leur c\u00f4t\u00e9 aussi&#8230;\u00bb, a-t-il \u00e9crit.<\/p>\n<blockquote class=\"twitter-tweet\">\n<p lang=\"en\" dir=\"ltr\">The Iranian regime is in trouble. Bringing in mercenaries is its last best hope. <\/p>\n<p>Riots in dozens of cities and the Basij under siege \u2014 Mashed, Tehran, Zahedan. Next stop: Baluchistan. <\/p>\n<p>47 years of this regime; POTUS 47. Coincidence?<\/p>\n<p>Happy New Year to every Iranian in the\u2026<\/p>\n<p>\u2014 Mike Pompeo (@mikepompeo) <a href=\"https:\/\/twitter.com\/mikepompeo\/status\/2007180411638620659?ref_src=twsrc%5Etfw\" target=\"_blank\" rel=\"noopener\">January 2, 2026<\/a><\/p><\/blockquote>\n<p>Le 9 janvier, le ministre du Patrimoine d\u2019Isra\u00ebl, Amihai Eliyahu, a lui aussi indiqu\u00e9 que des agents isra\u00e9liens \u00e9taient pr\u00e9sents en Iran.<\/p>\n<p>\u00abJe peux vous assurer que nos \u00e9quipes sont actuellement \u00e0 pied d\u2019\u0153uvre [en Iran]\u00bb, a-t-il d\u00e9clar\u00e9 alors qu\u2019il \u00e9tait interrog\u00e9 sur les ondes de la radio militaire isra\u00e9lienne.<\/p>\n<p>Le parlementaire a cependant pr\u00e9cis\u00e9 que leur mission n\u2019\u00e9tait pas de renverser le r\u00e9gime islamique, mais de s\u2019assurer qu\u2019il ne puisse pas profiter du chaos actuel afin de menacer Isra\u00ebl de quelconque fa\u00e7on.<\/p>\n<p>                                        <script async src=\"https:\/\/platform.twitter.com\/widgets.js\" charset=\"utf-8\"><\/script><\/p>\n","protected":false},"excerpt":{"rendered":"Les dirigeants iraniens accusent les \u00c9tats-Unis et Isra\u00ebl d\u2019avoir d\u00e9ploy\u00e9 des \u00abagents terroristes\u00bb dans les rues de T\u00e9h\u00e9ran&hellip;\n","protected":false},"author":2,"featured_media":661552,"comment_status":"","ping_status":"","sticky":false,"template":"","format":"standard","meta":{"footnotes":""},"categories":[1589],"tags":[11,73,1866,12,1864,1865,1863,308],"class_list":{"0":"post-661551","1":"post","2":"type-post","3":"status-publish","4":"format-standard","5":"has-post-thumbnail","7":"category-etats-unis","8":"tag-actualites","9":"tag-etats-unis","10":"tag-etats-unis-damerique","11":"tag-news","12":"tag-united-states","13":"tag-united-states-of-america","14":"tag-us","15":"tag-usa"},"share_on_mastodon":{"url":"https:\/\/pubeurope.com\/@fr\/115890074783116457","error":""},"_links":{"self":[{"href":"https:\/\/www.europesays.com\/fr\/wp-json\/wp\/v2\/posts\/661551","targetHints":{"allow":["GET"]}}],"collection":[{"href":"https:\/\/www.europesays.com\/fr\/wp-json\/wp\/v2\/posts"}],"about":[{"href":"https:\/\/www.europesays.com\/fr\/wp-json\/wp\/v2\/types\/post"}],"author":[{"embeddable":true,"href":"https:\/\/www.europesays.com\/fr\/wp-json\/wp\/v2\/users\/2"}],"replies":[{"embeddable":true,"href":"https:\/\/www.europesays.com\/fr\/wp-json\/wp\/v2\/comments?post=661551"}],"version-history":[{"count":0,"href":"https:\/\/www.europesays.com\/fr\/wp-json\/wp\/v2\/posts\/661551\/revisions"}],"wp:featuredmedia":[{"embeddable":true,"href":"https:\/\/www.europesays.com\/fr\/wp-json\/wp\/v2\/media\/661552"}],"wp:attachment":[{"href":"https:\/\/www.europesays.com\/fr\/wp-json\/wp\/v2\/media?parent=661551"}],"wp:term":[{"taxonomy":"category","embeddable":true,"href":"https:\/\/www.europesays.com\/fr\/wp-json\/wp\/v2\/categories?post=661551"},{"taxonomy":"post_tag","embeddable":true,"href":"https:\/\/www.europesays.com\/fr\/wp-json\/wp\/v2\/tags?post=661551"}],"curies":[{"name":"wp","href":"https:\/\/api.w.org\/{rel}","templated":true}]}}