{"id":661553,"date":"2026-01-13T22:09:12","date_gmt":"2026-01-13T22:09:12","guid":{"rendered":"https:\/\/www.europesays.com\/fr\/661553\/"},"modified":"2026-01-13T22:09:12","modified_gmt":"2026-01-13T22:09:12","slug":"le-royaume-uni-abandonne-le-projet-de-carte-didentite-numerique-obligatoire-pour-les-travailleurs-selon-les-medias","status":"publish","type":"post","link":"https:\/\/www.europesays.com\/fr\/661553\/","title":{"rendered":"Le Royaume-Uni abandonne le projet de carte d&rsquo;identit\u00e9 num\u00e9rique obligatoire pour les travailleurs, selon les m\u00e9dias"},"content":{"rendered":"<p>Le Royaume-Uni s&rsquo;appr\u00eate \u00e0 renoncer \u00e0 rendre obligatoire la d\u00e9tention d&rsquo;une carte d&rsquo;identit\u00e9 num\u00e9rique pour les travailleurs, rapportent mardi The Times, la BBC et d&rsquo;autres m\u00e9dias, marquant potentiellement un nouveau revirement de politique pour le gouvernement travailliste.<\/p>\n<p>Le Premier ministre Keir Starmer avait annonc\u00e9 en septembre dernier que son gouvernement exigerait que chaque employ\u00e9 d\u00e9tienne une carte d&rsquo;identit\u00e9 num\u00e9rique afin de lutter contre l&rsquo;immigration ill\u00e9gale et de r\u00e9duire la menace repr\u00e9sent\u00e9e par le parti populiste Reform UK.<\/p>\n<p>Le gouvernement avait pr\u00e9cis\u00e9 que cette identit\u00e9 num\u00e9rique serait conserv\u00e9e sur le t\u00e9l\u00e9phone portable des citoyens et deviendrait un \u00e9l\u00e9ment obligatoire lors des v\u00e9rifications effectu\u00e9es par les employeurs lors de l&#8217;embauche.<\/p>\n<p>Le projet avait suscit\u00e9 des critiques de la part de l&rsquo;opposition politique, certains estimant qu&rsquo;il ne dissuaderait pas l&rsquo;immigration ill\u00e9gale, d&rsquo;autres alertant sur un risque d&rsquo;atteinte aux libert\u00e9s individuelles.<\/p>\n<p>The Times indique que le gouvernement a abandonn\u00e9 le projet en raison de craintes qu&rsquo;il ne sape la confiance du public dans le dispositif, pr\u00e9cisant que, lors de son introduction en 2029, la carte d&rsquo;identit\u00e9 num\u00e9rique serait optionnelle plut\u00f4t qu&rsquo;obligatoire.<\/p>\n<p>D&rsquo;autres formes de documentation, telles qu&rsquo;un visa \u00e9lectronique ou un passeport, resteraient valides, selon The Times.<\/p>\n<p>\u00ab\u00a0Nous restons engag\u00e9s en faveur de v\u00e9rifications num\u00e9riques obligatoires du droit au travail\u00a0\u00bb, a d\u00e9clar\u00e9 un porte-parole du gouvernement. \u00ab\u00a0Nous avons toujours \u00e9t\u00e9 clairs sur le fait que les d\u00e9tails du dispositif d&rsquo;identit\u00e9 num\u00e9rique seront pr\u00e9sent\u00e9s apr\u00e8s une consultation publique compl\u00e8te, qui sera lanc\u00e9e prochainement.\u00a0\u00bb<\/p>\n<p>Le porte-parole a ajout\u00e9 que les contr\u00f4les actuels reposent sur un \u00ab\u00a0bricolage\u00a0\u00bb de syst\u00e8mes papier, sans qu&rsquo;il existe de trace de leur r\u00e9alisation, exposant ainsi le processus \u00e0 la fraude et aux abus.<\/p>\n<p>Si le projet de carte d&rsquo;identit\u00e9 num\u00e9rique obligatoire est effectivement abandonn\u00e9, il s&rsquo;agirait d&rsquo;un nouveau recul politique pour Keir Starmer.<\/p>\n<p>En d\u00e9cembre, le gouvernement avait d\u00e9j\u00e0 revu \u00e0 la baisse un projet visant \u00e0 augmenter la fiscalit\u00e9 sur les agriculteurs, quelques mois apr\u00e8s avoir renonc\u00e9 \u00e0 des coupes dans les d\u00e9penses sociales et avoir limit\u00e9 une proposition de r\u00e9duction des subventions aux factures d&rsquo;\u00e9nergie pour les personnes \u00e2g\u00e9es.<\/p>\n","protected":false},"excerpt":{"rendered":"Le Royaume-Uni s&rsquo;appr\u00eate \u00e0 renoncer \u00e0 rendre obligatoire la d\u00e9tention d&rsquo;une carte d&rsquo;identit\u00e9 num\u00e9rique pour les travailleurs, rapportent&hellip;\n","protected":false},"author":2,"featured_media":661554,"comment_status":"","ping_status":"","sticky":false,"template":"","format":"standard","meta":{"footnotes":""},"categories":[1588],"tags":[11,340,1777,674,12,473,1853,1851,1850,1852],"class_list":{"0":"post-661553","1":"post","2":"type-post","3":"status-publish","4":"format-standard","5":"has-post-thumbnail","7":"category-royaume-uni","8":"tag-actualites","9":"tag-bourse","10":"tag-eu","11":"tag-europe","12":"tag-news","13":"tag-royaume-uni","14":"tag-royaume-uni-de-grande-bretagne-et-dirlande-du-nord","15":"tag-uk","16":"tag-united-kingdom","17":"tag-united-kingdom-of-great-britain-and-northern-ireland"},"share_on_mastodon":{"url":"https:\/\/pubeurope.com\/@fr\/115890079060190434","error":""},"_links":{"self":[{"href":"https:\/\/www.europesays.com\/fr\/wp-json\/wp\/v2\/posts\/661553","targetHints":{"allow":["GET"]}}],"collection":[{"href":"https:\/\/www.europesays.com\/fr\/wp-json\/wp\/v2\/posts"}],"about":[{"href":"https:\/\/www.europesays.com\/fr\/wp-json\/wp\/v2\/types\/post"}],"author":[{"embeddable":true,"href":"https:\/\/www.europesays.com\/fr\/wp-json\/wp\/v2\/users\/2"}],"replies":[{"embeddable":true,"href":"https:\/\/www.europesays.com\/fr\/wp-json\/wp\/v2\/comments?post=661553"}],"version-history":[{"count":0,"href":"https:\/\/www.europesays.com\/fr\/wp-json\/wp\/v2\/posts\/661553\/revisions"}],"wp:featuredmedia":[{"embeddable":true,"href":"https:\/\/www.europesays.com\/fr\/wp-json\/wp\/v2\/media\/661554"}],"wp:attachment":[{"href":"https:\/\/www.europesays.com\/fr\/wp-json\/wp\/v2\/media?parent=661553"}],"wp:term":[{"taxonomy":"category","embeddable":true,"href":"https:\/\/www.europesays.com\/fr\/wp-json\/wp\/v2\/categories?post=661553"},{"taxonomy":"post_tag","embeddable":true,"href":"https:\/\/www.europesays.com\/fr\/wp-json\/wp\/v2\/tags?post=661553"}],"curies":[{"name":"wp","href":"https:\/\/api.w.org\/{rel}","templated":true}]}}