{"id":661555,"date":"2026-01-13T22:10:13","date_gmt":"2026-01-13T22:10:13","guid":{"rendered":"https:\/\/www.europesays.com\/fr\/661555\/"},"modified":"2026-01-13T22:10:13","modified_gmt":"2026-01-13T22:10:13","slug":"lallemagne-a-t-elle-besoin-de-ses-propres-armes-nucleaires-comme-le-suggere-un-general-de-larmee-2","status":"publish","type":"post","link":"https:\/\/www.europesays.com\/fr\/661555\/","title":{"rendered":"L\u2019Allemagne a-t-elle \u00ab\u00a0besoin de ses propres armes nucl\u00e9aires\u00a0\u00bb, comme le sugg\u00e8re un g\u00e9n\u00e9ral de l\u2019arm\u00e9e\u00a0?"},"content":{"rendered":"<p>M\u00eame s\u2019il pr\u00e9cise bien, en lettres capitales, que c\u2019est \u00ab\u00a0absolument et exclusivement\u00a0\u00bb son opinion personnelle, la publication du g\u00e9n\u00e9ral de brigade de la Bundeswehr (arm\u00e9e de Terre allemande), Frank Pieper, n\u2019a pas manqu\u00e9 de faire r\u00e9agir. Il a affirm\u00e9 il y a quelques jours sur le r\u00e9seau LinkedIn que l\u2019Allemagne \u00ab\u00a0a besoin de ses propres <a href=\"https:\/\/www.20minutes.fr\/societe\/4185460-20251113-dissuasion-force-aeronavale-nucleaire-francaise-realise-tir-essai-nouveau-missile-asmpa\" class=\"c-link c-link--is-underlined\" target=\"_blank\" rel=\"noopener\">armes nucl\u00e9aires<\/a>\u00a0\u00bb.<\/p>\n<p><img decoding=\"async\" alt=\"Message du g\u00e9n\u00e9ral allemand Franck Pieper sur le r\u00e9seau Linkedin.\" class=\"c-img\" loading=\"lazy\" fetchpriority=\"auto\" width=\"718\"  src=\"https:\/\/img.20mn.fr\/L7AuUTaNTz6LTUGUG-z7Cyk\/718x0\" \/>Message du g\u00e9n\u00e9ral allemand Franck Pieper sur le r\u00e9seau Linkedin.\u2002-\u00a0Linkedin<\/p>\n<p>Comme le rel\u00e8ve <a href=\"https:\/\/www.sueddeutsche.de\/politik\/atombombe-usa-verteidigung-deutschland-bundeswehr-groenland-li.3365668\" target=\"_blank\" class=\"c-link c-link--is-underlined\" rel=\"noopener\">le S\u00fcddeutsche Zeitung (SZ)<\/a>, le sujet serait de plus en plus discut\u00e9 en interne, les positions de <a href=\"https:\/\/www.20minutes.fr\/dossier\/donald_trump\" class=\"c-link c-link--is-underlined\" target=\"_blank\" rel=\"noopener\">Donald Trump<\/a>, notamment \u00e0 l\u2019\u00e9gard du <a href=\"https:\/\/www.20minutes.fr\/monde\/4195750-20260113-groenland-france-va-ouvrir-consulat-ile-reponse-menaces-trump\" class=\"c-link c-link--is-underlined\" target=\"_blank\" rel=\"noopener\">Groenland<\/a>, mena\u00e7ant l\u2019existence de l\u2019<a href=\"https:\/\/www.20minutes.fr\/monde\/otan\/\" class=\"c-link c-link--is-underlined\" target=\"_blank\" rel=\"noopener\">Otan<\/a>, et par extension celle du parapluie nucl\u00e9aire am\u00e9ricain. Un d\u00e9sengagement \u00e9tats-unien entra\u00eenerait de facto le retrait des bombes nucl\u00e9aires am\u00e9ricaines stock\u00e9es sur la base a\u00e9rienne de B\u00fcchel. Dans le cadre de la dissuasion nucl\u00e9aire de l\u2019Otan, cinq \u00c9tats membres abritent sur leur sol des bombes nucl\u00e9aires tactiques B-61 fournies par les <a href=\"https:\/\/www.20minutes.fr\/monde\/etats-unis\/\" class=\"c-link c-link--is-underlined\" target=\"_blank\" rel=\"noopener\">\u00c9tats-Unis<\/a>.<\/p>\n<p>Des \u00ab\u00a0armes nucl\u00e9aires tactiques et mobiles\u00a0\u00bb pour \u00ab\u00a0s\u2019opposer \u00e0 la menace de la Russie\u00a0\u00bb<\/p>\n<p>\u00ab\u00a0L\u2019Allemagne et l\u2019Europe ne peuvent plus compter sur les Etats-Unis et leur parapluie nucl\u00e9aire\u00a0\u00bb, \u00e9crit ainsi le g\u00e9n\u00e9ral Frank Pieper, qui pousse donc pour que son pays se dote \u00ab\u00a0d\u2019armes nucl\u00e9aires tactiques et mobiles\u00a0\u00bb pour \u00ab\u00a0s\u2019opposer \u00e0 la menace de la Russie\u00a0\u00bb. Interrog\u00e9 par 20 Minutes, Yannick Pinc\u00e9, sp\u00e9cialiste de l\u2019histoire du nucl\u00e9aire militaire et chercheur associ\u00e9 au <a href=\"https:\/\/ciens.ens.psl.eu\/\" target=\"_blank\" class=\"c-link c-link--is-underlined\" rel=\"noopener\">Ciens<\/a> (Centre interdisciplinaire sur les enjeux strat\u00e9giques), rappelle de son c\u00f4t\u00e9 que \u00ab\u00a0ce n\u2019est pas la premi\u00e8re fois que l\u2019Allemagne \u00e9voque la possibilit\u00e9 de se doter de l\u2019arme nucl\u00e9aire\u00a0\u00bb, et qu\u2019elle \u00ab\u00a0a tout \u00e0 fait les moyens de se doter de la bombe, m\u00eame s\u2019il lui faudrait quelques ann\u00e9es pour y parvenir\u00a0\u00bb.<\/p>\n<p>L\u2019expert voit cependant un certain nombre de limites \u00e0 ce d\u00e9bat. \u00ab\u00a0D\u2019abord, il persiste une opposition profonde \u00e0 l\u2019arme nucl\u00e9aire au sein de la population, rappelle-t-il. Ensuite, il existe une s\u00e9rie de trait\u00e9s limitant cette possibilit\u00e9, comme celui de\u00a01954 cr\u00e9ant l\u2019union de l\u2019Europe occidentale, et dans lequel l\u2019Allemagne s\u2019est engag\u00e9e \u00e0 ne pas faire la bombe, puis le Trait\u00e9 \u00ab\u00a02 +\u00a04\u00a0\u00bb qui a permis la r\u00e9unification du pays dans lequel elle s\u2019est engag\u00e9e \u00e0 ne jamais faire d\u2019arme de destruction massive, ou encore le Trait\u00e9 de non-prolif\u00e9ration de\u00a01968 [qui interdit aux \u00c9tats comme l\u2019Allemagne, en vertu du droit international, d\u2019acqu\u00e9rir l\u2019arme nucl\u00e9aire]. Ce serait donc une sortie de ce trait\u00e9, ce qui est possible, mais qui \u00e0 mon sens ne pourrait arriver que si l\u2019on assistait \u00e0 un effondrement du droit international qui, il est vrai, est mis \u00e0 mal par Donald Trump.\u00a0\u00bb<\/p>\n<p>Enfin, si l\u2019Allemagne se dotait de la bombe atomique, \u00ab\u00a0ce serait une invitation \u00e0 la <a href=\"https:\/\/www.20minutes.fr\/monde\/russie\/\" class=\"c-link c-link--is-underlined\" target=\"_blank\" rel=\"noopener\">Russie<\/a> de tenter quelque chose contre l\u2019Europe, car elle ne tol\u00e9rerait certainement pas un arsenal nucl\u00e9aire allemand\u00a0\u00bb.<\/p>\n<p>Parall\u00e8lement, il ne s\u2019agit pas \u00ab\u00a0d\u2019un d\u00e9bat proprement allemand\u00a0\u00bb, puisqu\u2019on le retrouve \u00ab\u00a0dans plusieurs pays qui b\u00e9n\u00e9ficient de la protection am\u00e9ricaine, et qui s\u2019en inqui\u00e8tent fortement, notamment la Cor\u00e9e du Sud, tandis qu\u2019il \u00e9merge au Japon\u00a0\u00bb et dans une moindre mesure \u00ab\u00a0en Pologne\u00a0\u00bb, souligne Yannick Pinc\u00e9.<\/p>\n<p>Vers une \u00e9volution de l\u2019arsenal nucl\u00e9aire fran\u00e7ais\u00a0?<\/p>\n<p>Et quid de l\u2019id\u00e9e que l\u2019Allemagne puisse b\u00e9n\u00e9ficier de la dissuasion nucl\u00e9aire fran\u00e7aise\u00a0? Interrog\u00e9 par SZ, Roderich Kiesewetter, d\u00e9put\u00e9 au sein du groupe parlementaire CDU\/CSU au Bundestag, met en avant les limitations de l\u2019arsenal fran\u00e7ais, ainsi qu\u2019un risque politique avec la possibilit\u00e9 d\u2019une victoire du <a href=\"https:\/\/www.20minutes.fr\/politique\/rassemblement-national\/\" class=\"c-link c-link--is-underlined\" target=\"_blank\" rel=\"noopener\">Rassemblement national<\/a> \u00e0 la prochaine pr\u00e9sidentielle.<\/p>\n<\/p>\n<p>\u00ab\u00a0Il y a en Allemagne une absence de confiance politique en la France, confirme Yannick Pinc\u00e9, le pays s\u2019interrogeant sur la valeur d\u2019une promesse de la France en mati\u00e8re nucl\u00e9aire &#8211; sans m\u00eame parler de partage de la dissuasion, si le contexte politique devenait d\u00e9favorable, sachant que le RN avait d\u00e9pos\u00e9 une loi pour constitutionnaliser une forme strictement nationale de la dissuasion. Il y a aussi un doute sur la cr\u00e9dibilit\u00e9 <a href=\"https:\/\/www.20minutes.fr\/societe\/4142947-20250312-parapluie-nucleaire-francais-faut-negliger-representent-290-tetes-nucleaires\" class=\"c-link c-link--is-underlined\" target=\"_blank\" rel=\"noopener\">de l\u2019arsenal fran\u00e7ais<\/a>, qui je pense est un tort\u00a0: avec 290 t\u00eates nucl\u00e9aires, c\u2019est un arsenal extr\u00eamement puissant. Mais il est vrai qu\u2019en l\u2019absence d\u2019armes tactiques [de moindre puissance], il n\u2019est pas flexible.\u00a0\u00bb<\/p>\n<p><a href=\"https:\/\/www.20minutes.fr\/dossier\/bombe_atomique\" class=\"c-link c-btn c-btn--primary\" target=\"_blank\" rel=\"noopener\">Notre dossier sur la bombe nucl\u00e9aire<\/a><\/p>\n<p>L\u2019arsenal tricolore est-il amen\u00e9 \u00e0 \u00e9voluer\u00a0? On sait qu\u2019<a href=\"https:\/\/www.20minutes.fr\/politique\/emmanuel-macron\/\" class=\"c-link c-link--is-underlined\" target=\"_blank\" rel=\"noopener\">Emmanuel Macron<\/a> doit prononcer prochainement un discours \u00e9voquant la doctrine fran\u00e7aise, et que celle-ci pourrait conna\u00eetre une inflexion. \u00ab\u00a0On ne sait pas encore ce qu\u2019il y aura, mais la r\u00e9flexion est en cours, avance Yannick Pinc\u00e9, \u00e9galement auteur du \u00ab\u00a0Consensus nucl\u00e9aire fran\u00e7ais\u00a0\u00bb aux Presses universitaires de Rennes (PUR). Est-ce que le pr\u00e9sident fran\u00e7ais va annoncer du tactique\u00a0? Davantage d\u2019armes nucl\u00e9aires\u00a0? Une \u00e9volution au niveau europ\u00e9en\u00a0? Cela pourrait prendre la forme d\u2019exercices plus appuy\u00e9s avec des partenaires, ou la possibilit\u00e9 que des alli\u00e9s accueillent quelques <a href=\"https:\/\/www.20minutes.fr\/dossier\/rafale\" class=\"c-link c-link--is-underlined\" target=\"_blank\" rel=\"noopener\">Rafale<\/a> des FAS (Forces a\u00e9riennes strat\u00e9giques, le vecteur a\u00e9roport\u00e9 de la dissuasion fran\u00e7aise), pour manifester une dimension europ\u00e9enne, tout en assurant \u00e9videmment que l\u2019ordre d\u2019engagement reste entre les mains du pr\u00e9sident de la R\u00e9publique, et que les armes restent enti\u00e8rement sous contr\u00f4le fran\u00e7ais.\u00a0\u00bb<\/p>\n","protected":false},"excerpt":{"rendered":"M\u00eame s\u2019il pr\u00e9cise bien, en lettres capitales, que c\u2019est \u00ab\u00a0absolument et exclusivement\u00a0\u00bb son opinion personnelle, la publication du&hellip;\n","protected":false},"author":2,"featured_media":661556,"comment_status":"","ping_status":"","sticky":false,"template":"","format":"standard","meta":{"footnotes":""},"categories":[1587],"tags":[47,11,672,6376,10735,1804,1805,1803,75,1073,73,1777,674,1801,3343,74,12,5654,1802,132],"class_list":{"0":"post-661555","1":"post","2":"type-post","3":"status-publish","4":"format-standard","5":"has-post-thumbnail","7":"category-allemagne","8":"tag-actualite","9":"tag-actualites","10":"tag-allemagne","11":"tag-armes","12":"tag-bombe-nucleaire","13":"tag-bundesrepublik-deutschland","14":"tag-de","15":"tag-deutschland","16":"tag-donald-trump","17":"tag-emmanuel-macron","18":"tag-etats-unis","19":"tag-eu","20":"tag-europe","21":"tag-germany","22":"tag-missile","23":"tag-monde","24":"tag-news","25":"tag-nucleaire","26":"tag-republique-federale-dallemagne","27":"tag-russie"},"share_on_mastodon":{"url":"https:\/\/pubeurope.com\/@fr\/115890082783753636","error":""},"_links":{"self":[{"href":"https:\/\/www.europesays.com\/fr\/wp-json\/wp\/v2\/posts\/661555","targetHints":{"allow":["GET"]}}],"collection":[{"href":"https:\/\/www.europesays.com\/fr\/wp-json\/wp\/v2\/posts"}],"about":[{"href":"https:\/\/www.europesays.com\/fr\/wp-json\/wp\/v2\/types\/post"}],"author":[{"embeddable":true,"href":"https:\/\/www.europesays.com\/fr\/wp-json\/wp\/v2\/users\/2"}],"replies":[{"embeddable":true,"href":"https:\/\/www.europesays.com\/fr\/wp-json\/wp\/v2\/comments?post=661555"}],"version-history":[{"count":0,"href":"https:\/\/www.europesays.com\/fr\/wp-json\/wp\/v2\/posts\/661555\/revisions"}],"wp:featuredmedia":[{"embeddable":true,"href":"https:\/\/www.europesays.com\/fr\/wp-json\/wp\/v2\/media\/661556"}],"wp:attachment":[{"href":"https:\/\/www.europesays.com\/fr\/wp-json\/wp\/v2\/media?parent=661555"}],"wp:term":[{"taxonomy":"category","embeddable":true,"href":"https:\/\/www.europesays.com\/fr\/wp-json\/wp\/v2\/categories?post=661555"},{"taxonomy":"post_tag","embeddable":true,"href":"https:\/\/www.europesays.com\/fr\/wp-json\/wp\/v2\/tags?post=661555"}],"curies":[{"name":"wp","href":"https:\/\/api.w.org\/{rel}","templated":true}]}}