{"id":661565,"date":"2026-01-13T22:18:09","date_gmt":"2026-01-13T22:18:09","guid":{"rendered":"https:\/\/www.europesays.com\/fr\/661565\/"},"modified":"2026-01-13T22:18:09","modified_gmt":"2026-01-13T22:18:09","slug":"des-bonnes-et-de-moins-bonnes-nouvelles-pour-le-stade-toulousain-avant-de-defier-sale","status":"publish","type":"post","link":"https:\/\/www.europesays.com\/fr\/661565\/","title":{"rendered":"Des bonnes et de moins bonnes nouvelles pour le Stade-Toulousain avant de d\u00e9fier Sale"},"content":{"rendered":"<p data-start=\"435\" data-end=\"748\">Le Stade toulousain pourrait enregistrer deux retours importants dans sa ligne de trois-quarts avant de recevoir Sale ce samedi (18h30) en Champions Cup. Une rencontre d\u00e9j\u00e0 d\u00e9cisive dans la course \u00e0 la qualification, alors que les champions de France en titre restent sur une d\u00e9faite frustrante chez les Saracens.<\/p>\n<p data-start=\"435\" data-end=\"748\"><a href=\"https:\/\/www.rugbyrama.fr\/2026\/01\/13\/champions-cup-kalvin-gourgues-et-teddy-thomas-de-retour-le-point-sur-leffectif-de-toulouse-avant-la-reception-decisive-de-sale-13159760.php\" target=\"_blank\" rel=\"noopener\">Midi Olympique<\/a> fait le point sur les joueurs Toulousains disponibles.<\/p>\n<p data-start=\"750\" data-end=\"785\"><strong data-start=\"754\" data-end=\"785\">Deux renforts au bon moment<\/strong><\/p>\n<p data-start=\"787\" data-end=\"1326\">De retour \u00e0 l\u2019entra\u00eenement ce mardi, les Toulousains ont retrouv\u00e9 le terrain annexe d\u2019Ernest-Wallon pour une s\u00e9ance l\u2019apr\u00e8s-midi marqu\u00e9e par deux bonnes nouvelles : Kalvin Gourgues et Teddy Thomas ont repris.<\/p>\n<p data-start=\"787\" data-end=\"1326\">Tous deux avaient \u00e9t\u00e9 touch\u00e9s lors du d\u00e9placement \u00e0 Perpignan en Top 14 et forfaits \u00e0 Londres. Polyvalent, Gourgues peut couvrir le centre ou l\u2019aile, tout comme Thomas, ce qui pourrait offrir plus d\u2019options \u00e0 Ugo Mola pour composer sa ligne arri\u00e8re. Sauf contretemps, ils devraient pouvoir tenir leur place samedi face aux Sharks.<\/p>\n<p data-start=\"1328\" data-end=\"1372\"><strong data-start=\"1332\" data-end=\"1372\">Ntamack progresse mais ne jouera pas<\/strong><\/p>\n<p data-start=\"1374\" data-end=\"1742\">Pour d\u2019autres cadres, le retour devra attendre. Romain Ntamack, bless\u00e9 au bas du dos, a pass\u00e9 de nouveaux examens en d\u00e9but de semaine. Ils indiquent une am\u00e9lioration, ce qui lui permettra de reprendre progressivement certains exercices, sans \u00eatre encore apte au jeu.<\/p>\n<p data-start=\"1374\" data-end=\"1742\">M\u00eame situation pour Ange Capuozzo (main) et C\u00e9lian Pouzelgues (cheville), toujours en phase de soins.<\/p>\n<p data-start=\"1744\" data-end=\"2035\">Pierre-Louis Barassi, \u00e0 l\u2019arr\u00eat depuis une commotion en novembre, \u00e9tait aussi pr\u00e9sent sur le terrain. Il a particip\u00e9 \u00e0 des exercices sans contact dans le cadre de sa reprise. Il doit encore r\u00e9ussir un examen m\u00e9dical de contr\u00f4le la semaine prochaine pour envisager une r\u00e9int\u00e9gration compl\u00e8te.<\/p>\n<p data-start=\"2037\" data-end=\"2080\"><strong data-start=\"2041\" data-end=\"2080\">L\u2019effectif se reconstitue doucement<\/strong><\/p>\n<p data-start=\"2082\" data-end=\"2282\">En premi\u00e8re ligne, Guillaume Cramont a retrouv\u00e9 le groupe apr\u00e8s une p\u00e9riode de r\u00e9athl\u00e9tisation. Sa pr\u00e9sence contre Sale reste incertaine mais sa reprise constitue un signal encourageant pour le staff.<\/p>\n<p data-start=\"2284\" data-end=\"2717\">Fran\u00e7ois Cros est \u00e9galement en phase ascendante. Op\u00e9r\u00e9 du genou en novembre, le troisi\u00e8me ligne avait repris l\u2019entra\u00eenement la semaine derni\u00e8re et se trouvait dans le groupe \u00e9largi ayant voyag\u00e9 \u00e0 Londres. Il avait notamment particip\u00e9 \u00e0 l\u2019\u00e9chauffement.<\/p>\n<p data-start=\"2284\" data-end=\"2717\">Une possible participation samedi n\u2019est pas exclue, m\u00eame si rien n\u2019est arr\u00eat\u00e9 pour l\u2019instant. Son dernier match remonte au 7 septembre face \u00e0 Clermont lors de l\u2019ouverture du Top 14.<\/p>\n<p data-start=\"2719\" data-end=\"2754\"><strong data-start=\"2723\" data-end=\"2754\">Merkler toujours en retrait<\/strong><\/p>\n<p data-start=\"2756\" data-end=\"3045\">Joel Merkler, touch\u00e9 au dos, est encore \u00e0 l\u2019arr\u00eat. Il pourrait reprendre partiellement aux s\u00e9ances dans les prochains jours mais ne devrait pas postuler ce week-end.<\/p>\n<p data-start=\"2756\" data-end=\"3045\">Matias Remue (poignet) reste absent, tout comme Juan Cruz Mallia, dont la saison s\u2019est termin\u00e9e apr\u00e8s un probl\u00e8me au genou.<\/p>\n","protected":false},"excerpt":{"rendered":"Le Stade toulousain pourrait enregistrer deux retours importants dans sa ligne de trois-quarts avant de recevoir Sale ce&hellip;\n","protected":false},"author":2,"featured_media":661566,"comment_status":"","ping_status":"","sticky":false,"template":"","format":"standard","meta":{"footnotes":""},"categories":[1416],"tags":[1011,27,479,1468,60],"class_list":{"0":"post-661565","1":"post","2":"type-post","3":"status-publish","4":"format-standard","5":"has-post-thumbnail","7":"category-rugby","8":"tag-fr","9":"tag-france","10":"tag-rugby","11":"tag-rugby-football","12":"tag-sports"},"share_on_mastodon":{"url":"https:\/\/pubeurope.com\/@fr\/115890113980267603","error":""},"_links":{"self":[{"href":"https:\/\/www.europesays.com\/fr\/wp-json\/wp\/v2\/posts\/661565","targetHints":{"allow":["GET"]}}],"collection":[{"href":"https:\/\/www.europesays.com\/fr\/wp-json\/wp\/v2\/posts"}],"about":[{"href":"https:\/\/www.europesays.com\/fr\/wp-json\/wp\/v2\/types\/post"}],"author":[{"embeddable":true,"href":"https:\/\/www.europesays.com\/fr\/wp-json\/wp\/v2\/users\/2"}],"replies":[{"embeddable":true,"href":"https:\/\/www.europesays.com\/fr\/wp-json\/wp\/v2\/comments?post=661565"}],"version-history":[{"count":0,"href":"https:\/\/www.europesays.com\/fr\/wp-json\/wp\/v2\/posts\/661565\/revisions"}],"wp:featuredmedia":[{"embeddable":true,"href":"https:\/\/www.europesays.com\/fr\/wp-json\/wp\/v2\/media\/661566"}],"wp:attachment":[{"href":"https:\/\/www.europesays.com\/fr\/wp-json\/wp\/v2\/media?parent=661565"}],"wp:term":[{"taxonomy":"category","embeddable":true,"href":"https:\/\/www.europesays.com\/fr\/wp-json\/wp\/v2\/categories?post=661565"},{"taxonomy":"post_tag","embeddable":true,"href":"https:\/\/www.europesays.com\/fr\/wp-json\/wp\/v2\/tags?post=661565"}],"curies":[{"name":"wp","href":"https:\/\/api.w.org\/{rel}","templated":true}]}}