{"id":661568,"date":"2026-01-13T22:23:10","date_gmt":"2026-01-13T22:23:10","guid":{"rendered":"https:\/\/www.europesays.com\/fr\/661568\/"},"modified":"2026-01-13T22:23:10","modified_gmt":"2026-01-13T22:23:10","slug":"axel-zingle-cest-aussi-ca-de-rejoindre-visma-actualite","status":"publish","type":"post","link":"https:\/\/www.europesays.com\/fr\/661568\/","title":{"rendered":"Axel Zingle : \u00ab C&rsquo;est aussi \u00e7a de rejoindre Visma \u00bb &#8211; Actualit\u00e9"},"content":{"rendered":"<p>Sa premi\u00e8re ann\u00e9e chez <strong><a href=\"https:\/\/www.directvelo.com\/equipe\/2358\/visma-lease-a-bike\" target=\"_blank\" rel=\"noopener\">Visma-Lease a Bike<\/a><\/strong> est loin de celle qu&rsquo;il esp\u00e9rait. De son propre aveu, <strong><a href=\"https:\/\/www.directvelo.com\/coureur\/17880\/axel-zingle\" target=\"_blank\" rel=\"noopener\">Axel Zingle<\/a><\/strong> a connu \u00ab\u00a0un chemin de croix\u00a0\u00bb. Tout a d\u00e9marr\u00e9 par sa chute au Tour du Pays basque. \u00ab\u00a0Je me suis d\u00e9bo\u00eet\u00e9 l&rsquo;\u00e9paule et derri\u00e8re, j&rsquo;ai connu des gal\u00e8res li\u00e9es \u00e0 cette premi\u00e8re blessure\u00a0\u00bb, indique-t-il \u00e0 DirectVelo. Aux 4 Jours de Dunkerque, maillot rose de leader sur le dos, il chute encore. \u00ab\u00a0Comme j&rsquo;avais cette \u00e9paule fragile, je ne me suis pas amorti avec les mains et j&rsquo;ai atterri sur la t\u00eate\u00a0\u00bb. Cons\u00e9quence : fracture d&rsquo;une vert\u00e8bre.<\/p>\n<p><strong>\u00ab L&rsquo;\u00c9QUIPE DONNE TOUJOURS PRIORIT\u00c9 \u00c0 LA SANT\u00c9 \u00bb<\/strong><\/p>\n<p>Le coureur de 27 ans pr\u00e9pare alors la Vuelta sur home-trainer. \u00ab\u00a0Je suis revenu plut\u00f4t en forme. J&rsquo;ai fait un Tour du Danemark pas trop mauvais (2e et 3e d&rsquo;\u00e9tapes, NDLR) avec seulement une dizaine de jours d&rsquo;entra\u00eenement sur la route\u00a0\u00bb. Mais d\u00e8s le deuxi\u00e8me jour de la Vuelta, \u00ab\u00a0<a href=\"https:\/\/www.directvelo.com\/actualite\/123385\/tour-despagne-un-double-deboitage-depaule-et-un-vol-de-velo-pour-axel-zingle\" target=\"_blank\" rel=\"noopener\"><strong>encore la scoumoune avec une chute banale, pas forc\u00e9ment grave<\/strong><\/a>\u00ab\u00a0. Son \u00e9paule se d\u00e9bo\u00eete encore une fois. \u00ab\u00a0Je n&rsquo;aime pas trop parler de malchance mais l\u00e0, \u00e0 chaque fois, c&rsquo;\u00e9tait quand m\u00eame dur d&rsquo;\u00e9viter les chutes, c&rsquo;est comme \u00e7a\u00a0\u00bb. <\/p>\n<p>L&rsquo;encadrement de l&rsquo;\u00e9quipe n\u00e9erlandaise lui demande d&rsquo;abandonner alors que la course n&rsquo;est pas encore rentr\u00e9e en Espagne. \u00ab\u00a0L&rsquo;\u00e9quipe donne toujours priorit\u00e9 \u00e0 la sant\u00e9 et \u00e0 la s\u00e9curit\u00e9 du coureur, explique-t-il. Leur crainte, c&rsquo;\u00e9tait qu&rsquo;une autre chute soit grave pour mon \u00e9paule et qu&rsquo;il y ait des d\u00e9g\u00e2ts suppl\u00e9mentaires et que la r\u00e9cup\u00e9ration soit plus longue derri\u00e8re\u00a0\u00bb. L&rsquo;Alsacien y voit une des particularit\u00e9s de sa nouvelle \u00e9quipe. \u00ab\u00a0J&rsquo;aurais \u00e9t\u00e9 pr\u00eat \u00e0 prendre le risque. Il y a des coureurs qui le font. On en voit beaucoup se d\u00e9bo\u00eeter l&rsquo;\u00e9paule \u00e0 chaque chute. Mais ce n&rsquo;est pas la politique de l&rsquo;\u00e9quipe. C&rsquo;est aussi \u00e7a de rejoindre Visma\u00a0\u00bb.<\/p>\n<p><strong>\u00ab JE N&rsquo;AI PAS PERDU MON NIVEAU \u00bb<\/strong><\/p>\n<p>Apr\u00e8s une ann\u00e9e \u00ab\u00a0un peu blanche\u00a0\u00bb, Axel Zingle veut retrouver ce qu&rsquo;il \u00e9tait venu chercher chez Visma-Lease a Bike, \u00ab\u00a0progresser et passer un cap \u00e0 haut-niveau. La saison a \u00e9t\u00e9 tronqu\u00e9e mais il y a eu de belles choses que j&rsquo;ai entrevues \u00e0 l&rsquo;entra\u00eenement. Je n&rsquo;ai pas perdu mon niveau, je n&rsquo;ai juste pas pu courir\u00a0\u00bb. Et ses dirigeants croient toujours en lui. \u00ab\u00a0L&rsquo;\u00e9quipe m&rsquo;a rassur\u00e9, \u00e7a ne remet pas en cause leurs attentes\u00a0\u00bb.\u00a0<\/p>\n<p>Cette nouvelle saison va d\u00e9buter \u00e0 Oman dans trois semaines. Puis ce sera Paris-Nice, o\u00f9 <a href=\"https:\/\/www.directvelo.com\/epreuve\/45076\/paris-nice-2025\" target=\"_blank\" rel=\"noopener\"><strong>il a collectionn\u00e9 les places d&rsquo;honneur l&rsquo;an dernier<\/strong><\/a>. \u00ab\u00a0Je disputerai les Flandriennes, l&rsquo;Amstel et j&rsquo;irai au Tour de Romandie, au Tour de Suisse sans oublier quelques courses en France comme le Morbihan et le Tro Bro L\u00e9on. J&rsquo;ai envie de courir un maximum\u00a0\u00bb. En revanche, pas de Tour de France au programme. \u00ab\u00a0Pas de Grand Tour m\u00eame\u00a0\u00bb.<\/p>\n","protected":false},"excerpt":{"rendered":"Sa premi\u00e8re ann\u00e9e chez Visma-Lease a Bike est loin de celle qu&rsquo;il esp\u00e9rait. De son propre aveu, Axel&hellip;\n","protected":false},"author":2,"featured_media":661569,"comment_status":"","ping_status":"","sticky":false,"template":"","format":"standard","meta":{"footnotes":""},"categories":[1411],"tags":[834,828,836,829,837,827,83,826,824,823,1154,207,814,817,815,816,822,821,832,211,839,1011,27,820,818,819,835,831,830,833,838,60,212,208,825],"class_list":{"0":"post-661568","1":"post","2":"type-post","3":"status-publish","4":"format-standard","5":"has-post-thumbnail","7":"category-cyclisme","8":"tag-attaque","9":"tag-belgique","10":"tag-braquet","11":"tag-bretagne","12":"tag-chute","13":"tag-competition","14":"tag-coupe-de-france","15":"tag-coureur","16":"tag-course-cyclisme","17":"tag-course-cycliste","18":"tag-cycling","19":"tag-cyclisme","20":"tag-direct","21":"tag-direct-velo","22":"tag-directvelo","23":"tag-directvelo-com","24":"tag-epreuve","25":"tag-epreuve-cycliste","26":"tag-federation-francaise-de-cyclisme","27":"tag-ffc","28":"tag-flandres","29":"tag-fr","30":"tag-france","31":"tag-live","32":"tag-live-course","33":"tag-live-epreuve","34":"tag-peloton","35":"tag-radio-peloton","36":"tag-radio-tour","37":"tag-ravitaillement","38":"tag-relance","39":"tag-sports","40":"tag-uci","41":"tag-velo","42":"tag-velos"},"share_on_mastodon":{"url":"https:\/\/pubeurope.com\/@fr\/115890133946254992","error":""},"_links":{"self":[{"href":"https:\/\/www.europesays.com\/fr\/wp-json\/wp\/v2\/posts\/661568","targetHints":{"allow":["GET"]}}],"collection":[{"href":"https:\/\/www.europesays.com\/fr\/wp-json\/wp\/v2\/posts"}],"about":[{"href":"https:\/\/www.europesays.com\/fr\/wp-json\/wp\/v2\/types\/post"}],"author":[{"embeddable":true,"href":"https:\/\/www.europesays.com\/fr\/wp-json\/wp\/v2\/users\/2"}],"replies":[{"embeddable":true,"href":"https:\/\/www.europesays.com\/fr\/wp-json\/wp\/v2\/comments?post=661568"}],"version-history":[{"count":0,"href":"https:\/\/www.europesays.com\/fr\/wp-json\/wp\/v2\/posts\/661568\/revisions"}],"wp:featuredmedia":[{"embeddable":true,"href":"https:\/\/www.europesays.com\/fr\/wp-json\/wp\/v2\/media\/661569"}],"wp:attachment":[{"href":"https:\/\/www.europesays.com\/fr\/wp-json\/wp\/v2\/media?parent=661568"}],"wp:term":[{"taxonomy":"category","embeddable":true,"href":"https:\/\/www.europesays.com\/fr\/wp-json\/wp\/v2\/categories?post=661568"},{"taxonomy":"post_tag","embeddable":true,"href":"https:\/\/www.europesays.com\/fr\/wp-json\/wp\/v2\/tags?post=661568"}],"curies":[{"name":"wp","href":"https:\/\/api.w.org\/{rel}","templated":true}]}}