{"id":661572,"date":"2026-01-13T22:25:10","date_gmt":"2026-01-13T22:25:10","guid":{"rendered":"https:\/\/www.europesays.com\/fr\/661572\/"},"modified":"2026-01-13T22:25:10","modified_gmt":"2026-01-13T22:25:10","slug":"claire-chazal-ce-quelle-a-exclu-de-son-alimentation-et-qui-est-certainement-un-des-secrets-de-sa-ligne-svelte","status":"publish","type":"post","link":"https:\/\/www.europesays.com\/fr\/661572\/","title":{"rendered":"Claire Chazal : Ce qu&rsquo;elle a exclu de son alimentation et qui est certainement un des secrets de sa ligne svelte"},"content":{"rendered":"<p>La suite apr\u00e8s la publicit\u00e9<\/p>\n<p><a href=\"https:\/\/www.purepeople.com\/people\/claire-chazal_p59\" target=\"_blank\" rel=\"noopener\">Claire Chazal<\/a>, qui est \u00e0 retrouver ce mardi 13 janvier 2026 \u00e0 21h10 sur France 2 dans un num\u00e9ro in\u00e9dit du Grand \u00e9chiquier rendant hommage <a href=\"https:\/\/www.purepeople.com\/article\/le-grand-echiquier-m-pokora-et-natasha-st-pier-reunis-sur-france-2-pour-rendre-hommage-a-une-legende-de-la-chanson-francaise_a546353\/1\" target=\"_blank\" rel=\"noopener\">\u00e0 une l\u00e9gende de la chanson fran\u00e7aise<\/a>, brille par son professionnalisme ainsi que par sa capacit\u00e9 \u00e0 prendre soin de son apparence. Pourtant, dans une interview accord\u00e9e au magazine ELLE, l&rsquo;ancienne pr\u00e9sentatrice<a href=\"https:\/\/www.purepeople.com\/article\/claire-chazal-pas-tres-facile-mais-lanimatrice-revele-ce-qui-la-fait-tenir-apres-le-jt-de-tf1_a537447\/1\" target=\"_blank\" rel=\"noopener\"> du 20 Heures de TF1 <\/a>reconnaissant boire \u00ab\u00a0s\u00fbrement trop de caf\u00e9, de vin blanc et de champagne\u00a0\u00bb. En revanche, elle consomme peu d&rsquo;aliments de mani\u00e8re g\u00e9n\u00e9rale, \u00ab\u00a0pr\u00e9f\u00e8re les l\u00e9gumes aux viandes\u00a0\u00bb, et surtout, <strong>ne mange \u00ab\u00a0pas de sucres\u00a0\u00bb.<\/strong><\/p>\n<p>L&rsquo;occasion de rappeler que l\u2019Anses (Agence nationale de s\u00e9curit\u00e9 sanitaire), en partenariat avec l\u2019Observatoire de l\u2019alimentation (Oqali), avait \u00e9tudi\u00e9 la liste des ingr\u00e9dients de plus de 54\u00a0000 produits pr\u00e9sents sur le march\u00e9 entre\u00a02008 et\u00a02020, et qu&rsquo;un chiffre inqui\u00e9tant ressortait de cette analyse : <strong>77% des aliments \u00e9tudi\u00e9s contiennent au moins un ingr\u00e9dient sucrant ou vecteur de go\u00fbt sucr\u00e9<\/strong> (une information reprise par Capital).<\/p>\n<p>Il est notamment question des sauces condimentaires (94 %), de snacking surgel\u00e9 (87 %), de la charcuterie (84 %), des sauces chaudes (81 %), des produits traiteurs frais (77 %), des plats cuisin\u00e9s frais (71 %), des bouillons et potages (59 %), des plats cuisin\u00e9s surgel\u00e9s (59 %), des plats cuisin\u00e9s ambiants (54 %), ainsi que des ap\u00e9ritifs \u00e0 croquer (53 %).<\/p>\n<p>\u00ab\u00a0C&rsquo;est ce qui rythme ma vie\u00a0\u00bb : cette activit\u00e9 qui lui permet de se d\u00e9penser physiquement\u00a0<\/p>\n<p>Comme l&rsquo;indique l&rsquo;INRAE (\u2019Institut national de recherche pour l&rsquo;agriculture, l&rsquo;alimentation et l&rsquo;environnement), <strong>l&rsquo;exc\u00e8s de sucre augmente le risque de carie dentaire, de surpoids, d&rsquo;ob\u00e9sit\u00e9, et serait aussi associ\u00e9 \u00e0 une augmentation du risque de diab\u00e8te de type 2 et de maladies cardiovasculaires. En faisant attention \u00e0 ne pas en consommer, Claire Chazal \u00e9vite donc potentiellement certains probl\u00e8mes de sant\u00e9, et favorise ses chances de conserver une belle silhouette.<\/strong><\/p>\n<p>A noter que <a href=\"https:\/\/www.purepeople.com\/article\/je-ne-parle-jamais-de-francois-car-claire-chazal-sexprime-sur-son-fils-qui-a-30-ans-dont-le-pere-est-ppda_a535672\/1\" target=\"_blank\" rel=\"noopener\">la maman de Fran\u00e7ois<\/a>, qui a souffl\u00e9 sa 69\u00e8me bougie d\u00e9but d\u00e9cembre, garde \u00e9galement la forme via quelques habitudes sportives, notamment un cours de danse classique qu&rsquo;elle suit &lsquo;avec assiduit\u00e9\u00a0\u00bb \u00e0 Bastille. C&rsquo;est en tout cas ce qu&rsquo;elle confiait \u00e0 nos confr\u00e8res d&rsquo;ELLE, au cours de cet entretien datant pour rappel de f\u00e9vrier 2016 : \u00ab\u00a0Mon professeur, Am\u00e9ricain, en donne trois par jour et j\u2019y vais en ce moment cinq fois par semaine, voire six. C&rsquo;est ce qui rythme ma vie.\u00a0\u00bb\u00a0<\/p>\n","protected":false},"excerpt":{"rendered":"La suite apr\u00e8s la publicit\u00e9 Claire Chazal, qui est \u00e0 retrouver ce mardi 13 janvier 2026 \u00e0 21h10&hellip;\n","protected":false},"author":2,"featured_media":661573,"comment_status":"","ping_status":"","sticky":false,"template":"","format":"standard","meta":{"footnotes":""},"categories":[1359],"tags":[58,59,1011,27,973],"class_list":{"0":"post-661572","1":"post","2":"type-post","3":"status-publish","4":"format-standard","5":"has-post-thumbnail","7":"category-people","8":"tag-divertissement","9":"tag-entertainment","10":"tag-fr","11":"tag-france","12":"tag-people"},"share_on_mastodon":{"url":"https:\/\/pubeurope.com\/@fr\/115890141639071095","error":""},"_links":{"self":[{"href":"https:\/\/www.europesays.com\/fr\/wp-json\/wp\/v2\/posts\/661572","targetHints":{"allow":["GET"]}}],"collection":[{"href":"https:\/\/www.europesays.com\/fr\/wp-json\/wp\/v2\/posts"}],"about":[{"href":"https:\/\/www.europesays.com\/fr\/wp-json\/wp\/v2\/types\/post"}],"author":[{"embeddable":true,"href":"https:\/\/www.europesays.com\/fr\/wp-json\/wp\/v2\/users\/2"}],"replies":[{"embeddable":true,"href":"https:\/\/www.europesays.com\/fr\/wp-json\/wp\/v2\/comments?post=661572"}],"version-history":[{"count":0,"href":"https:\/\/www.europesays.com\/fr\/wp-json\/wp\/v2\/posts\/661572\/revisions"}],"wp:featuredmedia":[{"embeddable":true,"href":"https:\/\/www.europesays.com\/fr\/wp-json\/wp\/v2\/media\/661573"}],"wp:attachment":[{"href":"https:\/\/www.europesays.com\/fr\/wp-json\/wp\/v2\/media?parent=661572"}],"wp:term":[{"taxonomy":"category","embeddable":true,"href":"https:\/\/www.europesays.com\/fr\/wp-json\/wp\/v2\/categories?post=661572"},{"taxonomy":"post_tag","embeddable":true,"href":"https:\/\/www.europesays.com\/fr\/wp-json\/wp\/v2\/tags?post=661572"}],"curies":[{"name":"wp","href":"https:\/\/api.w.org\/{rel}","templated":true}]}}