{"id":661574,"date":"2026-01-13T22:26:15","date_gmt":"2026-01-13T22:26:15","guid":{"rendered":"https:\/\/www.europesays.com\/fr\/661574\/"},"modified":"2026-01-13T22:26:15","modified_gmt":"2026-01-13T22:26:15","slug":"le-plus-bel-aeroport-du-monde-est-au-japon-et-il-ressemble-a-une-maison-darchitecte","status":"publish","type":"post","link":"https:\/\/www.europesays.com\/fr\/661574\/","title":{"rendered":"Le plus bel a\u00e9roport du monde est au Japon, et il ressemble \u00e0 une maison d&rsquo;architecte"},"content":{"rendered":"<p>C\u2019est \u00e0 la demande du gouvernement qu\u2019un a\u00e9rodrome est am\u00e9nag\u00e9 et inaugur\u00e9, au sud d\u2019Okinawa, un petit archipel tropical appel\u00e9 Miyako Shimojishima. Construit entre 1971 et 1973, l&rsquo;a\u00e9roport est initialement destin\u00e9 \u00e0 la formation de pilotes de chasse jusqu\u2019en 1994. Principal terrain d\u2019entra\u00eenement, l\u2019a\u00e9roport de 1200 m\u00e8tres carr\u00e9s, \u00e0 mi-chemin entre Okinawa et Ta\u00efwan, est contraint de suspendre ses vols \u00e0 la suite d\u2019une sortie de piste par un pilote stagiaire et de vents trop violents. Sous-exploit\u00e9 avec l\u2019essor des simulateurs de vols et la possibilit\u00e9 de suivre des formations \u00e0 moindre co\u00fbt \u00e0 l\u2019\u00e9tranger, l\u2019<a href=\"https:\/\/www.admagazine.fr\/article\/aeroports-architectes-impressionnants-monde\" target=\"_blank\" rel=\"noopener\">a\u00e9roport<\/a> est abandonn\u00e9. C\u2019est alors que le propri\u00e9taire propose au gouvernement pr\u00e9fectoral d\u2019y construire un terminal pour les passagers. Restaur\u00e9 et r\u00e9nov\u00e9 par le cabinet d\u2019architecture japonais Mitsubishi Estate, l\u2019a\u00e9roport accueille finalement ses premiers voyageurs en 2019.<\/p>\n<p>Un a\u00e9roport m\u00e9ridional aux saveurs locales et \u00e0 \u00e9nergie positive<\/p>\n<p><img decoding=\"async\" alt=\"Aroport au Japon aux allures de retraite h\u00f4teli\u00e8re\" loading=\"lazy\" class=\"ResponsiveImageContainer-eNxvmU cfBbTk responsive-image__image\"   src=\"https:\/\/www.europesays.com\/fr\/wp-content\/uploads\/2026\/01\/GettyImages-1254330917.jpg\"\/><\/p>\n<p>\u00a9 TokioMarineLife\/Getty Images<\/p>\n<p>Piscine ext\u00e9rieure et nature luxuriante<\/p>\n<p>D\u00e9crit comme un terminal a\u00e9roportuaire, le b\u00e2timent r\u00e9nov\u00e9 en 2019 est con\u00e7u pour cr\u00e9er une continuit\u00e9 entre l\u2019int\u00e9rieur brut et l\u2019ext\u00e9rieur tout autant luxuriant gr\u00e2ce \u00e0 sa v\u00e9g\u00e9tation subtropicale. Digne d\u2019une villa de <a href=\"https:\/\/www.admagazine.fr\/article\/villas-irreelles-louer-vacances-hiver\" target=\"_blank\" rel=\"noopener\">vacances<\/a>, le terminal se distingue par son espace vert, sa <a href=\"https:\/\/www.admagazine.fr\/article\/airbnb-villas-piscine-moins-400-euros\" target=\"_blank\" rel=\"noopener\">piscine<\/a> <a href=\"https:\/\/www.admagazine.fr\/article\/meilleurs-cinema-plein-air-ete-paris\" target=\"_blank\" rel=\"noopener\">outdoor<\/a> et la croissance de <a href=\"https:\/\/www.admagazine.fr\/article\/plantes-interieur-vie-salon\" target=\"_blank\" rel=\"noopener\">plantes<\/a> indig\u00e8nes qui prennent vie dans l\u2019\u00e9crin architectural durable. Fid\u00e8le aux caract\u00e9ristiques architecturales traditionnelles d\u2019Okinawa, l\u2019a\u00e9roport se prot\u00e8ge du vent et des intemp\u00e9ries gr\u00e2ce aux portes coulissantes qui adoucissent la lumi\u00e8re qui filtre le soleil \u00e0 l\u2019int\u00e9rieur. Tout premier a\u00e9roport \u00e0 obtenir la certification ZEB (b\u00e2timent \u00e0 \u00e9nergie z\u00e9ro), le terminal offre des espaces esth\u00e9tiques et \u00e9pur\u00e9s r\u00e9solument durables. Le sol en b\u00e9ton poli et carreaux aux tons naturels apportent de la fra\u00eecheur aux espaces et permettent de se climatiser naturellement. Le syst\u00e8me de refroidissement peut alors fonctionner gr\u00e2ce \u00e0 l\u2019\u00e9nergie naturelle des eaux souterraines.<\/p>\n<p>Un int\u00e9rieur v\u00e9ritablement \u00e9pur\u00e9, au design biophilique<\/p>\n<p><img decoding=\"async\" alt=\"Aroport au Japon aux allures de maison de vacances\" loading=\"lazy\" class=\"ResponsiveImageContainer-eNxvmU cfBbTk responsive-image__image\"   src=\"https:\/\/www.europesays.com\/fr\/wp-content\/uploads\/2026\/01\/GettyImages-1253983869.jpg\"\/><\/p>\n<p>\u00a9 TokioMarineLife\/Getty Images<\/p>\n","protected":false},"excerpt":{"rendered":"C\u2019est \u00e0 la demande du gouvernement qu\u2019un a\u00e9rodrome est am\u00e9nag\u00e9 et inaugur\u00e9, au sud d\u2019Okinawa, un petit archipel&hellip;\n","protected":false},"author":2,"featured_media":661575,"comment_status":"","ping_status":"","sticky":false,"template":"","format":"standard","meta":{"footnotes":""},"categories":[1358],"tags":[1348,1384,1385,1386,58,59,1011,27,2070],"class_list":{"0":"post-661574","1":"post","2":"type-post","3":"status-publish","4":"format-standard","5":"has-post-thumbnail","7":"category-arts-et-design","8":"tag-arts","9":"tag-arts-and-design","10":"tag-arts-et-design","11":"tag-design","12":"tag-divertissement","13":"tag-entertainment","14":"tag-fr","15":"tag-france","16":"tag-japon"},"share_on_mastodon":{"url":"https:\/\/pubeurope.com\/@fr\/115890145457021737","error":""},"_links":{"self":[{"href":"https:\/\/www.europesays.com\/fr\/wp-json\/wp\/v2\/posts\/661574","targetHints":{"allow":["GET"]}}],"collection":[{"href":"https:\/\/www.europesays.com\/fr\/wp-json\/wp\/v2\/posts"}],"about":[{"href":"https:\/\/www.europesays.com\/fr\/wp-json\/wp\/v2\/types\/post"}],"author":[{"embeddable":true,"href":"https:\/\/www.europesays.com\/fr\/wp-json\/wp\/v2\/users\/2"}],"replies":[{"embeddable":true,"href":"https:\/\/www.europesays.com\/fr\/wp-json\/wp\/v2\/comments?post=661574"}],"version-history":[{"count":0,"href":"https:\/\/www.europesays.com\/fr\/wp-json\/wp\/v2\/posts\/661574\/revisions"}],"wp:featuredmedia":[{"embeddable":true,"href":"https:\/\/www.europesays.com\/fr\/wp-json\/wp\/v2\/media\/661575"}],"wp:attachment":[{"href":"https:\/\/www.europesays.com\/fr\/wp-json\/wp\/v2\/media?parent=661574"}],"wp:term":[{"taxonomy":"category","embeddable":true,"href":"https:\/\/www.europesays.com\/fr\/wp-json\/wp\/v2\/categories?post=661574"},{"taxonomy":"post_tag","embeddable":true,"href":"https:\/\/www.europesays.com\/fr\/wp-json\/wp\/v2\/tags?post=661574"}],"curies":[{"name":"wp","href":"https:\/\/api.w.org\/{rel}","templated":true}]}}