{"id":661576,"date":"2026-01-13T22:28:10","date_gmt":"2026-01-13T22:28:10","guid":{"rendered":"https:\/\/www.europesays.com\/fr\/661576\/"},"modified":"2026-01-13T22:28:10","modified_gmt":"2026-01-13T22:28:10","slug":"commission-denquete-sur-laudiovisuel-public-pourquoi-lea-sala","status":"publish","type":"post","link":"https:\/\/www.europesays.com\/fr\/661576\/","title":{"rendered":"Commission d\u2019enqu\u00eate sur l\u2019audiovisuel public : pourquoi L\u00e9a Sala &#8230;"},"content":{"rendered":"<p>EN BREF<\/p>\n<ul class=\"bloc_resume_post_list\">\n<li>La commission d\u00a0\u00bbenqu\u00eate parlementaire sur l&rsquo;audiovisuel<br \/>\npublic reprend ses travaux le 19 janvier, avec L\u00e9a Salam\u00e9 convoqu\u00e9e<br \/>\nd\u00e9but f\u00e9vrier.<\/li>\n<li>L\u00e9a Salam\u00e9, pr\u00e9sentatrice de France 2, sera auditionn\u00e9e<br \/>\ndans un contexte tendu sur la neutralit\u00e9 et le financement de<br \/>\nl&rsquo;audiovisuel public.<\/li>\n<li>L&rsquo;audition de L\u00e9a Salam\u00e9, sous haute surveillance,<br \/>\npourrait raviver le d\u00e9bat sur l&rsquo;ind\u00e9pendance de l&rsquo;audiovisuel<br \/>\npublic en France.<\/li>\n<\/ul>\n<p data-start=\"294\" data-end=\"662\">La commission d\u2019enqu\u00eate<br \/>\nparlementaire sur l\u2019audiovisuel public s\u2019appr\u00eate \u00e0 reprendre ses<br \/>\ntravaux \u00e0 partir du lundi 19 janvier. Apr\u00e8s une pause de plusieurs<br \/>\nsemaines, <strong>les auditions vont \u00e0 nouveau<br \/>\ns\u2019encha\u00eener<\/strong>, avec cette fois des noms tr\u00e8s m\u00e9diatiques au<br \/>\nprogramme. Parmi eux, celui de L\u00e9a Salam\u00e9, figure embl\u00e9matique de<br \/>\nFrance T\u00e9l\u00e9visions, dont la convocation intrigue.<\/p>\n<p data-start=\"664\" data-end=\"954\">Pr\u00e9sentatrice du journal de 20<br \/>\nheures de France 2, la journaliste, <a href=\"https:\/\/www.telestar.fr\/people\/lea-salame-ecartee-des-victoires-de-la-musique-la-drole-dexplication-de-france-televisions-1750775\" target=\"_blank\" rel=\"noopener\"><br \/>\nqui a \u00e9t\u00e9 \u00e9cart\u00e9e des Victoire de la Musique<\/a>, sera entendue<br \/>\nd\u00e9but f\u00e9vrier. Une audition qui s\u2019inscrit dans un contexte d\u00e9j\u00e0<br \/>\ntendu autour de cette commission, <strong>cr\u00e9\u00e9e pour se pencher sur<br \/>\nla neutralit\u00e9, le fonctionnement et le financement du service<br \/>\npublic de l\u2019audiovisuel.<\/strong><\/p>\n<p>Commission audiovisuel public,<br \/>\nun calendrier d\u2019auditions tr\u00e8s attendu !<\/p>\n<p data-start=\"1030\" data-end=\"1397\">La reprise des travaux a \u00e9t\u00e9<br \/>\nconfirm\u00e9e par le pr\u00e9sident de la commission, le d\u00e9put\u00e9 Horizons<br \/>\nJ\u00e9r\u00e9mie Patrier-Leitus. Dans un communiqu\u00e9, il a pr\u00e9cis\u00e9<br \/>\n<strong>que les convocations avaient repris apr\u00e8s une r\u00e9union du<br \/>\nbureau le 6 janvier<\/strong>. L\u2019objectif affich\u00e9 est clair :<br \/>\nremettre de l\u2019ordre dans une commission secou\u00e9e par de nombreux<br \/>\nincidents depuis son lancement fin novembre.<\/p>\n<p data-start=\"1030\" data-end=\"1397\">Le calendrier pr\u00e9voit<br \/>\nplusieurs auditions majeures. Le 21 janvier, le journaliste Pierre<br \/>\nHaski sera entendu en tant que pr\u00e9sident de Reporters sans<br \/>\nfronti\u00e8res, accompagn\u00e9 de deux autres repr\u00e9sentants de<br \/>\nl\u2019association. L\u00e9a Salam\u00e9 est, quant \u00e0 elle, attendue le 2 f\u00e9vrier,<br \/>\nle m\u00eame jour que Laurent Delahousse. <a href=\"https:\/\/www.telestar.fr\/actu_tv\/c-a-vous-apres-sa-prise-de-becs-avec-rachida-dati-patrick-cohen-tient-sa-revanche-et-elle-est-assaisonnee-1729301\" target=\"_blank\" rel=\"noopener\"><br \/>\nLa ministre de la Culture Rachida Dati<\/a> doit \u00eatre auditionn\u00e9e le<br \/>\n5 f\u00e9vrier. Plusieurs s\u00e9quences seront \u00e9galement consacr\u00e9es<br \/>\nsp\u00e9cifiquement \u00e0 l\u2019activit\u00e9 de France T\u00e9l\u00e9visions. Pour \u00e9viter les<br \/>\nd\u00e9bordements observ\u00e9s pr\u00e9c\u00e9demment, J\u00e9r\u00e9mie Patrier-Leitus a<br \/>\nannonc\u00e9 un cadre plus strict. <strong>\u00ab\u00a0Afin d\u2019\u00e9viter le d\u00e9voiement de la commission en<br \/>\ntribunal politique, en lieu de la politique spectacle, j\u2019ai d\u00e9cid\u00e9<br \/>\nd\u2019organiser les auditions selon une r\u00e9partition th\u00e9matique<br \/>\ncoh\u00e9rente\u00a0\u00bb<\/strong>, a-t-il expliqu\u00e9.<\/p>\n<p>L\u00e9a<br \/>\nSalam\u00e9 auditionn\u00e9e dans un climat sous haute tension<\/p>\n<p data-start=\"2257\" data-end=\"2637\">Si la convocation de L\u00e9a<br \/>\nSalam\u00e9 attire autant l\u2019attention, c\u2019est aussi en raison du climat<br \/>\nexplosif. Depuis ses d\u00e9buts, <strong>les travaux se sont d\u00e9roul\u00e9s<br \/>\ndans une atmosph\u00e8re \u00e9lectrique.<\/strong> Cr\u00e9\u00e9e \u00e0 la demande de<br \/>\nl\u2019UDR, parti alli\u00e9 du Rassemblement national favorable \u00e0 la<br \/>\nprivatisation de l\u2019audiovisuel public, la commission a rapidement<br \/>\nsuscit\u00e9 des critiques. Fin d\u00e9cembre, les auditions avaient m\u00eame \u00e9t\u00e9<br \/>\npartiellement suspendues apr\u00e8s une multiplication d\u2019incidents. La<br \/>\npr\u00e9sidente de Radio France, Sibyle Veil, avait notamment d\u00e9nonc\u00e9<br \/>\ndans un courrier des \u00ab\u00a0d\u00e9formations publiques\u00a0\u00bb de ses propos tenus en<br \/>\naudition, pointant des publications sur le r\u00e9seau X du rapporteur<br \/>\nCharles Alloncle.<\/p>\n<p data-start=\"2971\" data-end=\"3361\">Pour \u00e9viter que la situation<br \/>\nne d\u00e9g\u00e9n\u00e8re \u00e0 nouveau, de nouvelles r\u00e8gles ont \u00e9t\u00e9 instaur\u00e9es.<br \/>\nJ\u00e9r\u00e9mie Patrier-Leitus a rappel\u00e9 que ces principes avaient \u00e9t\u00e9<br \/>\n<strong>\u00ab\u00a0approuv\u00e9s par le<br \/>\nrapporteur et les membres du bureau\u00a0\u00bb<\/strong>. D\u00e9sormais, il<br \/>\nsera interdit aux membres de la commission de commenter les<br \/>\nauditions en temps r\u00e9el sur les r\u00e9seaux sociaux. En cas de<br \/>\nmanquement, la s\u00e9ance pourra \u00eatre suspendue. L\u2019audition de L\u00e9a<br \/>\nSalam\u00e9 s\u2019inscrit donc dans un cadre resserr\u00e9, mais sous haute<br \/>\nsurveillance. Si le contenu pr\u00e9cis de son audition reste encore<br \/>\nflou, sa pr\u00e9sence symbolise l\u2019attention port\u00e9e aux figures les plus<br \/>\nvisibles du service public. Un rendez-vous tr\u00e8s attendu, qui<br \/>\npourrait bien relancer le d\u00e9bat autour de l\u2019ind\u00e9pendance et du r\u00f4le<br \/>\nde l\u2019audiovisuel public en France.<\/p>\n","protected":false},"excerpt":{"rendered":"EN BREF La commission d\u00a0\u00bbenqu\u00eate parlementaire sur l&rsquo;audiovisuel public reprend ses travaux le 19 janvier, avec L\u00e9a Salam\u00e9&hellip;\n","protected":false},"author":2,"featured_media":661577,"comment_status":"","ping_status":"","sticky":false,"template":"","format":"standard","meta":{"footnotes":""},"categories":[1356],"tags":[548,58,59,1011,27,3806,252,1364],"class_list":{"0":"post-661576","1":"post","2":"type-post","3":"status-publish","4":"format-standard","5":"has-post-thumbnail","7":"category-television","8":"tag-article-simple","9":"tag-divertissement","10":"tag-entertainment","11":"tag-fr","12":"tag-france","13":"tag-lea-salame","14":"tag-television","15":"tag-tv"},"share_on_mastodon":{"url":"https:\/\/pubeurope.com\/@fr\/115890153284129255","error":""},"_links":{"self":[{"href":"https:\/\/www.europesays.com\/fr\/wp-json\/wp\/v2\/posts\/661576","targetHints":{"allow":["GET"]}}],"collection":[{"href":"https:\/\/www.europesays.com\/fr\/wp-json\/wp\/v2\/posts"}],"about":[{"href":"https:\/\/www.europesays.com\/fr\/wp-json\/wp\/v2\/types\/post"}],"author":[{"embeddable":true,"href":"https:\/\/www.europesays.com\/fr\/wp-json\/wp\/v2\/users\/2"}],"replies":[{"embeddable":true,"href":"https:\/\/www.europesays.com\/fr\/wp-json\/wp\/v2\/comments?post=661576"}],"version-history":[{"count":0,"href":"https:\/\/www.europesays.com\/fr\/wp-json\/wp\/v2\/posts\/661576\/revisions"}],"wp:featuredmedia":[{"embeddable":true,"href":"https:\/\/www.europesays.com\/fr\/wp-json\/wp\/v2\/media\/661577"}],"wp:attachment":[{"href":"https:\/\/www.europesays.com\/fr\/wp-json\/wp\/v2\/media?parent=661576"}],"wp:term":[{"taxonomy":"category","embeddable":true,"href":"https:\/\/www.europesays.com\/fr\/wp-json\/wp\/v2\/categories?post=661576"},{"taxonomy":"post_tag","embeddable":true,"href":"https:\/\/www.europesays.com\/fr\/wp-json\/wp\/v2\/tags?post=661576"}],"curies":[{"name":"wp","href":"https:\/\/api.w.org\/{rel}","templated":true}]}}