{"id":661578,"date":"2026-01-13T22:29:09","date_gmt":"2026-01-13T22:29:09","guid":{"rendered":"https:\/\/www.europesays.com\/fr\/661578\/"},"modified":"2026-01-13T22:29:09","modified_gmt":"2026-01-13T22:29:09","slug":"britney-spears-annonce-sur-instagram-un-retour-imminent-sur-scene","status":"publish","type":"post","link":"https:\/\/www.europesays.com\/fr\/661578\/","title":{"rendered":"Britney Spears annonce sur Instagram un retour imminent sur sc\u00e8ne"},"content":{"rendered":"<p class=\"chapo\">Sur son compte Instagram, Britney Spears a r\u00e9v\u00e9l\u00e9 \u00e0 ses fans qu\u2019un retour sur sc\u00e8ne se profile \u00e0 l\u2019horizon. La chanteuse pop, \u00e9loign\u00e9e des concerts depuis plusieurs ann\u00e9es, promet une reprise imminente de ses prestations en public.<\/p>\n<p>Tl;dr<\/p>\n<ul>\n<li>Britney Spears annonce son retour sur sc\u00e8ne.<\/li>\n<li>Elle exclut toute performance aux \u00c9tats-Unis.<\/li>\n<li>Presque dix ans d\u2019absence depuis sa derni\u00e8re tourn\u00e9e.<\/li>\n<\/ul>\n<p>Un retour sur le devant de la sc\u00e8ne<\/p>\n<p>Apr\u00e8s une longue p\u00e9riode loin des projecteurs, Britney Spears surprend ses fans avec une nouvelle annonce : un retour sur sc\u00e8ne \u00ab tr\u00e8s bient\u00f4t \u00bb. Publi\u00e9 le 9 janvier 2026 sur Instagram, son message, accompagn\u00e9 d\u2019une photo la montrant au piano, laisse entrevoir la fin d\u2019une d\u00e9cennie marqu\u00e9e par l\u2019absence et les bouleversements.<\/p>\n<p>Pourtant, la chanteuse de 44 ans ne compte pas revenir n\u2019importe o\u00f9. Elle confie sans d\u00e9tour : \u00ab Je ne me produirai plus jamais aux \u00c9tats-Unis \u00bb.<\/p>\n<p>Dix ann\u00e9es d\u2019incertitude et de pause forc\u00e9e<\/p>\n<p>Il faut remonter \u00e0 2018 pour retrouver la trace de la derni\u00e8re tourn\u00e9e de la popstar am\u00e9ricaine, \u00ab <strong>Piece of Me<\/strong> \u00bb. Depuis cette \u00e9poque, Britney Spears avait choisi de mettre sa carri\u00e8re en suspens, une d\u00e9cision alors entour\u00e9e de multiples facteurs personnels et judiciaires.<\/p>\n<p>D\u00e8s 2019, elle s\u2019efface de la sc\u00e8ne publique suite \u00e0 un internement demand\u00e9 par son p\u00e8re, James Spears. Cette p\u00e9riode difficile s\u2019est prolong\u00e9e jusqu\u2019en 2021, ann\u00e9e o\u00f9 elle retrouve son autonomie apr\u00e8s la fin de sa tutelle.<\/p>\n<p>Sinc\u00e9rit\u00e9 et confidences sur Instagram<\/p>\n<p>Dans sa publication r\u00e9cente, l\u2019artiste se livre : \u00ab Je danse sur Instagram pour gu\u00e9rir des choses dans mon corps dont les gens n\u2019ont aucune id\u00e9e. Oui, c\u2019est embarrassant parfois\u2026 mais j\u2019ai travers\u00e9 le feu pour sauver ma vie \u00bb. Un t\u00e9moignage rare qui montre combien son parcours a \u00e9t\u00e9 sem\u00e9 d\u2019\u00e9preuves.<\/p>\n<p>Elle partage \u00e9galement une intention personnelle : \u00ab J\u2019envoie ce piano \u00e0 mon fils cette ann\u00e9e \u00bb, \u00e9voquant sans pr\u00e9ciser lequel de ses deux enfants \u2014 Preston (20 ans) ou Jayden (19 ans), issus de son union avec Kevin Federline, est concern\u00e9.<\/p>\n<p>Nouveaux projets et collaborations r\u00e9centes<\/p>\n<p>Bien qu\u2019aucune date officielle ni lieu n\u2019aient \u00e9t\u00e9 r\u00e9v\u00e9l\u00e9s quant \u00e0 ce retour attendu, quelques indices pars\u00e8ment le parcours r\u00e9cent de la chanteuse. Si l\u2019on consid\u00e8re ses collaborations <a href=\"https:\/\/www.24matins.fr\/britney-spears-en-duo-avec-elton-john-sur-hold-me-closer-1343523\" target=\"_blank\" rel=\"noopener\">avec des artistes majeurs comme Elton John sur \u00ab Hold Me Closer \u00bb en 2022<\/a> ou encore avec le rappeur Will.i.am en 2023 (\u00ab Mind Your Business \u00bb), il semble que l\u2019envie artistique n\u2019ait jamais totalement disparu chez <strong>Britney Spears<\/strong>.<\/p>\n<p>Pour l\u2019heure, les fans devront donc patienter encore un peu avant d\u2019assister \u00e0 ce comeback prometteur\u2026 mais loin du sol am\u00e9ricain.<\/p>\n","protected":false},"excerpt":{"rendered":"Sur son compte Instagram, Britney Spears a r\u00e9v\u00e9l\u00e9 \u00e0 ses fans qu\u2019un retour sur sc\u00e8ne se profile \u00e0&hellip;\n","protected":false},"author":2,"featured_media":661579,"comment_status":"","ping_status":"","sticky":false,"template":"","format":"standard","meta":{"footnotes":""},"categories":[1355],"tags":[58,59,1011,27,1361,873],"class_list":{"0":"post-661578","1":"post","2":"type-post","3":"status-publish","4":"format-standard","5":"has-post-thumbnail","7":"category-musique","8":"tag-divertissement","9":"tag-entertainment","10":"tag-fr","11":"tag-france","12":"tag-music","13":"tag-musique"},"share_on_mastodon":{"url":"https:\/\/pubeurope.com\/@fr\/115890157278526866","error":""},"_links":{"self":[{"href":"https:\/\/www.europesays.com\/fr\/wp-json\/wp\/v2\/posts\/661578","targetHints":{"allow":["GET"]}}],"collection":[{"href":"https:\/\/www.europesays.com\/fr\/wp-json\/wp\/v2\/posts"}],"about":[{"href":"https:\/\/www.europesays.com\/fr\/wp-json\/wp\/v2\/types\/post"}],"author":[{"embeddable":true,"href":"https:\/\/www.europesays.com\/fr\/wp-json\/wp\/v2\/users\/2"}],"replies":[{"embeddable":true,"href":"https:\/\/www.europesays.com\/fr\/wp-json\/wp\/v2\/comments?post=661578"}],"version-history":[{"count":0,"href":"https:\/\/www.europesays.com\/fr\/wp-json\/wp\/v2\/posts\/661578\/revisions"}],"wp:featuredmedia":[{"embeddable":true,"href":"https:\/\/www.europesays.com\/fr\/wp-json\/wp\/v2\/media\/661579"}],"wp:attachment":[{"href":"https:\/\/www.europesays.com\/fr\/wp-json\/wp\/v2\/media?parent=661578"}],"wp:term":[{"taxonomy":"category","embeddable":true,"href":"https:\/\/www.europesays.com\/fr\/wp-json\/wp\/v2\/categories?post=661578"},{"taxonomy":"post_tag","embeddable":true,"href":"https:\/\/www.europesays.com\/fr\/wp-json\/wp\/v2\/tags?post=661578"}],"curies":[{"name":"wp","href":"https:\/\/api.w.org\/{rel}","templated":true}]}}