{"id":661580,"date":"2026-01-13T22:30:10","date_gmt":"2026-01-13T22:30:10","guid":{"rendered":"https:\/\/www.europesays.com\/fr\/661580\/"},"modified":"2026-01-13T22:30:10","modified_gmt":"2026-01-13T22:30:10","slug":"un-clin-doeil-dans-gremlins-relie-le-film-a-un-classique-de-science-fiction-des-annees-60","status":"publish","type":"post","link":"https:\/\/www.europesays.com\/fr\/661580\/","title":{"rendered":"Un clin d\u2019\u0153il dans Gremlins relie le film \u00e0 un classique de science-fiction des ann\u00e9es 60"},"content":{"rendered":"<p class=\"chapo\">Un d\u00e9tail cach\u00e9 dans le film Gremlins \u00e9tablit un lien surprenant avec un classique de la science-fiction des ann\u00e9es 1960, r\u00e9v\u00e9lant ainsi une connexion discr\u00e8te mais significative entre ces deux univers cin\u00e9matographiques embl\u00e9matiques.<\/p>\n<p>Tl;dr<\/p>\n<ul>\n<li>\u00ab Gremlins \u00bb multiplie les r\u00e9f\u00e9rences cach\u00e9es au cin\u00e9ma.<\/li>\n<li>La machine \u00e0 voyager dans le temps de George Pal appara\u00eet.<\/li>\n<li>Joe Dante rend hommage aux classiques et \u00e0 la pop culture.<\/li>\n<\/ul>\n<p>Un film truff\u00e9 de clins d\u2019\u0153il malicieux<\/p>\n<p>Difficile d\u2019\u00e9voquer <strong>\u00ab <a href=\"https:\/\/www.begeek.fr\/warner-bros-officialise-le-retour-des-gremlins-avec-un-troisieme-film-423719\" target=\"_blank\" rel=\"noopener\">Gremlins<\/a> \u00bb<\/strong> sans s\u2019attarder sur la passion d\u00e9bordante de son r\u00e9alisateur, Joe Dante, pour la <strong>culture pop<\/strong>. Bien avant que l\u2019autod\u00e9rision et les r\u00e9f\u00e9rences crois\u00e9es n\u2019envahissent les blockbusters, ce cin\u00e9phile averti glissait d\u00e9j\u00e0, dans chacun de ses films, des hommages appuy\u00e9s \u00e0 ses idoles. Ainsi, d\u00e8s 1984, \u00ab Gremlins \u00bb s\u2019impose comme un terrain de jeu truff\u00e9 d\u2019allusions \u00e0 l\u2019histoire du septi\u00e8me art \u2014 parfois si subtiles qu\u2019elles \u00e9chappent aux spectateurs non initi\u00e9s.<\/p>\n<p>L\u2019hommage \u00e0 la science-fiction : un clin d\u2019\u0153il bien cach\u00e9<\/p>\n<p>Au c\u0153ur de l\u2019intrigue, une s\u00e9quence retient particuli\u00e8rement l\u2019attention des passionn\u00e9s : celle de la convention des inventeurs o\u00f9 Rand Peltzer, le p\u00e8re du h\u00e9ros incarn\u00e9 par Hoyt Axton, tente de vendre ses gadgets d\u00e9faillants. Tandis qu\u2019il t\u00e9l\u00e9phone, un d\u00e9cor insolite se dessine \u00e0 l\u2019arri\u00e8re-plan : on y distingue clairement la c\u00e9l\u00e8bre machine \u00e0 voyager dans le temps du film culte r\u00e9alis\u00e9 par George Pal en 1960. \u00c0 peine a-t-on le temps d\u2019apercevoir cette curieuse invention \u2014 reconnaissable entre mille gr\u00e2ce \u00e0 ses disques \u00e9tincelants et son allure r\u00e9trofuturiste \u2014 qu\u2019elle dispara\u00eet soudainement dans un nuage de fum\u00e9e. Le gag est aussi furtif qu\u2019efficace\u202f: quelques badauds s\u2019interrogent sur sa disparition alors que la vie reprend son cours.<\/p>\n<p>L\u2019histoire derri\u00e8re la machine \u00e0 explorer le temps<\/p>\n<p>Petit rappel pour celles et ceux qui n\u2019auraient pas en t\u00eate le film originel ou le roman d\u2019H.G. Wells. Dans \u00ab The Time Machine \u00bb, un inventeur \u00e9labore une \u00e9trange chaise dot\u00e9e de leviers lui permettant d\u2019explorer le pass\u00e9 comme le futur. L\u2019\u0153uvre cin\u00e9matographique suit ce protagoniste propuls\u00e9 jusqu\u2019\u00e0 l\u2019an 802\u202f701 apr\u00e8s avoir assist\u00e9 aux conflits majeurs du XXe si\u00e8cle. Ce monument de la science-fiction n\u2019a \u00e9videmment aucun lien direct avec \u00ab Gremlins \u00bb. Mais il suffit que Dante glisse cet accessoire dans son d\u00e9cor pour raviver l\u2019imagination des fans et susciter les sp\u00e9culations sur une improbable connexion entre ces deux univers.<\/p>\n<p>L\u2019art du d\u00e9tail chez Joe Dante<\/p>\n<p>Ce type d\u2019<strong>Easter egg<\/strong> n\u2019a rien d\u2019anecdotique chez Dante. Tout au long de sa carri\u00e8re \u2014 citons notamment \u00ab Matinee \u00bb, vibrant hommage au showman William Castle, ou encore ce cam\u00e9o du mythique animateur Chuck Jones \u2014 il s\u2019amuse \u00e0 parsemer ses \u0153uvres d\u2019apparitions fugaces, de r\u00e9f\u00e9rences complices et autres d\u00e9tournements savoureux. Voici quelques exemples embl\u00e9matiques rep\u00e9r\u00e9s dans \u00ab Gremlins \u00bb :<\/p>\n<ul>\n<li><strong>Chuck Jones<\/strong>, l\u00e9gende des <a href=\"https:\/\/www.begeek.fr\/il-y-a-81-ans-looney-tunes-revelait-son-personnage-le-plus-polemique-426497\" target=\"_blank\" rel=\"noopener\">Looney Tunes<\/a>, incarne M. Jones dans une sc\u00e8ne-cl\u00e9 ;<\/li>\n<li><strong>Robbie le Robot<\/strong>, ic\u00f4ne SF, croise bri\u00e8vement Rand lors de la convention ;<\/li>\n<li>L\u2019humour visuel autour des inventions loufoques renvoie directement aux ann\u00e9es fastes du cin\u00e9ma fantastique am\u00e9ricain.<\/li>\n<\/ul>\n<p>Par ces choix, Dante tisse patiemment une toile qui fait dialoguer pass\u00e9 et pr\u00e9sent du cin\u00e9ma am\u00e9ricain tout en gratifiant les spectateurs attentifs \u2014 un art devenu sa signature discr\u00e8te, mais ind\u00e9niable.<\/p>\n","protected":false},"excerpt":{"rendered":"Un d\u00e9tail cach\u00e9 dans le film Gremlins \u00e9tablit un lien surprenant avec un classique de la science-fiction des&hellip;\n","protected":false},"author":2,"featured_media":661581,"comment_status":"","ping_status":"","sticky":false,"template":"","format":"standard","meta":{"footnotes":""},"categories":[1354],"tags":[58,59,1346,1011,27,1360],"class_list":{"0":"post-661580","1":"post","2":"type-post","3":"status-publish","4":"format-standard","5":"has-post-thumbnail","7":"category-films","8":"tag-divertissement","9":"tag-entertainment","10":"tag-films","11":"tag-fr","12":"tag-france","13":"tag-movies"},"share_on_mastodon":{"url":"https:\/\/pubeurope.com\/@fr\/115890161228197481","error":""},"_links":{"self":[{"href":"https:\/\/www.europesays.com\/fr\/wp-json\/wp\/v2\/posts\/661580","targetHints":{"allow":["GET"]}}],"collection":[{"href":"https:\/\/www.europesays.com\/fr\/wp-json\/wp\/v2\/posts"}],"about":[{"href":"https:\/\/www.europesays.com\/fr\/wp-json\/wp\/v2\/types\/post"}],"author":[{"embeddable":true,"href":"https:\/\/www.europesays.com\/fr\/wp-json\/wp\/v2\/users\/2"}],"replies":[{"embeddable":true,"href":"https:\/\/www.europesays.com\/fr\/wp-json\/wp\/v2\/comments?post=661580"}],"version-history":[{"count":0,"href":"https:\/\/www.europesays.com\/fr\/wp-json\/wp\/v2\/posts\/661580\/revisions"}],"wp:featuredmedia":[{"embeddable":true,"href":"https:\/\/www.europesays.com\/fr\/wp-json\/wp\/v2\/media\/661581"}],"wp:attachment":[{"href":"https:\/\/www.europesays.com\/fr\/wp-json\/wp\/v2\/media?parent=661580"}],"wp:term":[{"taxonomy":"category","embeddable":true,"href":"https:\/\/www.europesays.com\/fr\/wp-json\/wp\/v2\/categories?post=661580"},{"taxonomy":"post_tag","embeddable":true,"href":"https:\/\/www.europesays.com\/fr\/wp-json\/wp\/v2\/tags?post=661580"}],"curies":[{"name":"wp","href":"https:\/\/api.w.org\/{rel}","templated":true}]}}