{"id":661586,"date":"2026-01-13T22:33:10","date_gmt":"2026-01-13T22:33:10","guid":{"rendered":"https:\/\/www.europesays.com\/fr\/661586\/"},"modified":"2026-01-13T22:33:10","modified_gmt":"2026-01-13T22:33:10","slug":"prenez-soin-de-vous-sur-france-5-porte-un-regard-simpliste-sur-les-troubles-du-comportement-alimentaire-telerama","status":"publish","type":"post","link":"https:\/\/www.europesays.com\/fr\/661586\/","title":{"rendered":"\u201cPrenez soin de vous !\u201d, sur France 5, porte un regard simpliste sur les troubles du comportement alimentaire &#8211; T\u00e9l\u00e9rama"},"content":{"rendered":"<ol>\n<li><a href=\"https:\/\/news.google.com\/rss\/articles\/CBMi6gFBVV95cUxOZnNqdzZ1V21tUEFyMllSUEgwTkhSTThUc1lzX29yMll4OVpOX1lzMTY5RUU1X2NEcW9ScGVKSjBqdUxxTkF3UmVPc3M2WWhTYWotdnAxaU81NktvQV83Qm9hSWw3YXlIM09ITUpVT2dsX3kxZy1fUGxyRmpYVk93VDg1RG5WMGswTWZtYTA2TnQ3MHJ3aW5YWjdUNk94S05yNFVQM0IyOGNRRTIzOHhrX0tMdUZIRS01WkNSVnFMTkVpNVR1VVowNFYyNHJOYUh2V3MtdVFKbzV5Qk9Yd3J4aVRTS0lpWjdmREE?oc=5\" target=\"_blank\" rel=\"noopener\">\u201cPrenez soin de vous !\u201d, sur France 5, porte un regard simpliste sur les troubles du comportement alimentaire<\/a>&nbsp;&nbsp;T\u00e9l\u00e9rama<\/li>\n<li><a href=\"https:\/\/news.google.com\/rss\/articles\/CBMipAFBVV95cUxNWGE0cjVhTFJYbXp5ZldBZkdhVzA1Y3FfRVFORUhpM1Ntd2NvVHBfd0lfdFU0SDlrelNFN3ZLblpfNTlIcmIweGtqQnJxVzJnaFhOU1A2Z1RkdEE4Rk5QS2lIUFBfRm5SWGZPVUdRY2prc1JIZHlycnRpUlFTb0REN2l2cThMZEpsakV3QlJJcG5VSDQ2SnFQSERTUVhFUVZlTlQ1ZA?oc=5\" target=\"_blank\" rel=\"noopener\">Faites la paix avec votre alimentation en replay &#8211; Prenez soin de vous !<\/a>&nbsp;&nbsp;France TV<\/li>\n<li><a href=\"https:\/\/news.google.com\/rss\/articles\/CBMi3wFBVV95cUxPcVZGbi11eHRWalNPb0hMUW5NNmRrVGRhd0tkWExhRnVUUV94cGdsNnFsbU44WHB6SVlEZFk3LW5nelc5Ml9TaThsbkNTcmZfb2hwbnpYNjVLWXNzOXQ4aXVkam5WV1NNS1Eta2IySnJkaktKa3VKdFVGdkJoZUJ4Y2FvNE14bkh5SktodjdnQTNzUEI3LWU0TFcySVMtV2dBaE9rN1N1OEVxTVU2ODV1QVR4dG1JLTNBb2J4cUhYQW91bjJzNUswcEJPSTZhWE1qVy1kWU9vbGdNWkJ4aXFZ?oc=5\" target=\"_blank\" rel=\"noopener\">Pour que manger rime avec plaisir<\/a>&nbsp;&nbsp;francetelevisions.fr<\/li>\n<li><a href=\"https:\/\/news.google.com\/rss\/articles\/CBMikwJBVV95cUxQX1NsR09qZTF4ZjV5Q0xkcW94QTJuODRmcGdlb1NILVU0b016QVFJYlIyQ3c0QW9yQy1jdlVNR2c5eDBfdVEzM1NUZ2FDX05RY0hpcDNOYUJGSW9BSkRabi1SSElJZFUybnFGdGFBcnE5REwzb3lQQkswNjVlaXptS0k3MFE4b05PUkNsY21MQXdxOVdOX2t1c2lXTVRaTkVmWkJIQUFzbVRPQ0tCSk8tZFhCY1JnVVo0eU5iaXZscTN6cm95bWVCcUV4aklaVDhPX0dxTGJqOGc3NnlBeDA2ZzdPTjJzbkRvMThrbmRsQ00tUzJrMlE3ZGNsdG5lREFZcG9iMHMtZW9VQm5McEdvblh6OA?oc=5\" target=\"_blank\" rel=\"noopener\">Quand manger devient une souffrance : une \u00e9mission avec Marine Lorphelin pour venir \u00e0 bout des troubles du comportement alimentaire<\/a>&nbsp;&nbsp;lanouvellerepublique.fr<\/li>\n<li><a href=\"https:\/\/news.google.com\/rss\/articles\/CBMiywFBVV95cUxNX1FvYlMzYXNjTVljeVI4ZC1lV3dmM0RjVFQza2hOMG5EUW5leFQ0N2NtVXBpd3ZyZExCOGo4UXFTcEhSdm16MnQ4Zk9Od1c5M0o1VHdYRl9MZnJkMmxYZTdLai1lQzdkZFRFSU5mcWQyaEl6LTdJY3lvWjNYOG5sTzlrdzUtYWxRS1BpS1Q0TG1hZHNSMElmVGlQejc5M2dEODRNdXJtNVRTV0ZfZ2lxN0d5dUxYUy1jNG94WVRKdVA5RE1CV0dmY1lXNA?oc=5\" target=\"_blank\" rel=\"noopener\">Marine Lorphelin (Prenez soin de vous) : \u00ab Michel Cym\u00e8s a toujours \u00e9t\u00e9 bienveillant envers moi<\/a>&nbsp;&nbsp;Toutelatele<\/li>\n<\/ol>\n","protected":false},"excerpt":{"rendered":"\u201cPrenez soin de vous !\u201d, sur France 5, porte un regard simpliste sur les troubles du comportement alimentaire&nbsp;&nbsp;T\u00e9l\u00e9rama&hellip;\n","protected":false},"author":2,"featured_media":661587,"comment_status":"","ping_status":"","sticky":false,"template":"","format":"standard","meta":{"footnotes":""},"categories":[8],"tags":[58,59,1011,27],"class_list":{"0":"post-661586","1":"post","2":"type-post","3":"status-publish","4":"format-standard","5":"has-post-thumbnail","7":"category-divertissement","8":"tag-divertissement","9":"tag-entertainment","10":"tag-fr","11":"tag-france"},"share_on_mastodon":{"url":"https:\/\/pubeurope.com\/@fr\/115890172972516905","error":""},"_links":{"self":[{"href":"https:\/\/www.europesays.com\/fr\/wp-json\/wp\/v2\/posts\/661586","targetHints":{"allow":["GET"]}}],"collection":[{"href":"https:\/\/www.europesays.com\/fr\/wp-json\/wp\/v2\/posts"}],"about":[{"href":"https:\/\/www.europesays.com\/fr\/wp-json\/wp\/v2\/types\/post"}],"author":[{"embeddable":true,"href":"https:\/\/www.europesays.com\/fr\/wp-json\/wp\/v2\/users\/2"}],"replies":[{"embeddable":true,"href":"https:\/\/www.europesays.com\/fr\/wp-json\/wp\/v2\/comments?post=661586"}],"version-history":[{"count":0,"href":"https:\/\/www.europesays.com\/fr\/wp-json\/wp\/v2\/posts\/661586\/revisions"}],"wp:featuredmedia":[{"embeddable":true,"href":"https:\/\/www.europesays.com\/fr\/wp-json\/wp\/v2\/media\/661587"}],"wp:attachment":[{"href":"https:\/\/www.europesays.com\/fr\/wp-json\/wp\/v2\/media?parent=661586"}],"wp:term":[{"taxonomy":"category","embeddable":true,"href":"https:\/\/www.europesays.com\/fr\/wp-json\/wp\/v2\/categories?post=661586"},{"taxonomy":"post_tag","embeddable":true,"href":"https:\/\/www.europesays.com\/fr\/wp-json\/wp\/v2\/tags?post=661586"}],"curies":[{"name":"wp","href":"https:\/\/api.w.org\/{rel}","templated":true}]}}