{"id":661600,"date":"2026-01-13T22:41:10","date_gmt":"2026-01-13T22:41:10","guid":{"rendered":"https:\/\/www.europesays.com\/fr\/661600\/"},"modified":"2026-01-13T22:41:10","modified_gmt":"2026-01-13T22:41:10","slug":"une-attaquante-a-saint-etienne-ludmila-deboule-a-san-diego-le-recap-du-mercato-du-13-janvier","status":"publish","type":"post","link":"https:\/\/www.europesays.com\/fr\/661600\/","title":{"rendered":"Une attaquante \u00e0 Saint-\u00c9tienne, Ludmila d\u00e9boule \u00e0 San Diego, le r\u00e9cap du mercato du 13 janvier"},"content":{"rendered":"<p>Une attaquante qui rejoint l\u2019ASSE, un changement de club en NWSL, une Havraise qui part en Am\u00e9rique\u2026 Le r\u00e9capitulatif des derni\u00e8res officialisations de transferts.<\/p>\n<p>L\u2019ASSE se renforce<\/p>\n<p>Saint-\u00c9tienne doit marquer des buts et S\u00e9bastien Joseph aura une nouvelle arme dans son jeu. L\u2019Am\u00e9ricaine Kaylan Bradford-Williams (27 ans, attaquante) arrive en provenance du Dynamo Moscou.<\/p>\n<p>\u00c9lisabeth Ts\u00e9 du Havre \u00e0 l\u2019Am\u00e9rique<\/p>\n<p>De la Normandie aux \u00c9tats-Unis, il n\u2019y a qu\u2019un (grand) oc\u00e9an \u00e0 traverser au final. \u00c9lisabeth Ts\u00e9 signe au Washington Spirit en provenance du HAC. La Canadienne de 23 ans, qui avait effectu\u00e9 une partie de sa formation \u00e0 Lyon, quitte Le Havre apr\u00e8s y avoir jou\u00e9 pr\u00e8s de 50 matchs.<\/p>\n<p>Ludmila de Chicago \u00e0 San Diego<\/p>\n<p>La Br\u00e9silienne Ludmila change d\u2019horizon en NWSL. L\u2019attaquante d\u20191,60 m dispose d\u2019un sens du but rare. Ancienne de l\u2019Atl\u00e9tico, elle <a href=\"https:\/\/footeuses.com\/pied-droit-pied-gauche-et-tete-le-triple-parfait-de-ludmila-en-dix-minutes\/\" target=\"_blank\" rel=\"noopener\">sort d\u2019une saison brillante<\/a> \u00e0 Chicago et vient, du haut de ses 31 ans, apporter une nouvelle solution offensive \u00e0 San Diego.<\/p>\n<p>Toronto perd sa capitaine<\/p>\n<p>Emma Regan quitte Toronto, direction \u00ab\u00a0un club de NWSL\u00a0\u00bb. Internationale canadienne, la d\u00e9fenseure de 25 ans s\u2019attaque donc \u00e0 un autre championnat apr\u00e8s avoir \u00e9t\u00e9 de l\u2019\u00e9dition inaugurale de la Northern Super League. <\/p>\n<p>Rute Costa quitte Benfica<\/p>\n<p>Benfica va avoir un petit casse-t\u00eate au poste de gardienne puisque Rui Costa s\u2019en va apr\u00e8s trois saisons et demi au club. L\u2019internationale de 31 ans n\u2019a jamais jou\u00e9 ailleurs qu\u2019au Portugal dans sa carri\u00e8re. Va-t-elle renforcer un concurrent ?<\/p>\n<p class=\"has-text-align-right\">Photo \u00a9<a href=\"https:\/\/x.com\/NWSL\">NWSL<\/a> <\/p>\n","protected":false},"excerpt":{"rendered":"Une attaquante qui rejoint l\u2019ASSE, un changement de club en NWSL, une Havraise qui part en Am\u00e9rique\u2026 Le&hellip;\n","protected":false},"author":2,"featured_media":661601,"comment_status":"","ping_status":"","sticky":false,"template":"","format":"standard","meta":{"footnotes":""},"categories":[9653],"tags":[1111,11,461,2430,1777,674,1011,27,12,25,4001],"class_list":{"0":"post-661600","1":"post","2":"type-post","3":"status-publish","4":"format-standard","5":"has-post-thumbnail","7":"category-saint-etienne","8":"tag-actu","9":"tag-actualites","10":"tag-asse","11":"tag-auvergne-rhone-alpes","12":"tag-eu","13":"tag-europe","14":"tag-fr","15":"tag-france","16":"tag-news","17":"tag-republique-francaise","18":"tag-saint-etienne"},"share_on_mastodon":{"url":"https:\/\/pubeurope.com\/@fr\/115890204434783250","error":""},"_links":{"self":[{"href":"https:\/\/www.europesays.com\/fr\/wp-json\/wp\/v2\/posts\/661600","targetHints":{"allow":["GET"]}}],"collection":[{"href":"https:\/\/www.europesays.com\/fr\/wp-json\/wp\/v2\/posts"}],"about":[{"href":"https:\/\/www.europesays.com\/fr\/wp-json\/wp\/v2\/types\/post"}],"author":[{"embeddable":true,"href":"https:\/\/www.europesays.com\/fr\/wp-json\/wp\/v2\/users\/2"}],"replies":[{"embeddable":true,"href":"https:\/\/www.europesays.com\/fr\/wp-json\/wp\/v2\/comments?post=661600"}],"version-history":[{"count":0,"href":"https:\/\/www.europesays.com\/fr\/wp-json\/wp\/v2\/posts\/661600\/revisions"}],"wp:featuredmedia":[{"embeddable":true,"href":"https:\/\/www.europesays.com\/fr\/wp-json\/wp\/v2\/media\/661601"}],"wp:attachment":[{"href":"https:\/\/www.europesays.com\/fr\/wp-json\/wp\/v2\/media?parent=661600"}],"wp:term":[{"taxonomy":"category","embeddable":true,"href":"https:\/\/www.europesays.com\/fr\/wp-json\/wp\/v2\/categories?post=661600"},{"taxonomy":"post_tag","embeddable":true,"href":"https:\/\/www.europesays.com\/fr\/wp-json\/wp\/v2\/tags?post=661600"}],"curies":[{"name":"wp","href":"https:\/\/api.w.org\/{rel}","templated":true}]}}