{"id":661607,"date":"2026-01-13T22:45:24","date_gmt":"2026-01-13T22:45:24","guid":{"rendered":"https:\/\/www.europesays.com\/fr\/661607\/"},"modified":"2026-01-13T22:45:24","modified_gmt":"2026-01-13T22:45:24","slug":"le-centre-ecossais-huw-jones-sengage-pour-deux-saisons-avec-toulon","status":"publish","type":"post","link":"https:\/\/www.europesays.com\/fr\/661607\/","title":{"rendered":"le centre \u00e9cossais Huw Jones s\u2019engage pour deux saisons avec Toulon"},"content":{"rendered":"<p>\n    Le club varois a officialis\u00e9 ce mardi la signature du centre du XV du Chardon qui \u00e9volue \u00e0 Glasgow.<\/p>\n<p class=\"fig-paragraph\">Gros coup du RCT.\u00a0<a href=\"http:\/\/www.lefigaro.fr\/sports\/rugby\/coupe-d-europe\/rugby-champions-cup-on-va-jouer-un-vrai-seizieme-de-finale-a-gloucester-affirme-mignoni-apres-la-victoire-de-toulon-20260111\" data-fig-type=\"NewsFlash\" data-gtm-custom-categorie=\"navigation\" data-gtm-custom-action=\"crossclick\" data-gtm-custom-label=\"Contextuel\" data-gtm-event=\"customEventSPE\" data-fig-domain=\"LEFIGARO\" target=\"_blank\" rel=\"noopener\">Toulon<\/a>\u00a0a en effet officialis\u00e9, ce mardi, la signature pour les deux prochaines saisons du trois-quarts centre international \u00e9cossais\u00a0<a href=\"http:\/\/www.lefigaro.fr\/sports\/rugby\/6-nations\/ecosse-italie-huw-jones-imperial-les-italiens-peu-inspires-les-tops-et-flops-20250201\" data-fig-type=\"NewsFlash\" data-gtm-custom-categorie=\"navigation\" data-gtm-custom-action=\"crossclick\" data-gtm-custom-label=\"Contextuel\" data-gtm-event=\"customEventSPE\" data-fig-domain=\"LEFIGARO\" target=\"_blank\" rel=\"noopener\">Huw Jones<\/a>\u00a0(58 s\u00e9lections, 3 avec les Lions), qui \u00e9volue au sein de\u00a0<a href=\"http:\/\/www.lefigaro.fr\/sports\/rugby\/coupe-d-europe\/rugby-champions-cup-nouvelle-defaite-pour-clermont-battu-a-domicile-par-glasgow-et-piteusement-elimine-20260110\" data-fig-type=\"NewsFlash\" data-gtm-custom-categorie=\"navigation\" data-gtm-custom-action=\"crossclick\" data-gtm-custom-label=\"Contextuel\" data-gtm-event=\"customEventSPE\" data-fig-domain=\"LEFIGARO\" target=\"_blank\" rel=\"noopener\">la franchise des Glasgow Warriors<\/a>. Le joueur de 32 ans, qui avait \u00e9t\u00e9 retenu pour la derni\u00e8re tourn\u00e9e des Lions britanniques et irlandais en Australie, \u00abapportera au RCT toute son exp\u00e9rience du tr\u00e8s haut niveau, sa puissance, sa qualit\u00e9 de franchissement, sa vitesse, ainsi que son sens du jeu et de la d\u00e9fense, des atouts majeurs au c\u0153ur du jeu toulonnais\u00bb, se f\u00e9licite\u00a0<a href=\"https:\/\/rctoulon.com\/huw-jones-sengage-avec-le-rct-pour-les-deux-prochaines-saisons\/\" target=\"_blank\" rel=\"sponsored noopener\" data-gtm-custom-categorie=\"navigation\" data-gtm-custom-action=\"crossclick\" data-gtm-custom-label=\"Contextuel\" data-gtm-event=\"customEventSPE\">le club varois dans un communiqu\u00e9<\/a>.<\/p>\n<p class=\"fig-paragraph\">Et Laurent Emmanuelli, le directeur sportif du RCT, d\u2019ajouter\u00a0: \u00abL\u2019arriv\u00e9e de Huw Jones est le fruit d\u2019un travail de fond men\u00e9 depuis plusieurs mois. C\u2019est un joueur de classe internationale, un cadre de sa s\u00e9lection nationale, qui \u00e9volue depuis longtemps au plus haut niveau europ\u00e9en et mondial. Ses qualit\u00e9s rugbystiques, son exigence et son exp\u00e9rience seront des atouts pr\u00e9cieux pour le groupe. Il s\u2019inscrit parfaitement dans notre projet sportif, m\u00ealant performance imm\u00e9diate et accompagnement de nos jeunes joueurs.\u00bb<\/p>\n","protected":false},"excerpt":{"rendered":"Le club varois a officialis\u00e9 ce mardi la signature du centre du XV du Chardon qui \u00e9volue \u00e0&hellip;\n","protected":false},"author":2,"featured_media":661608,"comment_status":"","ping_status":"","sticky":false,"template":"","format":"standard","meta":{"footnotes":""},"categories":[9619],"tags":[1111,11,1777,674,1011,27,7188,12,882,3461,25,10405,2310],"class_list":{"0":"post-661607","1":"post","2":"type-post","3":"status-publish","4":"format-standard","5":"has-post-thumbnail","7":"category-toulon","8":"tag-actu","9":"tag-actualites","10":"tag-eu","11":"tag-europe","12":"tag-fr","13":"tag-france","14":"tag-glasgow","15":"tag-news","16":"tag-provence-alpes-cote-dazur","17":"tag-rct","18":"tag-republique-francaise","19":"tag-rugby-club-toulonnais","20":"tag-toulon"},"share_on_mastodon":{"url":"https:\/\/pubeurope.com\/@fr\/115890220138104747","error":""},"_links":{"self":[{"href":"https:\/\/www.europesays.com\/fr\/wp-json\/wp\/v2\/posts\/661607","targetHints":{"allow":["GET"]}}],"collection":[{"href":"https:\/\/www.europesays.com\/fr\/wp-json\/wp\/v2\/posts"}],"about":[{"href":"https:\/\/www.europesays.com\/fr\/wp-json\/wp\/v2\/types\/post"}],"author":[{"embeddable":true,"href":"https:\/\/www.europesays.com\/fr\/wp-json\/wp\/v2\/users\/2"}],"replies":[{"embeddable":true,"href":"https:\/\/www.europesays.com\/fr\/wp-json\/wp\/v2\/comments?post=661607"}],"version-history":[{"count":0,"href":"https:\/\/www.europesays.com\/fr\/wp-json\/wp\/v2\/posts\/661607\/revisions"}],"wp:featuredmedia":[{"embeddable":true,"href":"https:\/\/www.europesays.com\/fr\/wp-json\/wp\/v2\/media\/661608"}],"wp:attachment":[{"href":"https:\/\/www.europesays.com\/fr\/wp-json\/wp\/v2\/media?parent=661607"}],"wp:term":[{"taxonomy":"category","embeddable":true,"href":"https:\/\/www.europesays.com\/fr\/wp-json\/wp\/v2\/categories?post=661607"},{"taxonomy":"post_tag","embeddable":true,"href":"https:\/\/www.europesays.com\/fr\/wp-json\/wp\/v2\/tags?post=661607"}],"curies":[{"name":"wp","href":"https:\/\/api.w.org\/{rel}","templated":true}]}}