{"id":661609,"date":"2026-01-13T22:46:16","date_gmt":"2026-01-13T22:46:16","guid":{"rendered":"https:\/\/www.europesays.com\/fr\/661609\/"},"modified":"2026-01-13T22:46:16","modified_gmt":"2026-01-13T22:46:16","slug":"croissance-record-pour-la-metropole-de-montpellier","status":"publish","type":"post","link":"https:\/\/www.europesays.com\/fr\/661609\/","title":{"rendered":"Croissance record pour la M\u00e9tropole de Montpellier"},"content":{"rendered":"\n<p>Ce n\u2019est pas nouveau, mais la tendance s\u2019affirme et se confirme. Depuis 1968, la M\u00e9tropole de Montpellier ne cesse de cro\u00eetre, sous l\u2019effet combin\u00e9 de l\u2019attraction de sa ville-centre et du d\u00e9veloppement de ses communes p\u00e9riph\u00e9riques. En 2023, les 31\u00a0communes de l\u2019agglom\u00e9ration montpelli\u00e9raines comptaient ainsi 522\u00a0542\u00a0habitants, soit une croissance d\u00e9mographique de +1,6% par an entre\u00a02017 et\u00a02023, sup\u00e9rieure \u00e0 celle de l\u2019agglom\u00e9ration toulousaine<br \/>(+ 1,4% par an). \u00ab\u00a0Parmi les 15 plus grandes agglom\u00e9rations fran\u00e7aises, celles de Toulouse et de Montpellier ont les plus fortes croissances d\u00e9mographiques, devant celles de Bordeaux (+1,3% par an) et de Nantes (+1,1 % par an)\u00a0\u00bb, rel\u00e8ve l\u2019Insee.<\/p>\n<p>Si les naissances y sont plus nombreuses que les d\u00e9c\u00e8s, ce sont les migrations qui contribuent le plus \u00e0 la hausse de la population de l\u2019agglom\u00e9ration montpelli\u00e9raine, boost\u00e9e par le dynamisme d\u00e9mographique de sa ville-centre (+1,4% par an), encore plus fort qu\u2019en 2012-2017 (+1,2% par an). Au 1er\u00a0janvier 2023, 310\u00a0240\u00a0habitants r\u00e9sidaient ainsi dans la capitale h\u00e9raultaise, soit une hausse de + 8,8% en 6\u00a0ans.<\/p>\n<p> R\u00e9\u00e9quilibrage \u00e0 l\u2019ouest\n              <\/p>\n<p>Si elles \u00e9voluent \u00e0 des rythmes contrast\u00e9s, les 31\u00a0communes de la m\u00e9tropole contribuent elles aussi \u00e0 ce dynamisme. Castelnau-le-Lez conforte ainsi sa place de deuxi\u00e8me commune avec 26\u00a0058\u00a0habitants et une croissance effr\u00e9n\u00e9e de 27,2% entre 2017 et 2023, devant Lattes (17\u00a0351\u00a0habitants), qui progresse plus modestement (+4,7%). Le r\u00e9\u00e9quilibrage progressif \u00e0 l\u2019ouest de la m\u00e9tropole s\u2019illustre par des augmentations de populations sup\u00e9rieures \u00e0 20% \u00e0 Juvignac, qui franchit la barre des 14\u00a0000\u00a0habitants (+26,8%), Saint-Jean de V\u00e9das (+33,2%) avec plus de 13 000 habitants, ou encore Cournonterral (+20,4%, 7\u00a0359\u00a0habitants), Pignan (+20,1%, 8\u00a0431\u00a0habitants) et Saussan (+30,3% 2\u00a0069\u00a0habitants). Seule commune en l\u00e9ger recul, Le Cr\u00e8s a perdu une centaine d\u2019habitants entre 2017 et 2023 (9 226 habitants).<\/p>\n<p>De son c\u00f4t\u00e9, l\u2019agglom\u00e9ration de B\u00e9ziers M\u00e9diterran\u00e9e (17\u00a0communes) continue d\u2019attirer de nouveaux habitants, avec 133\u00a0128\u00a0habitants en 2023 contre 124\u00a0799 en 2017, soit une hausse de 6,67%. Avec une croissance annuelle de 0,9% entre 2017 et 2023, la ville centre, B\u00e9ziers, y confirme son lent redressement en passant la barre des 80\u00a0000\u00a0habitants (81\u00a0545), qui correspond peu ou prou \u00e0 sa population de 1968 (la ville \u00e9tait pass\u00e9e sous la barre des 70\u00a0000\u00a0habitants en 1999). Si l\u2019on exclut Cers et Corneilhan, dont les soldes sont n\u00e9gatifs, les autres communes de l\u2019agglom\u00e9ration enregistrent une croissance continue.<\/p>\n","protected":false},"excerpt":{"rendered":"Ce n\u2019est pas nouveau, mais la tendance s\u2019affirme et se confirme. Depuis 1968, la M\u00e9tropole de Montpellier ne&hellip;\n","protected":false},"author":2,"featured_media":661610,"comment_status":"","ping_status":"","sticky":false,"template":"","format":"standard","meta":{"footnotes":""},"categories":[9599],"tags":[1111,11,1777,674,1011,27,2208,12,2680,940,25],"class_list":{"0":"post-661609","1":"post","2":"type-post","3":"status-publish","4":"format-standard","5":"has-post-thumbnail","7":"category-montpellier","8":"tag-actu","9":"tag-actualites","10":"tag-eu","11":"tag-europe","12":"tag-fr","13":"tag-france","14":"tag-montpellier","15":"tag-news","16":"tag-occitanie","17":"tag-population","18":"tag-republique-francaise"},"share_on_mastodon":{"url":"https:\/\/pubeurope.com\/@fr\/115890224177661865","error":""},"_links":{"self":[{"href":"https:\/\/www.europesays.com\/fr\/wp-json\/wp\/v2\/posts\/661609","targetHints":{"allow":["GET"]}}],"collection":[{"href":"https:\/\/www.europesays.com\/fr\/wp-json\/wp\/v2\/posts"}],"about":[{"href":"https:\/\/www.europesays.com\/fr\/wp-json\/wp\/v2\/types\/post"}],"author":[{"embeddable":true,"href":"https:\/\/www.europesays.com\/fr\/wp-json\/wp\/v2\/users\/2"}],"replies":[{"embeddable":true,"href":"https:\/\/www.europesays.com\/fr\/wp-json\/wp\/v2\/comments?post=661609"}],"version-history":[{"count":0,"href":"https:\/\/www.europesays.com\/fr\/wp-json\/wp\/v2\/posts\/661609\/revisions"}],"wp:featuredmedia":[{"embeddable":true,"href":"https:\/\/www.europesays.com\/fr\/wp-json\/wp\/v2\/media\/661610"}],"wp:attachment":[{"href":"https:\/\/www.europesays.com\/fr\/wp-json\/wp\/v2\/media?parent=661609"}],"wp:term":[{"taxonomy":"category","embeddable":true,"href":"https:\/\/www.europesays.com\/fr\/wp-json\/wp\/v2\/categories?post=661609"},{"taxonomy":"post_tag","embeddable":true,"href":"https:\/\/www.europesays.com\/fr\/wp-json\/wp\/v2\/tags?post=661609"}],"curies":[{"name":"wp","href":"https:\/\/api.w.org\/{rel}","templated":true}]}}