{"id":661611,"date":"2026-01-13T22:47:13","date_gmt":"2026-01-13T22:47:13","guid":{"rendered":"https:\/\/www.europesays.com\/fr\/661611\/"},"modified":"2026-01-13T22:47:13","modified_gmt":"2026-01-13T22:47:13","slug":"tennis-atp-rotterdam-annonce-a-montpellier-arthur-fils-compte-enchainer-aux-pays-bas","status":"publish","type":"post","link":"https:\/\/www.europesays.com\/fr\/661611\/","title":{"rendered":"Tennis. ATP &#8211; Rotterdam &#8211; Annonc\u00e9 \u00e0 Montpellier, Arthur Fils compte enchainer aux Pays-Bas"},"content":{"rendered":"<p>On l&rsquo;attendait du c\u00f4t\u00e9 de <strong><a href=\"https:\/\/www.tennisactu.net\/..\/\" target=\"_blank\" rel=\"noopener\">l&rsquo;Australie <\/a><\/strong>pour faire son retour et lancer sa saison 2026, mais <strong><a href=\"https:\/\/www.tennisactu.net\/..\/news-open-d-australie-encore-un-coup-dur-pour-fils-pas-d-australie-cette-annee-120973.html\" target=\"_blank\" rel=\"noopener\">Arthur Fils <\/a><\/strong>avait annonc\u00e9 ne pas \u00eatre encore pr\u00eat et avait donc d\u00e9cid\u00e9, en concertation avec son \u00e9quipe, de faire l&rsquo;impasse sur le premier Grand Chelem de l&rsquo;ann\u00e9e. Avec ce nouveau retrait, le retour du Fran\u00e7ais est donc repouss\u00e9 \u00e0 <a href=\"https:\/\/www.tennisactu.net\/..\/news-atp-montpellier-fils-wawrinka-qui-jouera-a-l-open-occitanie-en-fevrier-121103.html\" target=\"_blank\" rel=\"noopener\">l&rsquo;<strong>ATP 250 de Montpellier<\/strong><\/a>, qui aura lieu du 2 au 8 f\u00e9vrier prochain. On en sait d\u00e9sormais un peu plus sur le calendrier du Francilien puisqu&rsquo;on devrait le retrouver du c\u00f4t\u00e9 de Rotterdam la semaine suivante, cette fois pour un <strong>ATP 500.<\/strong> Trois autres Fran\u00e7ais, <strong>Ugo Humbert<\/strong>, <strong>Valentin Royer <\/strong>et <strong>Arthur Rinderknech <\/strong>sont \u00e9galement pr\u00e9sents parmi les inscrits pour le tournoi.\u00a0<\/p>\n<p>Vid\u00e9o &#8211; Fin 2025, Arthur Fils \u00e9tait de retour \u00e0 l&rsquo;entrainement Lire la suite de l&rsquo;article&#13;<\/p>\n<p>\u00a0<\/p>\n<p>&#13;<br \/>\n<a href=\"https:\/\/www.dartsrankings.com\/tennis\/rotterdam\" target=\"_blank\" rel=\"noopener\">Retrouvez l&rsquo;entry list de l&rsquo;ATP 500 de Rotterdam ICI<\/a>&#13;<\/p>\n<p>\u00a0<\/p>\n<p>&#13;<br \/>\nQuatre top 10 \u00e9galement attendus&#13;<\/p>\n<p>Le tournoi n\u00e9erlandais pourrait pr\u00e9senter un joli plateau puisque pas moins de quatre membres du top 10 font \u00e9galement partie des inscrits. Ainsi <strong>Carlos Alcaraz, Alexander Zverev, Alex de Minaur et F\u00e9lix Auger-Aliassime<\/strong> devraient \u00eatre pr\u00e9sents eux aussi. <strong>Jack Draper<\/strong> et <strong>Daniil Medvedev,<\/strong> aux portes de ce top 10, figurent \u00e9galement dans cette liste.\u00a0<\/p>\n","protected":false},"excerpt":{"rendered":"On l&rsquo;attendait du c\u00f4t\u00e9 de l&rsquo;Australie pour faire son retour et lancer sa saison 2026, mais Arthur Fils&hellip;\n","protected":false},"author":2,"featured_media":661612,"comment_status":"","ping_status":"","sticky":false,"template":"","format":"standard","meta":{"footnotes":""},"categories":[9599],"tags":[1111,47,11,4169,76286,1777,674,1011,27,955,2208,12,2680,25,1467,4170],"class_list":{"0":"post-661611","1":"post","2":"type-post","3":"status-publish","4":"format-standard","5":"has-post-thumbnail","7":"category-montpellier","8":"tag-actu","9":"tag-actualite","10":"tag-actualites","11":"tag-atp","12":"tag-atp-rotterdam","13":"tag-eu","14":"tag-europe","15":"tag-fr","16":"tag-france","17":"tag-match","18":"tag-montpellier","19":"tag-news","20":"tag-occitanie","21":"tag-republique-francaise","22":"tag-tennis","23":"tag-wta"},"share_on_mastodon":{"url":"https:\/\/pubeurope.com\/@fr\/115890227912704076","error":""},"_links":{"self":[{"href":"https:\/\/www.europesays.com\/fr\/wp-json\/wp\/v2\/posts\/661611","targetHints":{"allow":["GET"]}}],"collection":[{"href":"https:\/\/www.europesays.com\/fr\/wp-json\/wp\/v2\/posts"}],"about":[{"href":"https:\/\/www.europesays.com\/fr\/wp-json\/wp\/v2\/types\/post"}],"author":[{"embeddable":true,"href":"https:\/\/www.europesays.com\/fr\/wp-json\/wp\/v2\/users\/2"}],"replies":[{"embeddable":true,"href":"https:\/\/www.europesays.com\/fr\/wp-json\/wp\/v2\/comments?post=661611"}],"version-history":[{"count":0,"href":"https:\/\/www.europesays.com\/fr\/wp-json\/wp\/v2\/posts\/661611\/revisions"}],"wp:featuredmedia":[{"embeddable":true,"href":"https:\/\/www.europesays.com\/fr\/wp-json\/wp\/v2\/media\/661612"}],"wp:attachment":[{"href":"https:\/\/www.europesays.com\/fr\/wp-json\/wp\/v2\/media?parent=661611"}],"wp:term":[{"taxonomy":"category","embeddable":true,"href":"https:\/\/www.europesays.com\/fr\/wp-json\/wp\/v2\/categories?post=661611"},{"taxonomy":"post_tag","embeddable":true,"href":"https:\/\/www.europesays.com\/fr\/wp-json\/wp\/v2\/tags?post=661611"}],"curies":[{"name":"wp","href":"https:\/\/api.w.org\/{rel}","templated":true}]}}