{"id":661621,"date":"2026-01-13T22:54:19","date_gmt":"2026-01-13T22:54:19","guid":{"rendered":"https:\/\/www.europesays.com\/fr\/661621\/"},"modified":"2026-01-13T22:54:19","modified_gmt":"2026-01-13T22:54:19","slug":"strasbourg-une-soixantaine-dexposants-au-marche-des-createurs-de-neudorf","status":"publish","type":"post","link":"https:\/\/www.europesays.com\/fr\/661621\/","title":{"rendered":"Strasbourg. Une soixantaine d\u2019exposants au march\u00e9 des cr\u00e9ateurs de Neudorf"},"content":{"rendered":"<p>L\u2019association artistique Touch-arts soutient depuis 2010 les artistes, artisans et cr\u00e9ateurs, adeptes du \u201cfait main\u201d, a rappel\u00e9 le pr\u00e9sident et photographe Djeb. Une soixantaine d\u2019exposants ont pr\u00e9sent\u00e9 leurs cr\u00e9ations originales et uniques\u00a0: objets, bijoux, sacs, accessoires, couture, tricot, mobilier, coutellerie, cosm\u00e9tiques, luminaires\u2026<\/p>\n<p>De quoi offrir un petit&#8230;<\/p>\n","protected":false},"excerpt":{"rendered":"L\u2019association artistique Touch-arts soutient depuis 2010 les artistes, artisans et cr\u00e9ateurs, adeptes du \u201cfait main\u201d, a rappel\u00e9 le&hellip;\n","protected":false},"author":2,"featured_media":661622,"comment_status":"","ping_status":"","sticky":false,"template":"","format":"standard","meta":{"footnotes":""},"categories":[2820],"tags":[1111,11,1687,2880,1777,674,1011,27,775,12,25,640,2879],"class_list":{"0":"post-661621","1":"post","2":"type-post","3":"status-publish","4":"format-standard","5":"has-post-thumbnail","7":"category-strasbourg","8":"tag-actu","9":"tag-actualites","10":"tag-culture-loisirs","11":"tag-edition-strasbourg","12":"tag-eu","13":"tag-europe","14":"tag-fr","15":"tag-france","16":"tag-grand-est","17":"tag-news","18":"tag-republique-francaise","19":"tag-strasbourg","20":"tag-strasbourg-ville"},"share_on_mastodon":{"url":"https:\/\/pubeurope.com\/@fr\/115890255499822829","error":""},"_links":{"self":[{"href":"https:\/\/www.europesays.com\/fr\/wp-json\/wp\/v2\/posts\/661621","targetHints":{"allow":["GET"]}}],"collection":[{"href":"https:\/\/www.europesays.com\/fr\/wp-json\/wp\/v2\/posts"}],"about":[{"href":"https:\/\/www.europesays.com\/fr\/wp-json\/wp\/v2\/types\/post"}],"author":[{"embeddable":true,"href":"https:\/\/www.europesays.com\/fr\/wp-json\/wp\/v2\/users\/2"}],"replies":[{"embeddable":true,"href":"https:\/\/www.europesays.com\/fr\/wp-json\/wp\/v2\/comments?post=661621"}],"version-history":[{"count":0,"href":"https:\/\/www.europesays.com\/fr\/wp-json\/wp\/v2\/posts\/661621\/revisions"}],"wp:featuredmedia":[{"embeddable":true,"href":"https:\/\/www.europesays.com\/fr\/wp-json\/wp\/v2\/media\/661622"}],"wp:attachment":[{"href":"https:\/\/www.europesays.com\/fr\/wp-json\/wp\/v2\/media?parent=661621"}],"wp:term":[{"taxonomy":"category","embeddable":true,"href":"https:\/\/www.europesays.com\/fr\/wp-json\/wp\/v2\/categories?post=661621"},{"taxonomy":"post_tag","embeddable":true,"href":"https:\/\/www.europesays.com\/fr\/wp-json\/wp\/v2\/tags?post=661621"}],"curies":[{"name":"wp","href":"https:\/\/api.w.org\/{rel}","templated":true}]}}