{"id":661623,"date":"2026-01-13T22:55:11","date_gmt":"2026-01-13T22:55:11","guid":{"rendered":"https:\/\/www.europesays.com\/fr\/661623\/"},"modified":"2026-01-13T22:55:11","modified_gmt":"2026-01-13T22:55:11","slug":"elite-a-paris-la-sig-strasbourg-rattrapee-par-la-fatigue-et-un-excellent-nadir-hifi","status":"publish","type":"post","link":"https:\/\/www.europesays.com\/fr\/661623\/","title":{"rendered":"\u00c9lite. A Paris, la SIG Strasbourg rattrap\u00e9e par la fatigue&#8230; et un excellent Nadir Hifi"},"content":{"rendered":"<p>Cela fait quelques ann\u00e9es, d\u00e9j\u00e0, que Nadir Hifi prend un malin plaisir \u00e0 tourmenter la SIG, qui n\u2019a pas suffisamment cru en lui avant qu\u2019il n\u2019explose au Portel. Pas plus tard que la saison pass\u00e9e, le dragster illkirchois a encore mis au supplice le club alsacien, gifl\u00e9 sans m\u00e9nagement lors de sa derni\u00e8re visite \u00e0 l\u2019Adidas Arena (106-74 le 17\u00a0novembre\u00a02024).<\/p>\n<p>\u00ab\u00a0L\u2019un des meilleurs, si ce n\u2019est le meilleur joueur de notre championnat\u00a0\u00bb<\/p>\n<p>Ce soir-l\u00e0, il avait plant\u00e9 29 points en 22\u201934, avec un joli 6 sur 10 \u00e0 longue distance, et Jean-Baptiste Maille en \u00e9tait donc r\u00e9duit \u00e0 prier, lundi, pour que le shooteur fr\u00e9n\u00e9tique du Paris Basketball ne fasse pas un nouveau carnage face \u00e0 son \u00e9quipe.<\/p>\n<p>\u00ab\u00a0Je sais qu\u2019il aime bien affronter Strasbourg, donc s\u2019il pouvait \u00eatre un peu maladroit cette fois-ci, \u00e7a nous arrangerait\u00a0\u00bb,&#8230;<\/p>\n","protected":false},"excerpt":{"rendered":"Cela fait quelques ann\u00e9es, d\u00e9j\u00e0, que Nadir Hifi prend un malin plaisir \u00e0 tourmenter la SIG, qui n\u2019a&hellip;\n","protected":false},"author":2,"featured_media":661624,"comment_status":"","ping_status":"","sticky":false,"template":"","format":"standard","meta":{"footnotes":""},"categories":[2820],"tags":[328,1111,11,1791,2880,1777,674,107,1011,27,775,12,25,3543,517,640,2879],"class_list":{"0":"post-661623","1":"post","2":"type-post","3":"status-publish","4":"format-standard","5":"has-post-thumbnail","7":"category-strasbourg","8":"tag-a-la-une","9":"tag-actu","10":"tag-actualites","11":"tag-basket-ball","12":"tag-edition-strasbourg","13":"tag-eu","14":"tag-europe","15":"tag-fil-info","16":"tag-fr","17":"tag-france","18":"tag-grand-est","19":"tag-news","20":"tag-republique-francaise","21":"tag-sig-strasbourg","22":"tag-sport","23":"tag-strasbourg","24":"tag-strasbourg-ville"},"share_on_mastodon":{"url":"https:\/\/pubeurope.com\/@fr\/115890259469825460","error":""},"_links":{"self":[{"href":"https:\/\/www.europesays.com\/fr\/wp-json\/wp\/v2\/posts\/661623","targetHints":{"allow":["GET"]}}],"collection":[{"href":"https:\/\/www.europesays.com\/fr\/wp-json\/wp\/v2\/posts"}],"about":[{"href":"https:\/\/www.europesays.com\/fr\/wp-json\/wp\/v2\/types\/post"}],"author":[{"embeddable":true,"href":"https:\/\/www.europesays.com\/fr\/wp-json\/wp\/v2\/users\/2"}],"replies":[{"embeddable":true,"href":"https:\/\/www.europesays.com\/fr\/wp-json\/wp\/v2\/comments?post=661623"}],"version-history":[{"count":0,"href":"https:\/\/www.europesays.com\/fr\/wp-json\/wp\/v2\/posts\/661623\/revisions"}],"wp:featuredmedia":[{"embeddable":true,"href":"https:\/\/www.europesays.com\/fr\/wp-json\/wp\/v2\/media\/661624"}],"wp:attachment":[{"href":"https:\/\/www.europesays.com\/fr\/wp-json\/wp\/v2\/media?parent=661623"}],"wp:term":[{"taxonomy":"category","embeddable":true,"href":"https:\/\/www.europesays.com\/fr\/wp-json\/wp\/v2\/categories?post=661623"},{"taxonomy":"post_tag","embeddable":true,"href":"https:\/\/www.europesays.com\/fr\/wp-json\/wp\/v2\/tags?post=661623"}],"curies":[{"name":"wp","href":"https:\/\/api.w.org\/{rel}","templated":true}]}}