{"id":661625,"date":"2026-01-13T22:56:11","date_gmt":"2026-01-13T22:56:11","guid":{"rendered":"https:\/\/www.europesays.com\/fr\/661625\/"},"modified":"2026-01-13T22:56:11","modified_gmt":"2026-01-13T22:56:11","slug":"qui-a-vu-nicole-rucker-84-ans-disparue-depuis-le-2-janvier-a-nice","status":"publish","type":"post","link":"https:\/\/www.europesays.com\/fr\/661625\/","title":{"rendered":"Qui a vu Nicole R\u00fccker, 84 ans, disparue depuis le 2 janvier \u00e0 Nice ?"},"content":{"rendered":"<p class=\"fs-5 \">Depuis le<strong> 2 janvier<\/strong>, un avis de recherche pour retrouver <strong>Nicole R\u00fccker, 84 ans<\/strong>, en cours de diagnostic Alzheimer, a \u00e9t\u00e9 lanc\u00e9 par sa famille. Elle pourrait \u00eatre en situation d\u2019errance. L\u2019octog\u00e9naire est de sant\u00e9 fragile.<\/p>\n<p class=\"fs-5 \">Un t\u00e9moin indique l\u2019avoir crois\u00e9e demandant la direction de l\u2019<strong>Institut Karmapa<\/strong> de <strong>Valderoure<\/strong>. Le site est h\u00e9las ferm\u00e9, la gendarmerie l\u2019a v\u00e9rifi\u00e9 ce<strong> mardi matin <\/strong>sur place. \u00ab\u00a0Si vous pensez l\u2019avoir vue, ou si vous disposez de la moindre information, merci de contacter imm\u00e9diatement le <strong>17<\/strong>\u00a0\u00bb, indique l\u2019avis de recherche. Elle pourrait \u00eatre n\u2019importe o\u00f9 dans les <strong>Alpes-Maritimes<\/strong>.<\/p>\n<p>                                                                                Des pr\u00e9l\u00e8vements effectu\u00e9s au domicile<\/p>\n<p class=\"fs-5 \">\u00ab\u00a0J\u2019ai re\u00e7u ce matin dans sa bo\u00eete aux lettres un avis de mise en fourri\u00e8re pour sa voiture. Son v\u00e9hicule se trouve \u00e0 Nice, mais peut-\u00eatre \u00e9tait-il d\u00e9j\u00e0 en fourri\u00e8re avant sa disparition\u00a0\u00bb, explique sa fille, <strong>Laurence Turreau<\/strong>. L\u2019octog\u00e9naire ne se d\u00e9placerait donc pas avec son v\u00e9hicule. Le badge <strong>Ulys<\/strong> de sa voiture a pourtant continu\u00e9 \u00e0 badger de mani\u00e8re incoh\u00e9rente depuis. A-t-il \u00e9t\u00e9 vol\u00e9\u00a0? La famille est en plein brouillard et ne sait plus o\u00f9 chercher.<\/p>\n<p class=\"fs-5 \">L\u2019octog\u00e9naire a disparu de son domicile, <strong>boulevard Gambetta<\/strong> \u00e0 <strong>Nice<\/strong>. \u00ab\u00a0La derni\u00e8re fois que je l\u2019ai vue, elle avait une <strong>veste rouge<\/strong> et un <strong>pantalon clair<\/strong>. Mais elle a pu se changer\u00a0\u00bb, pr\u00e9cise sa fille. La <strong>police judiciaire<\/strong> s\u2019est d\u00e9plac\u00e9e ce mardi matin \u00e0 son domicile pour effectuer des pr\u00e9l\u00e8vements afin de faire avancer les investigations.<\/p>\n","protected":false},"excerpt":{"rendered":"Depuis le 2 janvier, un avis de recherche pour retrouver Nicole R\u00fccker, 84 ans, en cours de diagnostic&hellip;\n","protected":false},"author":2,"featured_media":661626,"comment_status":"","ping_status":"","sticky":false,"template":"","format":"standard","meta":{"footnotes":""},"categories":[2819],"tags":[1111,11,1777,674,1011,27,12,2401,882,25],"class_list":{"0":"post-661625","1":"post","2":"type-post","3":"status-publish","4":"format-standard","5":"has-post-thumbnail","7":"category-nice","8":"tag-actu","9":"tag-actualites","10":"tag-eu","11":"tag-europe","12":"tag-fr","13":"tag-france","14":"tag-news","15":"tag-nice","16":"tag-provence-alpes-cote-dazur","17":"tag-republique-francaise"},"share_on_mastodon":{"url":"https:\/\/pubeurope.com\/@fr\/115890263522373248","error":""},"_links":{"self":[{"href":"https:\/\/www.europesays.com\/fr\/wp-json\/wp\/v2\/posts\/661625","targetHints":{"allow":["GET"]}}],"collection":[{"href":"https:\/\/www.europesays.com\/fr\/wp-json\/wp\/v2\/posts"}],"about":[{"href":"https:\/\/www.europesays.com\/fr\/wp-json\/wp\/v2\/types\/post"}],"author":[{"embeddable":true,"href":"https:\/\/www.europesays.com\/fr\/wp-json\/wp\/v2\/users\/2"}],"replies":[{"embeddable":true,"href":"https:\/\/www.europesays.com\/fr\/wp-json\/wp\/v2\/comments?post=661625"}],"version-history":[{"count":0,"href":"https:\/\/www.europesays.com\/fr\/wp-json\/wp\/v2\/posts\/661625\/revisions"}],"wp:featuredmedia":[{"embeddable":true,"href":"https:\/\/www.europesays.com\/fr\/wp-json\/wp\/v2\/media\/661626"}],"wp:attachment":[{"href":"https:\/\/www.europesays.com\/fr\/wp-json\/wp\/v2\/media?parent=661625"}],"wp:term":[{"taxonomy":"category","embeddable":true,"href":"https:\/\/www.europesays.com\/fr\/wp-json\/wp\/v2\/categories?post=661625"},{"taxonomy":"post_tag","embeddable":true,"href":"https:\/\/www.europesays.com\/fr\/wp-json\/wp\/v2\/tags?post=661625"}],"curies":[{"name":"wp","href":"https:\/\/api.w.org\/{rel}","templated":true}]}}