{"id":661627,"date":"2026-01-13T22:57:17","date_gmt":"2026-01-13T22:57:17","guid":{"rendered":"https:\/\/www.europesays.com\/fr\/661627\/"},"modified":"2026-01-13T22:57:17","modified_gmt":"2026-01-13T22:57:17","slug":"laeroport-nice-cote-dazur-depasse-les-15-millions-de-passagers-en-2025","status":"publish","type":"post","link":"https:\/\/www.europesays.com\/fr\/661627\/","title":{"rendered":"L\u2019a\u00e9roport Nice C\u00f4te d\u2019Azur d\u00e9passe les 15\u00a0millions de passagers en 2025"},"content":{"rendered":"<p melodystyle=\"texte\">Nouveau trafic record pour les A\u00e9roports de la C\u00f4te d\u2019Azur qui ont accueilli 15,23 millions de passagers commerciaux en 2025, <a href=\"https:\/\/www.lejournaldesentreprises.com\/breve\/laeroport-nice-cote-dazur-affiche-un-nouveau-record-en-2024-2111524\" target=\"_blank\" data-entity-type=\"node\" data-entity-substitution=\"canonical\" data-entity-uuid=\"6e9b6a44-82a6-4cf0-ad98-97b519cb01df\" data-entity-id=\"2111524\" data-entity-bundle=\"breve\" data-internal-href=\"http:\/\/www.lejournaldesentreprises.com\/node\/2111524\" rel=\"noopener\">soit 3,2 % de plus que l\u2019ann\u00e9e pr\u00e9c\u00e9dente<\/a>. L\u2019attractivit\u00e9 du territoire et de l\u2019infrastructure est port\u00e9e par le trafic international qui a augment\u00e9 de 4,7 % en un an, alors que le trafic int\u00e9rieur a enregistr\u00e9 un l\u00e9ger recul de 0,3 %. Avec l\u2019ouverture de lignes vers Washington en \u00e9t\u00e9 ou Dakar en hiver, le trafic passagers r\u00e9gulier sur les long-courriers a progress\u00e9 de + 5,8 % en 2025. Le chantier d\u2019extension du terminal 2 se poursuit. Apr\u00e8s la livraison d\u2019une premi\u00e8re tranche au printemps 2025, <a href=\"https:\/\/www.lejournaldesentreprises.com\/article\/en-2026-lextension-de-laeroport-de-nice-sera-achevee-pour-accueillir-18-millions-de-passagers-2128522\" target=\"_blank\" data-entity-type=\"node\" data-entity-substitution=\"canonical\" data-entity-uuid=\"2564181e-c0d1-4c12-9ac0-ffd067deadb0\" data-entity-id=\"2128522\" data-entity-bundle=\"article\" data-internal-href=\"http:\/\/www.lejournaldesentreprises.com\/node\/2128522\" rel=\"noopener\">la darse, ses 6 salles d\u2019embarquement, la nouvelle salle d\u2019enregistrement entreront \u00e0 leur tour en service d\u2019ici la haute saison 2026.<\/a><\/p>\n","protected":false},"excerpt":{"rendered":"Nouveau trafic record pour les A\u00e9roports de la C\u00f4te d\u2019Azur qui ont accueilli 15,23 millions de passagers commerciaux&hellip;\n","protected":false},"author":2,"featured_media":661628,"comment_status":"","ping_status":"","sticky":false,"template":"","format":"standard","meta":{"footnotes":""},"categories":[2819],"tags":[1111,11,1777,674,1011,27,12,2401,882,25],"class_list":{"0":"post-661627","1":"post","2":"type-post","3":"status-publish","4":"format-standard","5":"has-post-thumbnail","7":"category-nice","8":"tag-actu","9":"tag-actualites","10":"tag-eu","11":"tag-europe","12":"tag-fr","13":"tag-france","14":"tag-news","15":"tag-nice","16":"tag-provence-alpes-cote-dazur","17":"tag-republique-francaise"},"share_on_mastodon":{"url":"https:\/\/pubeurope.com\/@fr\/115890267324990043","error":""},"_links":{"self":[{"href":"https:\/\/www.europesays.com\/fr\/wp-json\/wp\/v2\/posts\/661627","targetHints":{"allow":["GET"]}}],"collection":[{"href":"https:\/\/www.europesays.com\/fr\/wp-json\/wp\/v2\/posts"}],"about":[{"href":"https:\/\/www.europesays.com\/fr\/wp-json\/wp\/v2\/types\/post"}],"author":[{"embeddable":true,"href":"https:\/\/www.europesays.com\/fr\/wp-json\/wp\/v2\/users\/2"}],"replies":[{"embeddable":true,"href":"https:\/\/www.europesays.com\/fr\/wp-json\/wp\/v2\/comments?post=661627"}],"version-history":[{"count":0,"href":"https:\/\/www.europesays.com\/fr\/wp-json\/wp\/v2\/posts\/661627\/revisions"}],"wp:featuredmedia":[{"embeddable":true,"href":"https:\/\/www.europesays.com\/fr\/wp-json\/wp\/v2\/media\/661628"}],"wp:attachment":[{"href":"https:\/\/www.europesays.com\/fr\/wp-json\/wp\/v2\/media?parent=661627"}],"wp:term":[{"taxonomy":"category","embeddable":true,"href":"https:\/\/www.europesays.com\/fr\/wp-json\/wp\/v2\/categories?post=661627"},{"taxonomy":"post_tag","embeddable":true,"href":"https:\/\/www.europesays.com\/fr\/wp-json\/wp\/v2\/tags?post=661627"}],"curies":[{"name":"wp","href":"https:\/\/api.w.org\/{rel}","templated":true}]}}