{"id":661629,"date":"2026-01-13T22:58:19","date_gmt":"2026-01-13T22:58:19","guid":{"rendered":"https:\/\/www.europesays.com\/fr\/661629\/"},"modified":"2026-01-13T22:58:19","modified_gmt":"2026-01-13T22:58:19","slug":"un-stand-itinerant-dun-genre-nouveau","status":"publish","type":"post","link":"https:\/\/www.europesays.com\/fr\/661629\/","title":{"rendered":"Un stand itin\u00e9rant d&rsquo;un genre nouveau"},"content":{"rendered":"<p>                            <strong>En vue des \u00e9lections municipales la ville de Nantes propose un stand itin\u00e9rant pour r\u00e9aliser ses d\u00e9marches \u00e9lectorales.<\/strong><\/p>\n<p>Depuis le 12 janvier et jusqu\u2019au 6 f\u00e9vrier, la Ville de <strong><a href=\"https:\/\/hellogazettenantes.fr\/sante-nantes-participe-pour-la-premiere-fois-aux-nuits-de-la-psychiatrie\/\" target=\"_blank\" rel=\"noopener\">Nantes<\/a><\/strong> renouvelle pour une seconde fois, son dispositif \u00e9lectoral itin\u00e9rant. Inaugur\u00e9 la premi\u00e8re fois en 2024 pour les \u00e9lections europ\u00e9ennes, l\u2019objectif de la ville est \u201cd\u2019\u00eatre davantage pr\u00e9sente, dans des lieux fixes et identifi\u00e9s au sein de chaque quartier\u201d souligne t-elle par voie de communiqu\u00e9 de presse.<\/p>\n<p>Concr\u00e8tement, il sera possible de v\u00e9rifier son inscription sur les listes \u00e9lectorales, et le cas \u00e9ch\u00e9ant d\u2019entamer les d\u00e9marches d\u2019inscription, de se renseigner sur son lieu et bureau de vente, ou encore de se porter volontaire b\u00e9n\u00e9vole afin de tenir un bureau de vote. Le stand itin\u00e9rant sera pr\u00e9sent dans diff\u00e9rents lieux de la ville comme le samedi 17 janvier \u00e0 la m\u00e9diath\u00e8que Jacques Demy, ou encore les 5 et 6 f\u00e9vrier \u00e0 l\u2019Espace Mobilit\u00e9 Naolib situ\u00e9 \u00e0 Commerce. Le calendrier complet est consultable sur le site internet de M\u00e9tropole Nantes.            <\/p>\n<p><img decoding=\"async\" alt=\"Advertisement\" src=\"data:image\/svg+xml,%3Csvg%20xmlns=\" http:=\"\" data-lazy-src=\"https:\/\/www.europesays.com\/fr\/wp-content\/uploads\/2025\/04\/Application-mobile-hello-gazette-nantes.gif\"\/><\/p>\n","protected":false},"excerpt":{"rendered":"En vue des \u00e9lections municipales la ville de Nantes propose un stand itin\u00e9rant pour r\u00e9aliser ses d\u00e9marches \u00e9lectorales.&hellip;\n","protected":false},"author":2,"featured_media":661630,"comment_status":"","ping_status":"","sticky":false,"template":"","format":"standard","meta":{"footnotes":""},"categories":[2818],"tags":[1111,11,1777,674,1011,27,766,12,2636,25],"class_list":{"0":"post-661629","1":"post","2":"type-post","3":"status-publish","4":"format-standard","5":"has-post-thumbnail","7":"category-nantes","8":"tag-actu","9":"tag-actualites","10":"tag-eu","11":"tag-europe","12":"tag-fr","13":"tag-france","14":"tag-nantes","15":"tag-news","16":"tag-pays-de-la-loire","17":"tag-republique-francaise"},"share_on_mastodon":{"url":"https:\/\/pubeurope.com\/@fr\/115890271286303073","error":""},"_links":{"self":[{"href":"https:\/\/www.europesays.com\/fr\/wp-json\/wp\/v2\/posts\/661629","targetHints":{"allow":["GET"]}}],"collection":[{"href":"https:\/\/www.europesays.com\/fr\/wp-json\/wp\/v2\/posts"}],"about":[{"href":"https:\/\/www.europesays.com\/fr\/wp-json\/wp\/v2\/types\/post"}],"author":[{"embeddable":true,"href":"https:\/\/www.europesays.com\/fr\/wp-json\/wp\/v2\/users\/2"}],"replies":[{"embeddable":true,"href":"https:\/\/www.europesays.com\/fr\/wp-json\/wp\/v2\/comments?post=661629"}],"version-history":[{"count":0,"href":"https:\/\/www.europesays.com\/fr\/wp-json\/wp\/v2\/posts\/661629\/revisions"}],"wp:featuredmedia":[{"embeddable":true,"href":"https:\/\/www.europesays.com\/fr\/wp-json\/wp\/v2\/media\/661630"}],"wp:attachment":[{"href":"https:\/\/www.europesays.com\/fr\/wp-json\/wp\/v2\/media?parent=661629"}],"wp:term":[{"taxonomy":"category","embeddable":true,"href":"https:\/\/www.europesays.com\/fr\/wp-json\/wp\/v2\/categories?post=661629"},{"taxonomy":"post_tag","embeddable":true,"href":"https:\/\/www.europesays.com\/fr\/wp-json\/wp\/v2\/tags?post=661629"}],"curies":[{"name":"wp","href":"https:\/\/api.w.org\/{rel}","templated":true}]}}