{"id":661631,"date":"2026-01-13T22:59:11","date_gmt":"2026-01-13T22:59:11","guid":{"rendered":"https:\/\/www.europesays.com\/fr\/661631\/"},"modified":"2026-01-13T22:59:11","modified_gmt":"2026-01-13T22:59:11","slug":"nantes-en-stage-en-espagne-sports","status":"publish","type":"post","link":"https:\/\/www.europesays.com\/fr\/661631\/","title":{"rendered":"Nantes en stage en Espagne : Sports"},"content":{"rendered":"<p class=\"date\">\n                                                            Juba Touabi, Media365, publi\u00e9 le mardi 13 janvier 2026 \u00e0 23h20\n                                                    <\/p>\n<p>Profitant de la tr\u00eave hivernale, le FC Nantes va entamer un stage \u00e0 Benalup-Casas Viejas, pr\u00e8s de Cadix.<\/p>\n<p>La direction du club a d\u00e9cid\u00e9 d&rsquo;organiser un stage de plusieurs jours en Espagne, \u00e0 en croire les informations de Ouest-France, pour pr\u00e9parer les prochaines \u00e9ch\u00e9ances. L&rsquo;objectif est clair pour les Canaris, il faudra retrouver une bonne forme avant la reprise du championnat et tenter de relancer une dynamique fragile. Les hommes d&rsquo;Ahmed Kantari occupent la 16e place de Ligue 1 \u00e0 mi-saison. Et c&rsquo;est dans une logique de relance que la formation nantaise compte faire ce voyage en Andalousie.<\/p>\n<p>Des changements \u00e0 pr\u00e9voir \u00e0 Nantes<\/p>\n<p>Sur le march\u00e9 des transferts, le club a d\u00e9j\u00e0 enregistr\u00e9 trois renforts : Deiver Machado, R\u00e9my Cabella (pr\u00eat) et Ibrahima Sissoko. D&rsquo;autres arriv\u00e9es sont esp\u00e9r\u00e9es avant la cl\u00f4ture du march\u00e9 des transferts, notamment au milieu et en d\u00e9fense. C\u00f4t\u00e9 d\u00e9parts, Yassine Benhattab a \u00e9t\u00e9 pr\u00eat\u00e9 \u00e0 Reims. La situation de Hong Hyun-seok reste incertaine, une r\u00e9siliation de pr\u00eat \u00e9tant \u00e0 l&rsquo;\u00e9tude. Une piste offensive menant \u00e0 Zakaria Aboukhlal a \u00e9t\u00e9 \u00e9voqu\u00e9e sans avanc\u00e9e concr\u00e8te. Le mois de janvier s&rsquo;annonce d\u00e9cisif pour les Nantais.<\/p>\n","protected":false},"excerpt":{"rendered":"Juba Touabi, Media365, publi\u00e9 le mardi 13 janvier 2026 \u00e0 23h20 Profitant de la tr\u00eave hivernale, le FC&hellip;\n","protected":false},"author":2,"featured_media":661632,"comment_status":"","ping_status":"","sticky":false,"template":"","format":"standard","meta":{"footnotes":""},"categories":[2818],"tags":[1111,11,1777,674,1011,27,766,12,2636,25],"class_list":{"0":"post-661631","1":"post","2":"type-post","3":"status-publish","4":"format-standard","5":"has-post-thumbnail","7":"category-nantes","8":"tag-actu","9":"tag-actualites","10":"tag-eu","11":"tag-europe","12":"tag-fr","13":"tag-france","14":"tag-nantes","15":"tag-news","16":"tag-pays-de-la-loire","17":"tag-republique-francaise"},"share_on_mastodon":{"url":"https:\/\/pubeurope.com\/@fr\/115890275188259981","error":""},"_links":{"self":[{"href":"https:\/\/www.europesays.com\/fr\/wp-json\/wp\/v2\/posts\/661631","targetHints":{"allow":["GET"]}}],"collection":[{"href":"https:\/\/www.europesays.com\/fr\/wp-json\/wp\/v2\/posts"}],"about":[{"href":"https:\/\/www.europesays.com\/fr\/wp-json\/wp\/v2\/types\/post"}],"author":[{"embeddable":true,"href":"https:\/\/www.europesays.com\/fr\/wp-json\/wp\/v2\/users\/2"}],"replies":[{"embeddable":true,"href":"https:\/\/www.europesays.com\/fr\/wp-json\/wp\/v2\/comments?post=661631"}],"version-history":[{"count":0,"href":"https:\/\/www.europesays.com\/fr\/wp-json\/wp\/v2\/posts\/661631\/revisions"}],"wp:featuredmedia":[{"embeddable":true,"href":"https:\/\/www.europesays.com\/fr\/wp-json\/wp\/v2\/media\/661632"}],"wp:attachment":[{"href":"https:\/\/www.europesays.com\/fr\/wp-json\/wp\/v2\/media?parent=661631"}],"wp:term":[{"taxonomy":"category","embeddable":true,"href":"https:\/\/www.europesays.com\/fr\/wp-json\/wp\/v2\/categories?post=661631"},{"taxonomy":"post_tag","embeddable":true,"href":"https:\/\/www.europesays.com\/fr\/wp-json\/wp\/v2\/tags?post=661631"}],"curies":[{"name":"wp","href":"https:\/\/api.w.org\/{rel}","templated":true}]}}