{"id":661633,"date":"2026-01-13T23:00:12","date_gmt":"2026-01-13T23:00:12","guid":{"rendered":"https:\/\/www.europesays.com\/fr\/661633\/"},"modified":"2026-01-13T23:00:12","modified_gmt":"2026-01-13T23:00:12","slug":"quelle-gouvernance-du-projet-pour-la-metropole","status":"publish","type":"post","link":"https:\/\/www.europesays.com\/fr\/661633\/","title":{"rendered":"quelle \u00ab\u00a0gouvernance\u00a0\u00bb du projet pour la M\u00e9tropole\u00a0?"},"content":{"rendered":"<p>D\u2019ici les premi\u00e8res acquisitions fonci\u00e8res pr\u00e9vues en juin, \u00ab\u00a0on a quatre \u00e0 cinq mois pour affiner ce sujet\u00a0\u00bb, pr\u00e9cise Vincent Feltesse, rappelant que \u00ab\u00a0c\u2019est un projet qui va se d\u00e9ployer sur des d\u00e9cennies\u00a0\u00bb. \u00ab\u00a0Cette gouvernance, c\u2019est aussi une m\u00e9thodologie, dans laquelle la transparence est un \u00e9l\u00e9ment extr\u00eamement important\u00a0: c\u2019est le seul projet o\u00f9 vous n\u2019avez pas en face de vous un op\u00e9rateur am\u00e9ricain ou chinois, qui vient, \u00e0 qui on vend un terrain et \u00e0 partir de l\u00e0, plus rien ne peut \u00eatre vu ou dit\u00a0\u00bb, ajoute le pr\u00e9sident de NFU, Benjamin Delaux.<\/p>\n<p>Pas d\u2019entr\u00e9e au capital<\/p>\n<p>Il serait aussi question, selon nos informations, d\u2019un \u00ab\u00a0laboratoire citoyen\u00a0\u00bb ou encore d\u2019une \u00ab\u00a0expertise scientifique ind\u00e9pendante\u00a0\u00bb qui associerait l\u2019Universit\u00e9 de Bordeaux ou l\u2019Inrae. Mais concr\u00e8tement, les \u00e9lus auront-ils leur mot \u00e0 dire\u00a0? Le 30\u00a0janvier prochain, le conseil m\u00e9tropolitain examine une premi\u00e8re d\u00e9lib\u00e9ration qui concerne la vente du foncier, les presque 20\u00a0hectares de l\u2019actuel parking du Parc des expos. Puis un \u00ab\u00a0comit\u00e9 de pilotage\u00a0\u00bb sera cr\u00e9\u00e9, a annonc\u00e9 la pr\u00e9sidente de la M\u00e9tropole, Christine Bost, <a href=\"https:\/\/www.sudouest.fr\/gironde\/bordeaux\/bordeaux-metropole-raffinerie-emme-lignes-e-et-f-du-tram-stade-la-presidente-christine-bost-fait-sa-rentree-27403353.php\" target=\"_blank\" rel=\"noopener\">ce mardi 13\u00a0janvier \u00e0 l\u2019occasion de ses v\u0153ux \u00e0 la presse<\/a>.<\/p>\n<blockquote><p>\u00ab\u00a0On va vendre nos terrains \u00e0 un porteur de projet identifi\u00e9, connu, et l\u2019on va savoir d\u2019o\u00f9 proviennent les fonds, en l\u2019occurrence fran\u00e7ais et europ\u00e9ens\u00a0\u00bb<\/p><\/blockquote>\n<p>Elle \u00e9voque aussi un futur \u00ab\u00a0comit\u00e9 de suivi\u00a0\u00bb, quand le d\u00e9sormais fameux \u00ab\u00a0p\u00f4le num\u00e9rique \u00e0 vocation souveraine\u00a0\u00bb sera mis en \u0153uvre. Entrer au capital de BXIA, comme ses cr\u00e9ateurs l\u2019ont imagin\u00e9, entre autres acteurs publics, comme la Caisse des d\u00e9p\u00f4ts\u00a0? Christine Bost balaye cette option. \u00ab\u00a0On va vendre nos terrains \u00e0 un porteur de projet identifi\u00e9, connu, et l\u2019on va savoir d\u2019o\u00f9 proviennent les fonds, en l\u2019occurrence fran\u00e7ais et europ\u00e9ens\u00a0: c\u2019est d\u00e9j\u00e0 un gage de s\u00e9curit\u00e9.\u00a0\u00bb<\/p>\n<p>Feltesse, \u00ab\u00a0G\u00e9o Trouvetou\u00a0\u00bb<\/p>\n<p>Et d\u2019insister\u00a0: \u00ab\u00a0Nous devons prendre en main ce sujet, le stockage et la protection des donn\u00e9es de nos \u00e9cosyst\u00e8mes \u00e9conomiques, c\u2019est un enjeu majeur, au-del\u00e0 de la transformation urbaine\u00a0\u00bb du quartier \u2013 Parc des expos en cours de r\u00e9habilitation, futur quartier de la Jall\u00e8re, abords du stade, etc.<\/p>\n","protected":false},"excerpt":{"rendered":"D\u2019ici les premi\u00e8res acquisitions fonci\u00e8res pr\u00e9vues en juin, \u00ab\u00a0on a quatre \u00e0 cinq mois pour affiner ce sujet\u00a0\u00bb,&hellip;\n","protected":false},"author":2,"featured_media":661634,"comment_status":"","ping_status":"","sticky":false,"template":"","format":"standard","meta":{"footnotes":""},"categories":[2817],"tags":[1111,11,1997,1777,674,1011,27,12,2219,25],"class_list":{"0":"post-661633","1":"post","2":"type-post","3":"status-publish","4":"format-standard","5":"has-post-thumbnail","7":"category-bordeaux","8":"tag-actu","9":"tag-actualites","10":"tag-bordeaux","11":"tag-eu","12":"tag-europe","13":"tag-fr","14":"tag-france","15":"tag-news","16":"tag-nouvelle-aquitaine","17":"tag-republique-francaise"},"share_on_mastodon":{"url":"https:\/\/pubeurope.com\/@fr\/115890279130903442","error":""},"_links":{"self":[{"href":"https:\/\/www.europesays.com\/fr\/wp-json\/wp\/v2\/posts\/661633","targetHints":{"allow":["GET"]}}],"collection":[{"href":"https:\/\/www.europesays.com\/fr\/wp-json\/wp\/v2\/posts"}],"about":[{"href":"https:\/\/www.europesays.com\/fr\/wp-json\/wp\/v2\/types\/post"}],"author":[{"embeddable":true,"href":"https:\/\/www.europesays.com\/fr\/wp-json\/wp\/v2\/users\/2"}],"replies":[{"embeddable":true,"href":"https:\/\/www.europesays.com\/fr\/wp-json\/wp\/v2\/comments?post=661633"}],"version-history":[{"count":0,"href":"https:\/\/www.europesays.com\/fr\/wp-json\/wp\/v2\/posts\/661633\/revisions"}],"wp:featuredmedia":[{"embeddable":true,"href":"https:\/\/www.europesays.com\/fr\/wp-json\/wp\/v2\/media\/661634"}],"wp:attachment":[{"href":"https:\/\/www.europesays.com\/fr\/wp-json\/wp\/v2\/media?parent=661633"}],"wp:term":[{"taxonomy":"category","embeddable":true,"href":"https:\/\/www.europesays.com\/fr\/wp-json\/wp\/v2\/categories?post=661633"},{"taxonomy":"post_tag","embeddable":true,"href":"https:\/\/www.europesays.com\/fr\/wp-json\/wp\/v2\/tags?post=661633"}],"curies":[{"name":"wp","href":"https:\/\/api.w.org\/{rel}","templated":true}]}}