{"id":661635,"date":"2026-01-13T23:01:16","date_gmt":"2026-01-13T23:01:16","guid":{"rendered":"https:\/\/www.europesays.com\/fr\/661635\/"},"modified":"2026-01-13T23:01:16","modified_gmt":"2026-01-13T23:01:16","slug":"gerard-lopez-soffre-une-sortie-mediatique-fracassante","status":"publish","type":"post","link":"https:\/\/www.europesays.com\/fr\/661635\/","title":{"rendered":"G\u00e9rard Lopez s\u2019offre une sortie m\u00e9diatique fracassante !"},"content":{"rendered":"<p>Premiers du <a href=\"https:\/\/www.footmercato.net\/france\/national-2\/classement\" target=\"_blank\" rel=\"noopener\">Groupe A de National 2<\/a>, les Girondins de <a href=\"https:\/\/www.footmercato.net\/club\/fc-girondins-de-bordeaux\/\" target=\"_blank\" rel=\"noopener\">Bordeaux<\/a> peuvent se tourner vers la deuxi\u00e8me partie de saison avec optimisme. Les troupes de Bruno Irles sont ainsi bien positionn\u00e9es pour se rapprocher encore un peu plus du football professionnel. Le club vient d\u2019ailleurs d\u2019officialiser un joli coup plus t\u00f4t dans la journ\u00e9e, s\u2019offrant Almamy Tour\u00e9, membre de la belle \u00e9pop\u00e9e mon\u00e9gasque de 2017 et sans club derni\u00e8rement, alors que Karim Saada est devenu le nouveau directeur du recrutement bordelais.<\/p>\n<p>            La suite apr\u00e8s cette publicit\u00e9<\/p>\n<p>Et G\u00e9rard Lopez, tr\u00e8s silencieux ces derniers mois, s\u2019est offert une sortie m\u00e9diatique assez fracassante en cette soir\u00e9e de mardi, dans les colonnes de <a href=\"https:\/\/www.lequipe.fr\/Football\/Article\/Gerard-lopez-on-doute-de-l-amour-que-je-peux-avoir-pour-ce-club\/1633337\" target=\"_blank\" rel=\"noopener\">L\u2019Equipe<\/a>. Le pr\u00e9sident des Girondins de Bordeaux a notamment r\u00e9pondu aux vives critiques \u00e0 son \u00e9gard, et a ouvert la porte \u00e0 l\u2019arriv\u00e9e de nouveaux investisseurs. \u00ab Posez la question \u00e0 tous ceux qui critiquent. Moi, je le fais parce que j\u2019ai envie que ce club retrouve sa place. Et, \u00e0 la diff\u00e9rence de ceux qui n\u2019arr\u00eatent pas de critiquer et qui n\u2019investissent pas, je le fais. Quand j\u2019ai dit que nous allions passer par un plan de redressement, je l\u2019ai fait. Je l\u2019ai financ\u00e9, je continue \u00e0 le financer. Quand je suis arriv\u00e9, le club \u00e9tait au tribunal de commerce. Il n\u2019y avait personne pour le sauver, personne pour investir, personne pour faire quoi que ce soit. On doute de l\u2019amour que je peux maintenant avoir pour ce club-l\u00e0, pour les gens, pour les joueurs, pour des supporters dont je re\u00e7ois des messages de remerciements. Je le fais pour ces gens-l\u00e0. Je n\u2019ai rien \u00e0 gagner. J\u2019ai envie de faire l\u2019investissement qu\u2019il faut. Je suis patient \u00bb, a-t-il d\u2019abord d\u00e9clar\u00e9.<\/p>\n<p>        Lopez tire \u00e0 tout va<\/p>\n<p>\u00ab Lizarazu devrait parler de foot plut\u00f4t que des choses qu\u2019il ne comprend pas. Quand je suis arriv\u00e9 dans le club, la situation \u00e9tait celle qu\u2019elle \u00e9tait. Quand on parle de la dette, une grosse partie de la dette correspond \u00e0 l\u2019argent que j\u2019ai mis dans le club et j\u2019ai abandonn\u00e9 cette dette-l\u00e0. J\u2019ai mis beaucoup plus que lui ou d\u2019autres qui n\u2019ont jamais rien mis. J\u2019ai \u00e9t\u00e9 l\u00e0 quand personne n\u2019a voulu s\u2019occuper du club la premi\u00e8re fois. Ce n\u2019est pas parce que vous avez jou\u00e9 dans un club et que vous \u00eates un grand footballeur que \u00e7a vous donne le droit de dire tout ce que vous voulez sans pour autant faire quelque chose ou a minima vous informer \u00bb, a-t-il aussi expliqu\u00e9, tentant aussi d\u2019expliquer ses \u00e9checs \u00e0 Boavista ainsi qu\u2019\u00e0 Mouscron par des situations pass\u00e9es d\u00e9j\u00e0 compliqu\u00e9es au sein de ces clubs. Le pr\u00e9sident de l\u2019EA Guingamp Fr\u00e9d\u00e9ric Legrand en a aussi pris pour son grade suite \u00e0 des critiques qu\u2019il avait formul\u00e9es derni\u00e8rement : \u00ab ouvrir sa gueule quand on ne prend pas de risques, c\u2019est hyper facile. Ce monsieur, il a mis combien d\u2019argent dans le foot fran\u00e7ais ? Rien. Il en a retenu, il est pay\u00e9 tous les mois. Moi, j\u2019en ai mis, donc je n\u2019ai pas de le\u00e7ons \u00e0 recevoir de quelqu\u2019un qui se fait payer tous les mois pour apr\u00e8s parler sur un sujet comme \u00e7a \u00bb.<\/p>\n<p>            La suite apr\u00e8s cette publicit\u00e9<\/p>\n<p>Par ailleurs, l\u2019attractivit\u00e9 retrouv\u00e9e du club, selon Lopez du moins, suscite l\u2019int\u00e9r\u00eat r\u00e9gulier de fonds d\u2019investissement et d\u2019investisseurs ext\u00e9rieurs. Une \u00e9ventuelle ouverture du capital est envisag\u00e9e, mais sous la forme d\u2019une participation minoritaire. Lopez assure toutefois aborder cette question avec prudence, refusant les mod\u00e8les du pass\u00e9 fond\u00e9s sur des investissements massifs et risqu\u00e9s, afin de garantir un projet durable. Il indique d\u2019ailleurs pr\u00e9f\u00e9rer se concentrer sur des petits investisseurs locaux. Quoi qu\u2019il en soit, cette interview ressemblait plus \u00e0 un r\u00e8glement de comptes avec ses d\u00e9tracteurs qu\u2019\u00e0 une intervention m\u00e9diatique visant \u00e0 rassurer ses supporters\u2026 <\/p>\n<p>\n    Pub. le 13\/01\/2026 22:58<br \/>\n            &#8211; MAJ le 13\/01\/2026 23:51\n    <\/p>\n","protected":false},"excerpt":{"rendered":"Premiers du Groupe A de National 2, les Girondins de Bordeaux peuvent se tourner vers la deuxi\u00e8me partie&hellip;\n","protected":false},"author":2,"featured_media":661636,"comment_status":"","ping_status":"","sticky":false,"template":"","format":"standard","meta":{"footnotes":""},"categories":[2817],"tags":[1111,11,1997,1777,674,1011,27,12,2219,25],"class_list":{"0":"post-661635","1":"post","2":"type-post","3":"status-publish","4":"format-standard","5":"has-post-thumbnail","7":"category-bordeaux","8":"tag-actu","9":"tag-actualites","10":"tag-bordeaux","11":"tag-eu","12":"tag-europe","13":"tag-fr","14":"tag-france","15":"tag-news","16":"tag-nouvelle-aquitaine","17":"tag-republique-francaise"},"share_on_mastodon":{"url":"https:\/\/pubeurope.com\/@fr\/115890283033884475","error":""},"_links":{"self":[{"href":"https:\/\/www.europesays.com\/fr\/wp-json\/wp\/v2\/posts\/661635","targetHints":{"allow":["GET"]}}],"collection":[{"href":"https:\/\/www.europesays.com\/fr\/wp-json\/wp\/v2\/posts"}],"about":[{"href":"https:\/\/www.europesays.com\/fr\/wp-json\/wp\/v2\/types\/post"}],"author":[{"embeddable":true,"href":"https:\/\/www.europesays.com\/fr\/wp-json\/wp\/v2\/users\/2"}],"replies":[{"embeddable":true,"href":"https:\/\/www.europesays.com\/fr\/wp-json\/wp\/v2\/comments?post=661635"}],"version-history":[{"count":0,"href":"https:\/\/www.europesays.com\/fr\/wp-json\/wp\/v2\/posts\/661635\/revisions"}],"wp:featuredmedia":[{"embeddable":true,"href":"https:\/\/www.europesays.com\/fr\/wp-json\/wp\/v2\/media\/661636"}],"wp:attachment":[{"href":"https:\/\/www.europesays.com\/fr\/wp-json\/wp\/v2\/media?parent=661635"}],"wp:term":[{"taxonomy":"category","embeddable":true,"href":"https:\/\/www.europesays.com\/fr\/wp-json\/wp\/v2\/categories?post=661635"},{"taxonomy":"post_tag","embeddable":true,"href":"https:\/\/www.europesays.com\/fr\/wp-json\/wp\/v2\/tags?post=661635"}],"curies":[{"name":"wp","href":"https:\/\/api.w.org\/{rel}","templated":true}]}}