{"id":661637,"date":"2026-01-13T23:02:10","date_gmt":"2026-01-13T23:02:10","guid":{"rendered":"https:\/\/www.europesays.com\/fr\/661637\/"},"modified":"2026-01-13T23:02:10","modified_gmt":"2026-01-13T23:02:10","slug":"une-societe-specialisee-dans-la-peinture-brule-a-toulouse-des-releves-toxicologiques-effectues","status":"publish","type":"post","link":"https:\/\/www.europesays.com\/fr\/661637\/","title":{"rendered":"Une soci\u00e9t\u00e9 sp\u00e9cialis\u00e9e dans la peinture br\u00fble \u00e0 Toulouse\u00a0: des relev\u00e9s toxicologiques effectu\u00e9s"},"content":{"rendered":"<p>\n                                                                    l&rsquo;essentiel<br \/>\n                                                                Une entreprise sp\u00e9cialis\u00e9e dans la peinture a \u00e9t\u00e9 impact\u00e9e par un incendie ce mardi soir \u00e0 Toulouse. Une cinquantaine de pompiers intervient sur place. Des sp\u00e9cialistes sont aussi d\u00e9ploy\u00e9s pour contr\u00f4ler la pollution atmosph\u00e9rique. Les r\u00e9sultats ne sont pas inqui\u00e9tants.\n                            <\/p>\n<p>Les sapeurs-pompiers sont engag\u00e9s rue de Fenouillet, sur la commune de Toulouse, pour un feu d\u2019entrep\u00f4t. Le feu a \u00e9t\u00e9 localis\u00e9 dans une pi\u00e8ce de 50\u00a0m2 environ, dans une partie du b\u00e2timent de 800\u00a0m2. Le stockage de solvants \u00e0 l\u2019int\u00e9rieur de cette cellule renforce la sensibilit\u00e9 de l\u2019intervention.<\/p>\n<p>Des relev\u00e9s toxicologiques ont \u00e9t\u00e9 effectu\u00e9s pour \u00e9valuer la dangerosit\u00e9 des fum\u00e9es. La circulation sur la rue de Fenouillet est totalement interrompue pour faciliter l\u2019acc\u00e8s des secours. Des analyses qui ne r\u00e9v\u00e8lent rien d\u2019inqui\u00e9tant.<\/p>\n<p class=\"std-elt__inline\">\n        <strong>\u00c0 lire aussi :<\/strong><br \/>\n        <a href=\"https:\/\/www.ladepeche.fr\/2025\/04\/28\/incendie-chez-latecoere-38-salaries-evacues-apres-un-feu-de-benne-contenant-des-produits-chimiques-12664432.php\" target=\"_blank\" rel=\"noopener\">Incendie chez Lat\u00e9co\u00e8re\u00a0: 38 salari\u00e9s \u00e9vacu\u00e9s apr\u00e8s un feu de benne contenant des produits chimiques<\/a>\n    <\/p>\n<p>Selon nos informations, l\u2019entreprise impact\u00e9e stockerait essentiellement des produits en lien avec la peinture.<\/p>\n<p>Un important dispositif de 50 sapeurs-pompiers est mobilis\u00e9, incluant quatre fourgons, une \u00e9chelle, une ambulance et des experts en risques chimiques.<\/p>\n<p>Une enqu\u00eate a \u00e9t\u00e9 ouverte pour d\u00e9terminer les causes de l\u2019incendie. \u00c0 ce stade des investigations, aucune hypoth\u00e8se n\u2019est \u00e9cart\u00e9e.<\/p>\n","protected":false},"excerpt":{"rendered":"l&rsquo;essentiel Une entreprise sp\u00e9cialis\u00e9e dans la peinture a \u00e9t\u00e9 impact\u00e9e par un incendie ce mardi soir \u00e0 Toulouse.&hellip;\n","protected":false},"author":2,"featured_media":661638,"comment_status":"","ping_status":"","sticky":false,"template":"","format":"standard","meta":{"footnotes":""},"categories":[2816],"tags":[1111,11,1777,674,118,1011,27,2722,12,2680,25,2312],"class_list":{"0":"post-661637","1":"post","2":"type-post","3":"status-publish","4":"format-standard","5":"has-post-thumbnail","7":"category-toulouse","8":"tag-actu","9":"tag-actualites","10":"tag-eu","11":"tag-europe","12":"tag-faits-divers","13":"tag-fr","14":"tag-france","15":"tag-haute-garonne","16":"tag-news","17":"tag-occitanie","18":"tag-republique-francaise","19":"tag-toulouse"},"share_on_mastodon":{"url":"https:\/\/pubeurope.com\/@fr\/115890286984988391","error":""},"_links":{"self":[{"href":"https:\/\/www.europesays.com\/fr\/wp-json\/wp\/v2\/posts\/661637","targetHints":{"allow":["GET"]}}],"collection":[{"href":"https:\/\/www.europesays.com\/fr\/wp-json\/wp\/v2\/posts"}],"about":[{"href":"https:\/\/www.europesays.com\/fr\/wp-json\/wp\/v2\/types\/post"}],"author":[{"embeddable":true,"href":"https:\/\/www.europesays.com\/fr\/wp-json\/wp\/v2\/users\/2"}],"replies":[{"embeddable":true,"href":"https:\/\/www.europesays.com\/fr\/wp-json\/wp\/v2\/comments?post=661637"}],"version-history":[{"count":0,"href":"https:\/\/www.europesays.com\/fr\/wp-json\/wp\/v2\/posts\/661637\/revisions"}],"wp:featuredmedia":[{"embeddable":true,"href":"https:\/\/www.europesays.com\/fr\/wp-json\/wp\/v2\/media\/661638"}],"wp:attachment":[{"href":"https:\/\/www.europesays.com\/fr\/wp-json\/wp\/v2\/media?parent=661637"}],"wp:term":[{"taxonomy":"category","embeddable":true,"href":"https:\/\/www.europesays.com\/fr\/wp-json\/wp\/v2\/categories?post=661637"},{"taxonomy":"post_tag","embeddable":true,"href":"https:\/\/www.europesays.com\/fr\/wp-json\/wp\/v2\/tags?post=661637"}],"curies":[{"name":"wp","href":"https:\/\/api.w.org\/{rel}","templated":true}]}}