{"id":661639,"date":"2026-01-13T23:03:17","date_gmt":"2026-01-13T23:03:17","guid":{"rendered":"https:\/\/www.europesays.com\/fr\/661639\/"},"modified":"2026-01-13T23:03:17","modified_gmt":"2026-01-13T23:03:17","slug":"tfc-toulouse-defiera-amiens-en-8e-de-finale-de-la-coupe-de-france-le-match-se-tiendra-au-stadium","status":"publish","type":"post","link":"https:\/\/www.europesays.com\/fr\/661639\/","title":{"rendered":"TFC\u00a0: Toulouse d\u00e9fiera Amiens en 8e de finale de la Coupe de France, le match se tiendra au Stadium"},"content":{"rendered":"<p>\n                                                                    l&rsquo;essentiel<br \/>\n                                                                Le tirage au sort des 8es de finale de la comp\u00e9tition s\u2019est tenu ce mardi 13\u00a0janvier en d\u00e9but de soir\u00e9e. Les Violets d\u00e9fieront les joueurs d\u2019Amiens, actuels 15es de Ligue 2.\n                            <\/p>\n<p>Ils sont fix\u00e9s\u00a0! Les joueurs de football du TFC d\u00e9fieront Amiens (Ligue 2), en 8e de finale de la Coupe de France. Ainsi en a d\u00e9cid\u00e9 le tirage au sort effectu\u00e9 ce mardi 13\u00a0janvier, sur le plateau de la cha\u00eene beIN Sport, diffuseur de la comp\u00e9tition.<\/p>\n<p>Param\u00e8tre favorable pour les Toulousains\u00a0: ils joueront la rencontre au Stadium.\u00a0Elle se tiendra mercredi 4\u00a0f\u00e9vrier, comme le club l\u2019a mentionn\u00e9 ce mardi sur ses r\u00e9seaux sociaux officiels.<\/p>\n<blockquote data-class=\"twitter-tweet\">\n<p lang=\"fr\" dir=\"ltr\">L&rsquo;aventure <a href=\"https:\/\/twitter.com\/hashtag\/CoupeDeFrance?src=hash&amp;ref_src=twsrc%5Etfw\" target=\"_blank\" rel=\"noopener\">#CoupeDeFrance<\/a> de nos Violets passera au prochain tour par le Stadium \\ud83d\\ude0a<\/p>\n<p>\\ud83c\\udd9a <a href=\"https:\/\/twitter.com\/AmiensSC?ref_src=twsrc%5Etfw\" target=\"_blank\" rel=\"noopener\">@AmiensSC<\/a><\/p>\n<p>\\ud83d\\udd1c Rendez-vous d\u00e9but f\u00e9vrier !<\/p>\n<p>\u2014 Toulouse FC (@ToulouseFC) <a href=\"https:\/\/twitter.com\/ToulouseFC\/status\/2011156292518212013?ref_src=twsrc%5Etfw\" target=\"_blank\" rel=\"noopener\">January 13, 2026<\/a><\/p><\/blockquote>\n<p>Pour l\u2019heure, les joueurs d\u2019Amiens pointent \u00e0 la 15e place du championnat de Ligue 2 et se battent, apr\u00e8s 18 journ\u00e9es, pour ne pas descendre en 3e division. Dans cette Coupe de France, ils ont domin\u00e9 Auby (Nord, D\u00e9partementale 1, 3-0), Reims Sainte-Anne (R\u00e9gionale 2, 4-0), avant de signer un tr\u00e8s joli coup en 32e de finale\u00a0: l\u2019\u00e9limination du\u00a0Havre (Ligue 1), battu chez lui 2-0. En 16e, les Ami\u00e9nois avaient sorti Montreuil (R\u00e9gionale 1, 4-2), les Petits Poucet de la comp\u00e9tition.<\/p>\n<p class=\"std-elt__inline\">\n        <strong>\u00c0 lire aussi :<\/strong><br \/>\n        <a href=\"https:\/\/www.ladepeche.fr\/2026\/01\/11\/tfc-demba-diop-adaptation-express-trois-entrainements-dans-les-jambes-pour-la-recrue-toulousaine-et-une-premiere-sortie-taille-patron-a-angers-13156289.php\" target=\"_blank\" rel=\"noopener\">TFC\u00a0: Demba Diop, adaptation express\u00a0! Trois entra\u00eenements dans les jambes pour la recrue toulousaine et une premi\u00e8re sortie taille patron \u00e0 Angers<\/a>\n    <\/p>\n<p>De leur c\u00f4t\u00e9, les Violets ont tour \u00e0 tour domin\u00e9 les joueurs de Lyon-La Duch\u00e8re (N3, 2-1) en 32e de finale\u00a0; avant de dominer Angers en 16e, samedi 10\u00a0janvier dans le Maine-et-Loire. Un succ\u00e8s acquis 6 tirs au but \u00e0 5, apr\u00e8s que le score \u00e0 l\u2019issue du temps r\u00e9glementaire \u00e9tait de 1-1.<\/p>\n<p>Cette ann\u00e9e, les Toulousains se verraient bien s\u2019offrir une \u00e9pop\u00e9e victorieuse, comme en 2023 o\u00f9 ils \u00e9taient all\u00e9s jusqu\u2019au bout de la comp\u00e9tition remportant la Coupe en finale contre Nantes (4-1).<\/p>\n<p class=\"std-elt__inline\">\n        <strong>\u00c0 lire aussi :<\/strong><br \/>\n        <a href=\"https:\/\/www.ladepeche.fr\/2026\/01\/11\/tfc-touche-sud-americaine-retours-pitchouns-qui-se-mettent-en-evidence-ce-quil-faut-retenir-de-la-qualification-de-toulouse-a-angers-13156028.php\" target=\"_blank\" rel=\"noopener\">TFC\u00a0: touche sud-am\u00e9ricaine, retours, Pitchouns qui se mettent en \u00e9vidence\u2026 Ce qu\u2019il faut retenir de la qualification de Toulouse \u00e0 Angers<\/a>\n    <\/p>\n<p><a href=\"https:\/\/www.ladepeche.fr\/2026\/01\/12\/enorme-surprise-en-coupe-de-france-le-psg-elimine-des-les-16es-de-finale-par-le-club-rival-du-paris-fc-13158348.php\" target=\"_blank\" rel=\"noopener\">Si le PSG a \u00e9t\u00e9 \u00e9limin\u00e9 lundi 12\u00a0janvier au soir<\/a>, s\u2019inclinant \u00e0 domicile contre le Paris FC (1-0), de nombreuses autres \u00e9quipes de Ligue 1 sont toujours en lice\u00a0: Lyon, Monaco, Strasbourg, Lens ou encore Rennes.<\/p>\n<p>Le programme complet des 8es de finale de la Coupe de France<\/p>\n<p>Toulouse (L1) \u2013 Amiens (L2)<br \/>Strasbourg (L1) \u2013 Monaco (L1)<br \/>Reims (L2) \u2013 Le\u00a0Mans (L2)<br \/>Nice (L1) \u2013 Montpellier (L2)<br \/>Lyon (L1) \u2013 Laval (L2)<br \/>Bayeux (R1) ou Marseille (L1) \u2013 Rennes (L1)<br \/>Lorient (L1) \u2013 Paris FC (L1)<br \/>Troyes (L2) \u2013 Lens (L1)<\/p>\n<p>                                                                                                                                                                                                        <script async src=\"https:\/\/platform.twitter.com\/widgets.js\" charset=\"utf-8\"><\/script><\/p>\n","protected":false},"excerpt":{"rendered":"l&rsquo;essentiel Le tirage au sort des 8es de finale de la comp\u00e9tition s\u2019est tenu ce mardi 13\u00a0janvier en&hellip;\n","protected":false},"author":2,"featured_media":661640,"comment_status":"","ping_status":"","sticky":false,"template":"","format":"standard","meta":{"footnotes":""},"categories":[2816],"tags":[1111,11,1777,674,63,1011,27,2722,12,2680,25,517,2312,68922],"class_list":{"0":"post-661639","1":"post","2":"type-post","3":"status-publish","4":"format-standard","5":"has-post-thumbnail","7":"category-toulouse","8":"tag-actu","9":"tag-actualites","10":"tag-eu","11":"tag-europe","12":"tag-football","13":"tag-fr","14":"tag-france","15":"tag-haute-garonne","16":"tag-news","17":"tag-occitanie","18":"tag-republique-francaise","19":"tag-sport","20":"tag-toulouse","21":"tag-toulouse-football-club"},"share_on_mastodon":{"url":"https:\/\/pubeurope.com\/@fr\/115890290951894847","error":""},"_links":{"self":[{"href":"https:\/\/www.europesays.com\/fr\/wp-json\/wp\/v2\/posts\/661639","targetHints":{"allow":["GET"]}}],"collection":[{"href":"https:\/\/www.europesays.com\/fr\/wp-json\/wp\/v2\/posts"}],"about":[{"href":"https:\/\/www.europesays.com\/fr\/wp-json\/wp\/v2\/types\/post"}],"author":[{"embeddable":true,"href":"https:\/\/www.europesays.com\/fr\/wp-json\/wp\/v2\/users\/2"}],"replies":[{"embeddable":true,"href":"https:\/\/www.europesays.com\/fr\/wp-json\/wp\/v2\/comments?post=661639"}],"version-history":[{"count":0,"href":"https:\/\/www.europesays.com\/fr\/wp-json\/wp\/v2\/posts\/661639\/revisions"}],"wp:featuredmedia":[{"embeddable":true,"href":"https:\/\/www.europesays.com\/fr\/wp-json\/wp\/v2\/media\/661640"}],"wp:attachment":[{"href":"https:\/\/www.europesays.com\/fr\/wp-json\/wp\/v2\/media?parent=661639"}],"wp:term":[{"taxonomy":"category","embeddable":true,"href":"https:\/\/www.europesays.com\/fr\/wp-json\/wp\/v2\/categories?post=661639"},{"taxonomy":"post_tag","embeddable":true,"href":"https:\/\/www.europesays.com\/fr\/wp-json\/wp\/v2\/tags?post=661639"}],"curies":[{"name":"wp","href":"https:\/\/api.w.org\/{rel}","templated":true}]}}