{"id":661641,"date":"2026-01-13T23:04:10","date_gmt":"2026-01-13T23:04:10","guid":{"rendered":"https:\/\/www.europesays.com\/fr\/661641\/"},"modified":"2026-01-13T23:04:10","modified_gmt":"2026-01-13T23:04:10","slug":"ronchin-alcoolise-le-forcene-arme-sen-prend-a-sa-femme-et-se-fait-deloger-par-la-bac-et-le-raid","status":"publish","type":"post","link":"https:\/\/www.europesays.com\/fr\/661641\/","title":{"rendered":"Ronchin. Alcoolis\u00e9, le forcen\u00e9 arm\u00e9 s&rsquo;en prend \u00e0 sa femme et se fait d\u00e9loger par la BAC et le RAID"},"content":{"rendered":"<p>                    Par<br \/>\n        <strong><br \/>\n            <a href=\"https:\/\/actu.fr\/auteur\/zoe-hondt\" title=\"Consulter tous les articles de Zoe Hondt\" target=\"_blank\" rel=\"noopener\">Zoe Hondt<\/a><br \/>\n                    <\/strong><\/p>\n<p>        Publi\u00e9 le<\/p>\n<p>            13 janv. 2026 \u00e0 18h36        <\/p>\n<p>C\u2019est un homme d\u2019une cinquantaine d\u2019ann\u00e9es qui entre dans le box des pr\u00e9venus, ce lundi 5 janvier 2026. Jug\u00e9 au tribunal de <a href=\"https:\/\/actu.fr\/lille\/\" target=\"_blank\" rel=\"noopener\">Lille<\/a> (Nord), il est mis en cause pour <b>violences conjugales aggrav\u00e9es<\/b>, <b>menace de mort<\/b> et <b>d\u00e9tention non autoris\u00e9e d\u2019arme<\/b>. Les faits se sont d\u00e9roul\u00e9s le 1er janvier, \u00e0 <a href=\"https:\/\/actu.fr\/hauts-de-france\/ronchin_59507\" target=\"_blank\" rel=\"noopener\">Ronchin<\/a> (Nord) : au terme d\u2019un <b>r\u00e9veillon alcoolis\u00e9<\/b>, l\u2019homme ivre <b>perd son sang-froid<\/b> et <b>s\u2019en prend vivement \u00e0 sa femme<\/b>. Coups, insultes\u2026 il va jusqu\u2019\u00e0 <b>la braquer avec un fusil de chasse<\/b>. <b>Plusieurs \u00e9quipages de la BAC et du RAID <\/b>ont \u00e9t\u00e9 n\u00e9cessaires pour interpeller <b>le forcen\u00e9 arm\u00e9<\/b>. R\u00e9cit.<\/p>\n<p>Des faits d\u2019une violence inou\u00efe, sur fond d\u2019alcool<\/p>\n<p class=\" wall-content\">Le 31 d\u00e9cembre 2025, un couple mari\u00e9 depuis 17 ans et leur fille de 16 ans, se rendent \u00e0 Pont-\u00e0-Vendin (Pas-de-Calais) pour <b>f\u00eater le r\u00e9veillon en famille<\/b>. Malheureusement, <b>l\u2019ambiance est tendue<\/b>. L\u2019homme de 52 ans fait beaucoup de reproches \u00e0 sa fille. Au cours de la <b>soir\u00e9e alcoolis\u00e9e<\/b>, l\u2019adolescente est <b>humili\u00e9e<\/b>, <b>insult\u00e9e par son p\u00e8re<\/b>. \u00c0 3 h 15 du matin, il est <b>mis dehors par ses proches exasp\u00e9r\u00e9s<\/b>. \u00c0 l\u2019ext\u00e9rieur, l\u2019homme ivre <b>perd son sang-froid <\/b>: il se \u00ab\u00a0cogne la t\u00eate contre le mur\u00a0\u00bb. Sa femme le ram\u00e8ne au domicile, \u00e0 Ronchin. Habitu\u00e9e, elle le filme dans le but de \u00ab\u00a0lui montrer [son comportement] le lendemain\u00a0\u00bb. L\u2019homme enrage : il lui \u00ab\u00a0tord les doigts\u00a0\u00bb pour qu\u2019elle l\u00e2che son t\u00e9l\u00e9phone, qu\u2019il va ensuite casser en le \u00ab\u00a0claquant au sol \u00e0 trois reprises\u00a0\u00bb.<\/p>\n<p class=\" wall-content\">En grande d\u00e9tresse, la victime tente de sortir de la maison, en vain. S\u2019ensuit un <b>d\u00e9ferlement de violences<\/b> : il lui tire les cheveux, \u00ab\u00a0secoue sa t\u00eate\u00a0\u00bb, lui fait une \u00ab\u00a0cl\u00e9 de bras\u00a0\u00bb, puis lui d\u00e9coche un coup de poing \u00ab\u00a0sur la pommette\u00a0\u00bb. Le forcen\u00e9 ne s\u2019arr\u00eate pas l\u00e0, et <b>empoigne son fusil de chasse<\/b>. Il braque sa femme, la <b>menace de mort<\/b> et lui <b>donne des coups avec l\u2019arme<\/b>. L\u2019homme se dirige ensuite vers le garage, o\u00f9 il peut trouver des <b>cartouches<\/b>. Dans un dernier \u00e9lan, la victime sort de la maison, monte dans la voiture et roule en direction du commissariat.<\/p>\n<p>\u00ab\u00a0Quand je bois, je disjoncte\u00a0\u00bb<\/p>\n<p class=\" wall-content\">Au petit matin, pas moins de \u00ab\u00a0cinq ou six \u00e9quipages de la BAC et du RAID\u00a0\u00bb ont \u00e9t\u00e9 n\u00e9cessaires pour <b>d\u00e9loger le forcen\u00e9 arm\u00e9<\/b>. Dans la maison, <b>un pistolet et le fusil sont retrouv\u00e9s<\/b>. La victime a expliqu\u00e9 aux policiers que \u00ab\u00a0c\u2019est comme \u00e7a depuis le d\u00e9but du mariage\u00a0\u00bb : <b>claques<\/b>, <b>insultes<\/b><b>\u2026<\/b>\u00a0seulement \u00ab\u00a0quand il boit un coup\u00a0\u00bb. Elle est formelle : \u00ab\u00a0C\u2019est un amour quand il ne boit rien.\u00a0\u00bb Au tribunal, le pr\u00e9venu d\u00e9clare <b>consommer du whisky tous les jours<\/b>.<\/p>\n<p class=\" wall-content\">\u00ab\u00a0Je regrette tout ce que j\u2019ai fait, je suis coupable. Quand je bois, je disjoncte\u00a0\u00bb, affirme le pr\u00e9venu de 52 ans, <b>en sanglots<\/b>. Il dit faire confiance aux d\u00e9clarations de ses proches, car <b>il ne se souvient de rien<\/b>.\u00a0Le pr\u00e9sident du tribunal <b>ne se laisse pas amadouer<\/b>\u00a0: \u00ab\u00a0C\u2019est facile de dire \u00e7a, mais vous vous en foutez compl\u00e8tement ! Vous pouvez vivre seul sans taper sur votre femme !\u00a0\u00bb Le pr\u00e9venu <b>para\u00eet d\u00e9sempar\u00e9<\/b>. Il \u00ab\u00a0veut se faire soigner\u00a0\u00bb. Au d\u00e9tour d\u2019un regard \u00e9chang\u00e9 avec la victime, le pr\u00e9venu souffle un \u00ab\u00a0je t\u2019aime\u00a0\u00bb inaudible. Sa femme d\u00e9tourne le regard.<\/p>\n<p>\u00ab\u00a0Un c\u00f4t\u00e9 Dr. Jekyll et Mr. Hyde\u00a0\u00bb<\/p>\n<p class=\" wall-content\">La victime <b>pr\u00e9f\u00e8re laisser la parole \u00e0 son avocate<\/b>. \u00ab\u00a0Elle l\u2019aime encore mais elle n\u2019a pas d\u2019autres options que de divorcer. Elle ne veut pas \u00eatre un nom et un pr\u00e9nom de plus sur un mur\u00a0\u00bb, confesse cette derni\u00e8re. La femme du pr\u00e9venu \u00ab\u00a0veut se prot\u00e9ger, car elle se sait fragile\u00a0\u00bb. Elle <b>sollicite une mesure d\u2019\u00e9loignement<\/b>, bien qu\u2019<b>elle ne souhaite pas voir son mari partir en prison<\/b>. \u00ab\u00a0Elle veut qu\u2019il regarde sa violence en face et qu\u2019il se soigne\u00a0\u00bb, explique l\u2019avocate. Elle demande <b>6 000 euros de dommages et int\u00e9r\u00eats \u00e0 titre provisoire<\/b> et le <b>retrait de l\u2019autorit\u00e9 parentale<\/b> du pr\u00e9venu sur sa fille de 16 ans.<\/p>\n<p>Votre r\u00e9gion, votre actu !<\/p>\n<p>Recevez chaque jour les infos qui comptent pour vous.<\/p>\n<p>\t<a href=\"https:\/\/actu.fr\/newsletter\" class=\"ac-btn ac-btn--corner ac-btn--medium ac-btn--blue800\" target=\"_blank\" rel=\"noopener\">S&rsquo;incrire<\/a><\/p>\n<p class=\" wall-content\">\u00ab\u00a0C\u2019est un individu alcoolique et violent. Il ne doit pas se retrancher derri\u00e8re l\u2019alcool, ce n\u2019est pas le c\u0153ur du probl\u00e8me.\u00a0\u00bb Au regard des faits \u00ab\u00a0extr\u00eamement graves, choquants et traumatisants\u00a0\u00bb, la procureure requiert <b>18 <\/b><b>mois d\u2019emprisonnement dont douze assortis du sursis probatoire. <\/b>La partie ferme pourrait <b>s\u2019effectuer sous bracelet \u00e9lectronique chez la s\u0153ur du pr\u00e9venu<\/b>. Elle souhaite \u00e9galement une <b>interdiction de contact<\/b> entre les deux.\u00a0<\/p>\n<p class=\" wall-content\">\u00ab\u00a0Je souscris \u00e0 tout ce qui vient d\u2019\u00eatre dit, il a vraiment tout g\u00e2ch\u00e9.\u00a0\u00bb L\u2019avocat de la d\u00e9fense <b>ne m\u00e9nage pas son client<\/b> : \u00ab\u00a0Il a sans aucun doute \u00e9t\u00e9 un mauvais p\u00e8re et un mauvais mari, mais il les aime encore beaucoup.\u00a0\u00bb Il le d\u00e9fend comme il peut. Selon lui, il a \u00ab\u00a0un c\u00f4t\u00e9 Dr. Jekyll et Mr. Hyde\u00a0\u00bb : il est ins\u00e9r\u00e9 et a toujours travaill\u00e9, mais il est violent. \u00ab\u00a0Un peu physiquement, beaucoup verbalement.\u00a0\u00bb Comme l\u2019arme n\u2019\u00e9tait pas charg\u00e9e sur la victime et que <b>le casier judiciaire du pr\u00e9venu est vierge<\/b>, l\u2019avocat <b>esp\u00e8re une peine totalement assortie du sursis probatoire<\/b>. En vain, puisque le tribunal d\u00e9clare le pr\u00e9venu coupable et le condamne \u00e0 <b>18 mois d\u2019emprisonnement dont douze assortis du sursis probatoire<\/b>.<\/p>\n<p class=\" wall-content\">Personnalisez votre actualit\u00e9 en ajoutant vos villes et m\u00e9dias en favori avec <a href=\"https:\/\/moncompte.actu.fr\" title=\"D\u00e9couvez Mon Actu\" rel=\"nofollow noopener\" data-trk=\"{&quot;cta&quot;:{&quot;action&quot;:&quot;https:\\\/\\\/moncompte.actu.fr&quot;,&quot;category&quot;:&quot;mon compte&quot;,&quot;from&quot;:&quot;article footer&quot;,&quot;name&quot;:&quot;Mon actu&quot;,&quot;type&quot;:&quot;cta&quot;}}\" target=\"_blank\">Mon Actu<\/a>.<\/p>\n","protected":false},"excerpt":{"rendered":"Par Zoe Hondt Publi\u00e9 le 13 janv. 2026 \u00e0 18h36 C\u2019est un homme d\u2019une cinquantaine d\u2019ann\u00e9es qui entre&hellip;\n","protected":false},"author":2,"featured_media":661642,"comment_status":"","ping_status":"","sticky":false,"template":"","format":"standard","meta":{"footnotes":""},"categories":[2815],"tags":[1111,11,1777,674,118,1011,27,811,303,1307,12,2694,25],"class_list":{"0":"post-661641","1":"post","2":"type-post","3":"status-publish","4":"format-standard","5":"has-post-thumbnail","7":"category-lille","8":"tag-actu","9":"tag-actualites","10":"tag-eu","11":"tag-europe","12":"tag-faits-divers","13":"tag-fr","14":"tag-france","15":"tag-hauts-de-france","16":"tag-justice","17":"tag-lille","18":"tag-news","19":"tag-proces","20":"tag-republique-francaise"},"share_on_mastodon":{"url":"https:\/\/pubeurope.com\/@fr\/115890294771940793","error":""},"_links":{"self":[{"href":"https:\/\/www.europesays.com\/fr\/wp-json\/wp\/v2\/posts\/661641","targetHints":{"allow":["GET"]}}],"collection":[{"href":"https:\/\/www.europesays.com\/fr\/wp-json\/wp\/v2\/posts"}],"about":[{"href":"https:\/\/www.europesays.com\/fr\/wp-json\/wp\/v2\/types\/post"}],"author":[{"embeddable":true,"href":"https:\/\/www.europesays.com\/fr\/wp-json\/wp\/v2\/users\/2"}],"replies":[{"embeddable":true,"href":"https:\/\/www.europesays.com\/fr\/wp-json\/wp\/v2\/comments?post=661641"}],"version-history":[{"count":0,"href":"https:\/\/www.europesays.com\/fr\/wp-json\/wp\/v2\/posts\/661641\/revisions"}],"wp:featuredmedia":[{"embeddable":true,"href":"https:\/\/www.europesays.com\/fr\/wp-json\/wp\/v2\/media\/661642"}],"wp:attachment":[{"href":"https:\/\/www.europesays.com\/fr\/wp-json\/wp\/v2\/media?parent=661641"}],"wp:term":[{"taxonomy":"category","embeddable":true,"href":"https:\/\/www.europesays.com\/fr\/wp-json\/wp\/v2\/categories?post=661641"},{"taxonomy":"post_tag","embeddable":true,"href":"https:\/\/www.europesays.com\/fr\/wp-json\/wp\/v2\/tags?post=661641"}],"curies":[{"name":"wp","href":"https:\/\/api.w.org\/{rel}","templated":true}]}}