{"id":661644,"date":"2026-01-13T23:06:09","date_gmt":"2026-01-13T23:06:09","guid":{"rendered":"https:\/\/www.europesays.com\/fr\/661644\/"},"modified":"2026-01-13T23:06:09","modified_gmt":"2026-01-13T23:06:09","slug":"nawell-madani-guerriere-drole-et-touchante-a-lopera-de-marseille","status":"publish","type":"post","link":"https:\/\/www.europesays.com\/fr\/661644\/","title":{"rendered":"Nawell Madani, guerri\u00e8re dr\u00f4le et touchante \u00e0 l&rsquo;Op\u00e9ra de Marseille"},"content":{"rendered":"<p>Ces derni\u00e8res ann\u00e9es, le public marseillais avait l&rsquo;habitude de la retrouver <a href=\"https:\/\/www.laprovence.com\/article\/region\/76340321009469\/marseille-le-silo-d-arenc-a-la-joliette-d-ancien-silo-a-grains-a-salle-de-concert\" target=\"_blank\" rel=\"noopener\">au Cepac Silo pour de soir\u00e9es de rire<\/a>. Mais mardi soir, c&rsquo;est bien <a href=\"https:\/\/www.laprovence.com\/article\/region\/113639514341415\/lopera-de-marseille-joyau-culturel-en-quete-de-travaux\" target=\"_blank\" rel=\"noopener\">sur la sc\u00e8ne de l&rsquo;Op\u00e9ra<\/a> que Nawell Madani a retrouv\u00e9 les spectateurs. Et ce, sous l&rsquo;impulsion du groupement Les Th\u00e9\u00e2tres, dans le cadre de la programmation hors les murs du th\u00e9\u00e2tre du Gymnase. La com\u00e9dienne, r\u00e9v\u00e9l\u00e9e il y a bient\u00f4t quinze ans au Jamel Comedy Club, revenait avec son show Tout court, lanc\u00e9 en mai 2024 apr\u00e8s six ans loin des salles de spectacle.<\/p>\n<p>En entrant sur sc\u00e8ne en twerkant dans sa robe de chambre et pantoufles aux pieds sur un gros hip-hop, la com\u00e9dienne donnait le ton. Une \u00ab\u00a0cas soc'\u00a0\u00bb pr\u00eate \u00e0 rire de ses 46 ans et des injonctions \u00e0 rester belle malgr\u00e9 l&rsquo;\u00e2ge. \u00ab\u00a0Les bourrelets, c&rsquo;est comme les bo\u00eetes de nuit : toute sortie est d\u00e9finitive\u00a0\u00bb, envoyait-elle. Avant de surench\u00e9rir sous les rires : \u00ab\u00a0Y&rsquo;a dix ans, j&rsquo;\u00e9tais une star sur Instagram, aujourd&rsquo;hui, <a href=\"https:\/\/www.laprovence.com\/article\/france-monde\/541434966673614\/tiktok-le-business-juteux-des-fausses-infos-et-des-faits-divers-inventes\" target=\"_blank\" rel=\"noopener\">je suis une plouc sur TikTok<\/a>.\u00a0\u00bb Le verbe frontal, parfois tr\u00e8s fleuri, faisait mouche \u00e0 tous les coups.\u00a0<\/p>\n<p>Qu&rsquo;elle raconte une embrouille aux \u00c9tats-Unis avec Rihanna ou d\u00e9crive les p\u00e9rip\u00e9ties de la vie de couple, d\u00e9non\u00e7ant au passage la charge mentale des femmes qui aurait valu \u00e0 Emman&#8230;<\/p>\n","protected":false},"excerpt":{"rendered":"Ces derni\u00e8res ann\u00e9es, le public marseillais avait l&rsquo;habitude de la retrouver au Cepac Silo pour de soir\u00e9es de&hellip;\n","protected":false},"author":2,"featured_media":661645,"comment_status":"","ping_status":"","sticky":false,"template":"","format":"standard","meta":{"footnotes":""},"categories":[2814],"tags":[5734,1111,11,251,9479,1777,674,1011,27,76287,26910,57929,884,57928,12,882,25,76288],"class_list":{"0":"post-661644","1":"post","2":"type-post","3":"status-publish","4":"format-standard","5":"has-post-thumbnail","7":"category-marseille","8":"tag-5734","9":"tag-actu","10":"tag-actualites","11":"tag-culture","12":"tag-drole","13":"tag-eu","14":"tag-europe","15":"tag-fr","16":"tag-france","17":"tag-guerriere","18":"tag-lopera","19":"tag-madani","20":"tag-marseille","21":"tag-nawell","22":"tag-news","23":"tag-provence-alpes-cote-dazur","24":"tag-republique-francaise","25":"tag-touchante"},"share_on_mastodon":{"url":"https:\/\/pubeurope.com\/@fr\/115890302889835113","error":""},"_links":{"self":[{"href":"https:\/\/www.europesays.com\/fr\/wp-json\/wp\/v2\/posts\/661644","targetHints":{"allow":["GET"]}}],"collection":[{"href":"https:\/\/www.europesays.com\/fr\/wp-json\/wp\/v2\/posts"}],"about":[{"href":"https:\/\/www.europesays.com\/fr\/wp-json\/wp\/v2\/types\/post"}],"author":[{"embeddable":true,"href":"https:\/\/www.europesays.com\/fr\/wp-json\/wp\/v2\/users\/2"}],"replies":[{"embeddable":true,"href":"https:\/\/www.europesays.com\/fr\/wp-json\/wp\/v2\/comments?post=661644"}],"version-history":[{"count":0,"href":"https:\/\/www.europesays.com\/fr\/wp-json\/wp\/v2\/posts\/661644\/revisions"}],"wp:featuredmedia":[{"embeddable":true,"href":"https:\/\/www.europesays.com\/fr\/wp-json\/wp\/v2\/media\/661645"}],"wp:attachment":[{"href":"https:\/\/www.europesays.com\/fr\/wp-json\/wp\/v2\/media?parent=661644"}],"wp:term":[{"taxonomy":"category","embeddable":true,"href":"https:\/\/www.europesays.com\/fr\/wp-json\/wp\/v2\/categories?post=661644"},{"taxonomy":"post_tag","embeddable":true,"href":"https:\/\/www.europesays.com\/fr\/wp-json\/wp\/v2\/tags?post=661644"}],"curies":[{"name":"wp","href":"https:\/\/api.w.org\/{rel}","templated":true}]}}